{"id":25247,"date":"2025-09-11T12:34:31","date_gmt":"2025-09-11T15:34:31","guid":{"rendered":"https:\/\/www.sportchaco.com.ar\/?p=25247"},"modified":"2025-09-12T12:07:48","modified_gmt":"2025-09-12T15:07:48","slug":"cultural-y-hercules-inician-la-quinta-fecha","status":"publish","type":"post","link":"https:\/\/www.sportchaco.com.ar\/?p=25247","title":{"rendered":"Cultural y H\u00e9rcules inician la quinta fecha"},"content":{"rendered":"<p><strong>11-09-2025<\/strong><\/p>\n<p><img loading=\"lazy\" decoding=\"async\" class=\"aligncenter size-full wp-image-20491\" src=\"https:\/\/www.sportchaco.com.ar\/wp-content\/uploads\/2025\/06\/PARQUE-SOLAR_720x90-01.gif\" alt=\"\" width=\"720\" height=\"90\" \/><\/p>\n<p>El atractivo enfrentamiento de Cultural y H\u00e9rcules, dos de los l\u00edderes de la Zona \u201cA\u201d, pondr\u00e1 en juego este jueves la quinta fecha del Torneo Provincial de Mayores \u201cPre Federal 2025\u201d, que se completar\u00e1 el viernes con los cinco encuentros restantes en S\u00e1enz Pe\u00f1a, Las Bre\u00f1as, Barranqueras, Resistencia y Villa \u00c1ngela.<\/p>\n<p>Un cronograma de partidos bien repartido en la geograf\u00eda de nuestra provincia tendr\u00e1 la jornada que marcar\u00e1 el cierre de la ronda de ida del certamen que organiza la Federaci\u00f3n Chaque\u00f1a de B\u00e1squetbol, y que otorga cuatro plazas para la pr\u00f3xima edici\u00f3n de la Liga Federal.<\/p>\n<p>En este caso, Santa Sylvina ser\u00e1 escenario del duelo que protagonizar\u00e1n dos principales animadores del campeonato, que a su vez reeditar\u00e1n la reciente final del torneo de la Asociaci\u00f3n del Sudoeste que consagr\u00f3 a los charatenses tras un re\u00f1ido play-off.<\/p>\n<p>Ambos arriba a este compromiso con tres victorias y una derrota a cuestas. Los de la Perla del Oeste sufrieron su \u00fanica ca\u00edda en el arranque de la temporada ante Don Bosco (81-74), y los sylvinenses la jornada pasada en su visita a Regatas (72-71).<\/p>\n<p><strong>ZONA \u201cA\u201d<\/strong><br \/>\n<strong>Jueves 11-09<br \/>\n<\/strong>Cultural (SS) <strong>87<\/strong> &#8211; H\u00e9rcules (Ch) <strong>64<\/strong><br \/>\n<strong>Jueces:<\/strong> Gustavo Ch\u00e1vez y Juli\u00e1n Ch\u00e1vez<br \/>\n<strong>Comisionado t\u00e9cnico:<\/strong> Gonzalo Durand<\/p>\n<p><strong>Viernes 12-09<\/strong><br \/>\nA las 22, Acci\u00f3n (SP) &#8211; Regatas (R)<br \/>\n<strong>Jueces:<\/strong> Sebasti\u00e1n Vasallo y Carlos Galarza<br \/>\n<strong>Comisionada t\u00e9cnica:<\/strong> Daniela Vel\u00e1zquez<\/p>\n<p>A las 22, Social (LB) &#8211; Don Bosco (R)<br \/>\n<strong>Jueces:<\/strong> Fabricio Ranea y Ariel Gambelli<br \/>\n<strong>Comisionada t\u00e9cnica:<\/strong> Araceli Ag\u00fcero<\/p>\n<p><strong>ZONA \u201cB\u201d<\/strong><br \/>\n<strong>Viernes 12-09<\/strong><br \/>\nA las 21:30, Don Orione (B) &#8211; Alvear (VA)<br \/>\n<strong>Jueces:<\/strong> Diego Acu\u00f1a y F\u00e1tima Fern\u00e1ndez<br \/>\n<strong>Comisionada t\u00e9cnica:<\/strong> Daniela Kessler<\/p>\n<p>A las 21:30, Juventud VC (R) &#8211; Asoc. Espa\u00f1ola (Ch)<br \/>\n<strong>Jueces:<\/strong> Lucas T\u00e9vez y Juan Gonz\u00e1lez<br \/>\n<strong>Comisionada t\u00e9cnica:<\/strong> Carolina Ferrer<\/p>\n<p>A las 22, Progresista (VA) &#8211; Hind\u00fa (R)<br \/>\n<strong>Jueces:<\/strong> Gonzalo Castro y Nicol\u00e1s Zapata<br \/>\n<strong>Comisionado t\u00e9cnico:<\/strong> Alejandro Acosta<\/p>\n<p><strong>POSICIONES<\/strong><br \/>\n<strong>Zona A<\/strong><br \/>\nCultural 9<br \/>\nH\u00e9rcules 8<br \/>\nRegatas 7<br \/>\nDon Bosco 6<br \/>\nSocial 5<br \/>\nAcci\u00f3n 4<\/p>\n<p><strong>Zona B<\/strong><br \/>\nProgresista 8<br \/>\nAlvear 7<br \/>\nHind\u00fa 6<br \/>\nEspa\u00f1ola 6<br \/>\nDon Orione 5<br \/>\nJuventud VC 4<\/p>\n<p><em><strong>FUENTE: Prensa Federaci\u00f3n Chaque\u00f1a de B\u00e1squetbol<\/strong><\/em><\/p>\n<p><img loading=\"lazy\" decoding=\"async\" class=\"aligncenter size-large wp-image-16732\" src=\"https:\/\/www.sportchaco.com.ar\/wp-content\/uploads\/2025\/02\/gob-viviendas-819x1024.jpg\" alt=\"\" width=\"819\" height=\"1024\" srcset=\"https:\/\/www.sportchaco.com.ar\/wp-content\/uploads\/2025\/02\/gob-viviendas-819x1024.jpg 819w, https:\/\/www.sportchaco.com.ar\/wp-content\/uploads\/2025\/02\/gob-viviendas-240x300.jpg 240w, https:\/\/www.sportchaco.com.ar\/wp-content\/uploads\/2025\/02\/gob-viviendas-768x960.jpg 768w, https:\/\/www.sportchaco.com.ar\/wp-content\/uploads\/2025\/02\/gob-viviendas-1229x1536.jpg 1229w, https:\/\/www.sportchaco.com.ar\/wp-content\/uploads\/2025\/02\/gob-viviendas.jpg 1440w\" sizes=\"auto, (max-width: 819px) 100vw, 819px\" \/><\/p>\n","protected":false},"excerpt":{"rendered":"<p>11-09-2025 El atractivo enfrentamiento de Cultural y H\u00e9rcules, dos de los l\u00edderes de la Zona \u201cA\u201d, pondr\u00e1 en juego este jueves la quinta fecha del Torneo Provincial de Mayores \u201cPre Federal 2025\u201d, que se completar\u00e1 el viernes con los cinco encuentros restantes en S\u00e1enz Pe\u00f1a, Las Bre\u00f1as, Barranqueras, Resistencia y Villa \u00c1ngela. Un cronograma de &hellip;<\/p>\n","protected":false},"author":3,"featured_media":25248,"comment_status":"open","ping_status":"open","sticky":false,"template":"","format":"standard","meta":{"footnotes":""},"categories":[3],"tags":[],"class_list":["post-25247","post","type-post","status-publish","format-standard","has-post-thumbnail","hentry","category-basquetbol"],"_links":{"self":[{"href":"https:\/\/www.sportchaco.com.ar\/index.php?rest_route=\/wp\/v2\/posts\/25247","targetHints":{"allow":["GET"]}}],"collection":[{"href":"https:\/\/www.sportchaco.com.ar\/index.php?rest_route=\/wp\/v2\/posts"}],"about":[{"href":"https:\/\/www.sportchaco.com.ar\/index.php?rest_route=\/wp\/v2\/types\/post"}],"author":[{"embeddable":true,"href":"https:\/\/www.sportchaco.com.ar\/index.php?rest_route=\/wp\/v2\/users\/3"}],"replies":[{"embeddable":true,"href":"https:\/\/www.sportchaco.com.ar\/index.php?rest_route=%2Fwp%2Fv2%2Fcomments&post=25247"}],"version-history":[{"count":4,"href":"https:\/\/www.sportchaco.com.ar\/index.php?rest_route=\/wp\/v2\/posts\/25247\/revisions"}],"predecessor-version":[{"id":25302,"href":"https:\/\/www.sportchaco.com.ar\/index.php?rest_route=\/wp\/v2\/posts\/25247\/revisions\/25302"}],"wp:featuredmedia":[{"embeddable":true,"href":"https:\/\/www.sportchaco.com.ar\/index.php?rest_route=\/wp\/v2\/media\/25248"}],"wp:attachment":[{"href":"https:\/\/www.sportchaco.com.ar\/index.php?rest_route=%2Fwp%2Fv2%2Fmedia&parent=25247"}],"wp:term":[{"taxonomy":"category","embeddable":true,"href":"https:\/\/www.sportchaco.com.ar\/index.php?rest_route=%2Fwp%2Fv2%2Fcategories&post=25247"},{"taxonomy":"post_tag","embeddable":true,"href":"https:\/\/www.sportchaco.com.ar\/index.php?rest_route=%2Fwp%2Fv2%2Ftags&post=25247"}],"curies":[{"name":"wp","href":"https:\/\/api.w.org\/{rel}","templated":true}]}}