{"id":25264,"date":"2025-09-12T07:04:18","date_gmt":"2025-09-12T10:04:18","guid":{"rendered":"https:\/\/www.sportchaco.com.ar\/?p=25264"},"modified":"2025-09-12T07:04:18","modified_gmt":"2025-09-12T10:04:18","slug":"raul-mosqueda-buscara-la-reeleccion-en-la-liga","status":"publish","type":"post","link":"https:\/\/www.sportchaco.com.ar\/?p=25264","title":{"rendered":"Ra\u00fal Mosqueda buscar\u00e1 la reelecci\u00f3n en la Liga"},"content":{"rendered":"<p><strong>12-09-2025<\/strong><\/p>\n<p><img loading=\"lazy\" decoding=\"async\" class=\"aligncenter size-large wp-image-18691\" src=\"https:\/\/www.sportchaco.com.ar\/wp-content\/uploads\/2025\/04\/Banners-ruta-13_720x90-1-2-1024x128.gif\" alt=\"\" width=\"1024\" height=\"128\" srcset=\"https:\/\/www.sportchaco.com.ar\/wp-content\/uploads\/2025\/04\/Banners-ruta-13_720x90-1-2-1024x128.gif 1024w, https:\/\/www.sportchaco.com.ar\/wp-content\/uploads\/2025\/04\/Banners-ruta-13_720x90-1-2-300x37.gif 300w, https:\/\/www.sportchaco.com.ar\/wp-content\/uploads\/2025\/04\/Banners-ruta-13_720x90-1-2-768x96.gif 768w\" sizes=\"auto, (max-width: 1024px) 100vw, 1024px\" \/><\/p>\n<p>El presidente actual de la Liga Chaque\u00f1a de F\u00fatbol, Ra\u00fal Mosqueda, reconoci\u00f3 que buscar\u00e1 la reelecci\u00f3n como titular de la misma una vez que finalize su periodo de dos a\u00f1os al frente de la entidad.<\/p>\n<p>\u00abLlevo charlas con el Comit\u00e9 Ejecutivo y tengo el apoyo de ellos para buscar dos a\u00f1os m\u00e1s de mandato, mi equipo de trabajo conf\u00eda en m\u00ed y en lo que se viene trabajando\u00bb, reconoci\u00f3.<\/p>\n<p>Luego agreg\u00f3: \u00abEl primer a\u00f1o que tuvimos nos llev\u00f3 ordenar todo lo que hab\u00eda dejado la gesti\u00f3n anterior y, hasta, nos tuvimos que hacer cargo de unas deudas que no eran nuestras, pero si de la Liga. Todo lo que se viene realizando en el marco del Centenario lo hacemos con recursos propios y ahora necesitamos un tiempo m\u00e1s para constriur lo que hemos planificado como dirigencia\u00bb.<\/p>\n<p>Adem\u00e1s, Mosqueda reconoci\u00f3 que la idea de realizar la Asamblea del a\u00f1o que viene es hacerla a principio de a\u00f1o, antes que comience el campeonato. A diferencia de la del a\u00f1o pasado que, por diferentes motivos, tard\u00f3 varios meses en realizarse.<\/p>\n<p>\u00abLa idea para el 2026 es hacer un calendario de campeonato que nos permita preveer d\u00edas de lluvias, festivales y cualquier otra situaci\u00f3n que nos saque un fin de semana de f\u00fatbol\u00bb, declar\u00f3 para finalizar su postura.<\/p>\n<p><em><strong>Foto: Gentileza Marcelo Gauna<\/strong><\/em><\/p>\n<p><img loading=\"lazy\" decoding=\"async\" class=\"aligncenter size-large wp-image-16973\" src=\"https:\/\/www.sportchaco.com.ar\/wp-content\/uploads\/2025\/03\/gob-produccion-1-821x1024.jpg\" alt=\"\" width=\"821\" height=\"1024\" srcset=\"https:\/\/www.sportchaco.com.ar\/wp-content\/uploads\/2025\/03\/gob-produccion-1-821x1024.jpg 821w, https:\/\/www.sportchaco.com.ar\/wp-content\/uploads\/2025\/03\/gob-produccion-1-240x300.jpg 240w, https:\/\/www.sportchaco.com.ar\/wp-content\/uploads\/2025\/03\/gob-produccion-1-768x958.jpg 768w, https:\/\/www.sportchaco.com.ar\/wp-content\/uploads\/2025\/03\/gob-produccion-1-1231x1536.jpg 1231w, https:\/\/www.sportchaco.com.ar\/wp-content\/uploads\/2025\/03\/gob-produccion-1.jpg 1440w\" sizes=\"auto, (max-width: 821px) 100vw, 821px\" \/><\/p>\n","protected":false},"excerpt":{"rendered":"<p>12-09-2025 El presidente actual de la Liga Chaque\u00f1a de F\u00fatbol, Ra\u00fal Mosqueda, reconoci\u00f3 que buscar\u00e1 la reelecci\u00f3n como titular de la misma una vez que finalize su periodo de dos a\u00f1os al frente de la entidad. \u00abLlevo charlas con el Comit\u00e9 Ejecutivo y tengo el apoyo de ellos para buscar dos a\u00f1os m\u00e1s de mandato, &hellip;<\/p>\n","protected":false},"author":3,"featured_media":25265,"comment_status":"open","ping_status":"open","sticky":false,"template":"","format":"standard","meta":{"footnotes":""},"categories":[5],"tags":[],"class_list":["post-25264","post","type-post","status-publish","format-standard","has-post-thumbnail","hentry","category-futbol"],"_links":{"self":[{"href":"https:\/\/www.sportchaco.com.ar\/index.php?rest_route=\/wp\/v2\/posts\/25264","targetHints":{"allow":["GET"]}}],"collection":[{"href":"https:\/\/www.sportchaco.com.ar\/index.php?rest_route=\/wp\/v2\/posts"}],"about":[{"href":"https:\/\/www.sportchaco.com.ar\/index.php?rest_route=\/wp\/v2\/types\/post"}],"author":[{"embeddable":true,"href":"https:\/\/www.sportchaco.com.ar\/index.php?rest_route=\/wp\/v2\/users\/3"}],"replies":[{"embeddable":true,"href":"https:\/\/www.sportchaco.com.ar\/index.php?rest_route=%2Fwp%2Fv2%2Fcomments&post=25264"}],"version-history":[{"count":1,"href":"https:\/\/www.sportchaco.com.ar\/index.php?rest_route=\/wp\/v2\/posts\/25264\/revisions"}],"predecessor-version":[{"id":25266,"href":"https:\/\/www.sportchaco.com.ar\/index.php?rest_route=\/wp\/v2\/posts\/25264\/revisions\/25266"}],"wp:featuredmedia":[{"embeddable":true,"href":"https:\/\/www.sportchaco.com.ar\/index.php?rest_route=\/wp\/v2\/media\/25265"}],"wp:attachment":[{"href":"https:\/\/www.sportchaco.com.ar\/index.php?rest_route=%2Fwp%2Fv2%2Fmedia&parent=25264"}],"wp:term":[{"taxonomy":"category","embeddable":true,"href":"https:\/\/www.sportchaco.com.ar\/index.php?rest_route=%2Fwp%2Fv2%2Fcategories&post=25264"},{"taxonomy":"post_tag","embeddable":true,"href":"https:\/\/www.sportchaco.com.ar\/index.php?rest_route=%2Fwp%2Fv2%2Ftags&post=25264"}],"curies":[{"name":"wp","href":"https:\/\/api.w.org\/{rel}","templated":true}]}}