{"id":25267,"date":"2025-09-11T23:54:31","date_gmt":"2025-09-12T02:54:31","guid":{"rendered":"https:\/\/www.sportchaco.com.ar\/?p=25267"},"modified":"2025-09-12T10:23:56","modified_gmt":"2025-09-12T13:23:56","slug":"villa-sumo-al-venezsolano-elian-centeno","status":"publish","type":"post","link":"https:\/\/www.sportchaco.com.ar\/?p=25267","title":{"rendered":"Villa sum\u00f3 al venezolano Eli\u00e1n Centeno"},"content":{"rendered":"<p data-start=\"137\" data-end=\"161\"><strong>12-09-2025<\/strong><\/p>\n<p data-start=\"137\" data-end=\"161\"><img loading=\"lazy\" decoding=\"async\" class=\"aligncenter size-large wp-image-20253\" src=\"https:\/\/www.sportchaco.com.ar\/wp-content\/uploads\/2025\/06\/Campo-720x90-13-1024x128.gif\" alt=\"\" width=\"1024\" height=\"128\" srcset=\"https:\/\/www.sportchaco.com.ar\/wp-content\/uploads\/2025\/06\/Campo-720x90-13-1024x128.gif 1024w, https:\/\/www.sportchaco.com.ar\/wp-content\/uploads\/2025\/06\/Campo-720x90-13-300x38.gif 300w, https:\/\/www.sportchaco.com.ar\/wp-content\/uploads\/2025\/06\/Campo-720x90-13-768x96.gif 768w\" sizes=\"auto, (max-width: 1024px) 100vw, 1024px\" \/><\/p>\n<h5 data-start=\"137\" data-end=\"161\">De cara a la conformaci\u00f3n del nuevo equipo para la temporada 25\/26 de La Liga Argentina de B\u00e1squet, Villa San Mart\u00edn contin\u00faa muy activo en el mercado de contrataciones y en las \u00faltimas horas el elenco capitalino y \u00fanico representante chaque\u00f1o en esta categor\u00eda confirm\u00f3 la continuidad de Est\u00e9fano \u201cTato\u201d Simondi, el regreso del joven jugador y de \u201ccuna tricolor\u201d Emir P\u00e9rez Barrios, la fuerte apuesta en la zona pintada del brasilero R\u00f3mulo Gusmao, como as\u00ed tambi\u00e9n la llegada del joven base Santiago Rath.<\/h5>\n<p data-start=\"137\" data-end=\"161\"><strong>Perfil: Eli\u00e1n Centeno<\/strong><\/p>\n<p data-start=\"163\" data-end=\"512\"><strong data-start=\"163\" data-end=\"183\">Nombre completo:<\/strong> Eli\u00e1n Centeno<br data-start=\"197\" data-end=\"200\" \/><strong data-start=\"200\" data-end=\"224\">Fecha de nacimiento:<\/strong> 18 de julio de 2000\u00a0<br data-start=\"282\" data-end=\"285\" \/><strong data-start=\"285\" data-end=\"302\">Nacionalidad:<\/strong> Venezolana\u00a0<br data-start=\"351\" data-end=\"354\" \/><strong data-start=\"354\" data-end=\"365\">Altura:<\/strong> Aproximadamente 2,02 m (6 pies 7\u201d)\u00a0<br data-start=\"438\" data-end=\"441\" \/><strong data-start=\"441\" data-end=\"454\">Posici\u00f3n:<\/strong> Ala-p\u00edvot \/ P\u00edvot<\/p>\n<p data-start=\"519\" data-end=\"533\"><strong>Trayectoria<\/strong><\/p>\n<ul data-start=\"535\" data-end=\"1147\">\n<li data-start=\"535\" data-end=\"671\">\n<p data-start=\"537\" data-end=\"671\">Debut\u00f3 profesionalmente en <strong data-start=\"564\" data-end=\"593\">Spartans Distrito Capital<\/strong> en Venezuela, alrededor del a\u00f1o 2020.<\/p>\n<\/li>\n<li data-start=\"672\" data-end=\"824\">\n<p data-start=\"674\" data-end=\"824\">En la Superliga Profesional de Baloncesto de Venezuela (SPB) se destac\u00f3, especialmente con Pioneros del \u00c1vila.<\/p>\n<\/li>\n<li data-start=\"825\" data-end=\"962\">\n<p data-start=\"827\" data-end=\"962\">Fue galardonado como <strong data-start=\"848\" data-end=\"868\">Progreso del A\u00f1o<\/strong> en la SPB 2024 gracias a su rendimiento con Pioneros.<\/p>\n<\/li>\n<li data-start=\"963\" data-end=\"1147\">\n<p data-start=\"965\" data-end=\"1147\">Tuvo una experiencia internacional cuando jug\u00f3 en Argentina con <strong data-start=\"1029\" data-end=\"1051\">Ciclista Juninense<\/strong> (segunda divisi\u00f3n) donde dej\u00f3 buenas cifras de rebotes.<\/p>\n<\/li>\n<\/ul>\n<p data-start=\"1154\" data-end=\"1181\"><strong>Caracter\u00edsticas de juego<\/strong><\/p>\n<ul data-start=\"1183\" data-end=\"1620\">\n<li data-start=\"1183\" data-end=\"1297\">\n<p data-start=\"1185\" data-end=\"1297\">Buen reboteador: se destaca en esa faceta tanto ofensiva como defensiva.<\/p>\n<\/li>\n<li data-start=\"1298\" data-end=\"1485\">\n<p data-start=\"1300\" data-end=\"1485\">Se le reconoce un crecimiento notable en su juego f\u00edsico y en su manejo t\u00e1ctico gracias al trabajo de pretemporadas y entrenamientos espec\u00edficos.<\/p>\n<\/li>\n<li data-start=\"1486\" data-end=\"1620\">\n<p data-start=\"1488\" data-end=\"1620\">Su rol ha ido evolucionando: de ser suplente al principio a titular y figura en su equipo.<\/p>\n<\/li>\n<\/ul>\n<p data-start=\"1627\" data-end=\"1663\"><strong>Datos recientes \/ actualizaciones<\/strong><\/p>\n<ul data-start=\"1665\" data-end=\"2024\">\n<li data-start=\"1665\" data-end=\"1820\">\n<p data-start=\"1667\" data-end=\"1820\">En la SPB 2024 con Pioneros del \u00c1vila fue uno de los jugadores clave, tanto por su nivel como por su liderazgo.<\/p>\n<\/li>\n<li data-start=\"1821\" data-end=\"2024\">\n<p data-start=\"1823\" data-end=\"2024\">Tambi\u00e9n se comenta que podr\u00eda regresar a la Liga Argentina de basquet en su segunda divisi\u00f3n con un nuevo club, lo cual indicar\u00eda otro paso fuera de Venezuela.<\/p>\n<\/li>\n<\/ul>\n<header><strong>Renovaciones, regresos y apuestas en Villa San Mart\u00edn<br \/>\n<\/strong>Contin\u00faa Simondi, vuelve el joven Emir P\u00e9rez Barrios, llega el brasilero Gusmao y el base Santiago Rath. Con estas confirmaciones va tomando forma lo que promete ser un equipo muy interesante para la temporada. El \u201cTricolor\u201d es el \u00fanico representante chaque\u00f1o en la categor\u00eda.<\/header>\n<div class=\"col-md-8\">\n<p><img decoding=\"async\" class=\"img-responsive\" src=\"https:\/\/www.laliganacional.com.ar\/uploadsfotos\/romulo_j9.jpg\" alt=\"\" \/><\/p>\n<p><strong>Tomar revancha<br \/>\n<\/strong>Una de las renovaciones y nuevamente apuesta de Villa San Mart\u00edn es la de Est\u00e9fano Simondi, quien defender\u00e1 los colores del elenco capitalino por tercera temporada (23\/24, 24\/25 y ahora 25\/26). \u201cEstoy muy contento de continuar en el club, con las mejores expectativas de tomarse revancha y conformar un lindo grupo para dejar a Villa San Mart\u00edn en lo m\u00e1s alto\u201d, remarc\u00f3 el ala-pivote de 28 a\u00f1os y de 2,01 metros de altura.<\/p>\n<p><strong><img decoding=\"async\" src=\"https:\/\/laliganacional.com.ar\/uploadsfotos\/EMIR_P%C3%89REZ_BARRIOS.jpg\" alt=\"\" \/><\/strong><\/p>\n<p><strong>Vuelta a casa<\/strong><br \/>\nOtra de las fuertes apuestas de Villa San Mart\u00edn tiene que ver con un gran y joven jugador, de \u201ccuna tricolor\u201d y que regresa al club que lo vio nacer, Emir P\u00e9rez Barrios, afirmando que \u201clas expectativas y sensaciones son buenas en lo personal, hay un sentimiento especial porque Villa San Mart\u00edn es mi casa, el club que me vio crecer, que me ense\u00f1\u00f3 a querer este deporte y tener la posibilidad de defender otra vez esta camiseta es algo muy especial para mi\u201d, remarc\u00f3 el jugador de 20 a\u00f1os y 1,88m de altura. En 2021 fue a jugar a Obras cuando era U17 y se desempe\u00f1a en las posiciones de base\/escolta con experiencia en Liga Nacional y Liga de Desarrollo.<\/p>\n<p><strong>La ficha extranjera<br \/>\n<\/strong>Nuevamente Villa San Mart\u00edn vuelve a apostar por la ficha extranjera (no contrat\u00f3 la \u00faltima temporada) y en las \u00faltimas horas confirm\u00f3 la llegada del brasilero R\u00f3mulo Gusmao Costa, oriundo de la ciudad de Brasilia, de 29 a\u00f1os de edad, mide 2,08 metros y se desempe\u00f1a en la posici\u00f3n de pivote. \u201cLlego con muchas ganas de seguir mi evoluci\u00f3n como jugador y ayudar a Villa San Mart\u00edn con mucha entrega y buscando con el equipo en lo que sea posible para ganar los partidos\u201d, fueron las primeras palabras del jugador quien viene de defender los colores de Hispano Am\u00e9ricano en La Liga Argentina durante la \u00faltima temporada.<\/p>\n<p><strong>Progreso grupal e individual<br \/>\n<\/strong>Y finalmente, la llegada del base Santiago Rath tambi\u00e9n es una fuerte apuesta del \u201cTricolor\u201d de Resistencia. Tambi\u00e9n de 20 a\u00f1os de edad, mide 1,83 metros y viene de jugar en Hind\u00fa Club, aunque vale remarcar que ya cuenta con experiencia en Liga Nacional y Liga de Desarrollo con OTC con un paso elite en el b\u00e1squet nacional. \u201cMis expectativas van hacer llegar lo m\u00e1s lejos posible en los torneos que me toquen jugar y progresar individualmente como grupalmente\u201d, manifest\u00f3 Rath.<\/p>\n<p><img decoding=\"async\" src=\"https:\/\/laliganacional.com.ar\/uploadsfotos\/RATH.jpg\" alt=\"\" \/><\/p>\n<p><strong>Informe:<\/strong>\u00a0Prensa Villa San Mart\u00edn de Resistencia<\/p>\n<p><img loading=\"lazy\" decoding=\"async\" class=\"aligncenter size-full wp-image-20405\" src=\"https:\/\/www.sportchaco.com.ar\/wp-content\/uploads\/2025\/06\/BANNER-WEB-CHACO-JUEGA_300x250-1.gif\" alt=\"\" width=\"626\" height=\"522\" \/><\/p>\n<\/div>\n","protected":false},"excerpt":{"rendered":"<p>12-09-2025 De cara a la conformaci\u00f3n del nuevo equipo para la temporada 25\/26 de La Liga Argentina de B\u00e1squet, Villa San Mart\u00edn contin\u00faa muy activo en el mercado de contrataciones y en las \u00faltimas horas el elenco capitalino y \u00fanico representante chaque\u00f1o en esta categor\u00eda confirm\u00f3 la continuidad de Est\u00e9fano \u201cTato\u201d Simondi, el regreso del &hellip;<\/p>\n","protected":false},"author":2,"featured_media":25273,"comment_status":"open","ping_status":"open","sticky":false,"template":"","format":"standard","meta":{"footnotes":""},"categories":[3],"tags":[],"class_list":["post-25267","post","type-post","status-publish","format-standard","has-post-thumbnail","hentry","category-basquetbol"],"_links":{"self":[{"href":"https:\/\/www.sportchaco.com.ar\/index.php?rest_route=\/wp\/v2\/posts\/25267","targetHints":{"allow":["GET"]}}],"collection":[{"href":"https:\/\/www.sportchaco.com.ar\/index.php?rest_route=\/wp\/v2\/posts"}],"about":[{"href":"https:\/\/www.sportchaco.com.ar\/index.php?rest_route=\/wp\/v2\/types\/post"}],"author":[{"embeddable":true,"href":"https:\/\/www.sportchaco.com.ar\/index.php?rest_route=\/wp\/v2\/users\/2"}],"replies":[{"embeddable":true,"href":"https:\/\/www.sportchaco.com.ar\/index.php?rest_route=%2Fwp%2Fv2%2Fcomments&post=25267"}],"version-history":[{"count":6,"href":"https:\/\/www.sportchaco.com.ar\/index.php?rest_route=\/wp\/v2\/posts\/25267\/revisions"}],"predecessor-version":[{"id":25284,"href":"https:\/\/www.sportchaco.com.ar\/index.php?rest_route=\/wp\/v2\/posts\/25267\/revisions\/25284"}],"wp:featuredmedia":[{"embeddable":true,"href":"https:\/\/www.sportchaco.com.ar\/index.php?rest_route=\/wp\/v2\/media\/25273"}],"wp:attachment":[{"href":"https:\/\/www.sportchaco.com.ar\/index.php?rest_route=%2Fwp%2Fv2%2Fmedia&parent=25267"}],"wp:term":[{"taxonomy":"category","embeddable":true,"href":"https:\/\/www.sportchaco.com.ar\/index.php?rest_route=%2Fwp%2Fv2%2Fcategories&post=25267"},{"taxonomy":"post_tag","embeddable":true,"href":"https:\/\/www.sportchaco.com.ar\/index.php?rest_route=%2Fwp%2Fv2%2Ftags&post=25267"}],"curies":[{"name":"wp","href":"https:\/\/api.w.org\/{rel}","templated":true}]}}