{"id":25285,"date":"2025-09-12T23:03:35","date_gmt":"2025-09-13T02:03:35","guid":{"rendered":"https:\/\/www.sportchaco.com.ar\/?p=25285"},"modified":"2025-09-12T23:04:37","modified_gmt":"2025-09-13T02:04:37","slug":"25285","status":"publish","type":"post","link":"https:\/\/www.sportchaco.com.ar\/?p=25285","title":{"rendered":"Marcelino Gauto, una historia en el Ciclismo"},"content":{"rendered":"<p>&nbsp;<\/p>\n<p>&nbsp;<\/p>\n<p>&nbsp;<\/p>\n<p><strong>Marcelino Gauto apareci\u00f3 durante mucho tiempo en los titulares de los diarios por sus participaciones en el ciclismo, y form\u00f3 el famoso equipo de Regatas que entre otras disput\u00f3 tres vueltas del Chaco. Marcelino, incluso gan\u00f3 una de las etapas que finalizaba en Resistencia.<\/strong><\/p>\n<p>&nbsp;<\/p>\n<p><strong>ESA PASI\u00d3N, EL CICLISMO<\/strong><\/p>\n<p>Oriundo de Machagai, naci\u00f3 un 3 de septiembre de 1941, arranc\u00f3 con el ciclismo de grande, con 20 a\u00f1os, \u201ca trav\u00e9s de Faustino C\u00e1mera, un bicicletero de esa localidad, el me llevaba a entrenar. A m\u00ed me gustaba el f\u00fatbol pero sal\u00ed ciclista\u201d.<\/p>\n<p>Con respecto a los entrenamientos nos contaba: \u201cLo hac\u00edamos en ruta, de Machagai a La Escondida. Yo ten\u00eda de sponsor a C\u00e1mera, el andaba de novio con una chica de \u201cLa Lola\u201d, as\u00ed que nos \u00edbamos los domingos por camino de tierra y nos serv\u00eda de entrenamiento tambi\u00e9n\u201d.<\/p>\n<p>Con respecto a sus participaciones, con toda humildad dec\u00eda: \u201cNo quiero mentir, pero de entrada anduve bien. En esa \u00e9poca arranqu\u00e9 corriendo en tercera, mi auspiciante C\u00e1mera si era de primera.<\/p>\n<p>En Quitilipi en pista, en S\u00e1enz Pe\u00f1a alrededor de la plaza, y tambi\u00e9n en otros escenarios\u201d Luego lleg\u00f3 la etapa del traslado a Resistencia, donde ingres\u00f3 a trabajar a Entel (hoy Personal).<\/p>\n<p>Sobre la bicicleta con la que corr\u00eda: \u201cAll\u00e1 compet\u00ed con una com\u00fan, cuando llegu\u00e9 ac\u00e1 lo hice con una Hispano France y una pistero nmarca Cristope, que eran buenas m\u00e1quinas\u201d.<\/p>\n<p>Buceando en sus recuerdos aparece la participaci\u00f3n en varios equipos con grandes corredores como Ferm\u00edn Hidalgo, Chola Mart\u00ednez, Faustino Dellamea, M\u00e1ximo Torres, Pedro Vel\u00e1zquez, Jos\u00e9 Sol\u00eds. Todos corr\u00edamos para Regatas Resistencia<\/p>\n<p><strong>VUELTAS DEL CHACO<\/strong><\/p>\n<p>\u00abCorr\u00ed en tres ocasiones, recuerdo que gane una de las llegadas a Resistencia, obteniendo la \u00faltima etapa. Corr\u00ed hasta los 40 a\u00f1os en forma activa, gan\u00e9 muchas carreras tambi\u00e9n como veterano en el Paseo Mitre en Corrientes\u00bb.<\/p>\n<p><img loading=\"lazy\" decoding=\"async\" class=\"alignnone wp-image-25237\" src=\"https:\/\/www.sportchaco.com.ar\/wp-content\/uploads\/2025\/09\/Luis-carita-1-287x300.jpg\" alt=\"\" width=\"47\" height=\"49\" srcset=\"https:\/\/www.sportchaco.com.ar\/wp-content\/uploads\/2025\/09\/Luis-carita-1-287x300.jpg 287w, https:\/\/www.sportchaco.com.ar\/wp-content\/uploads\/2025\/09\/Luis-carita-1.jpg 430w\" sizes=\"auto, (max-width: 47px) 100vw, 47px\" \/>LUIS DARIO MOLODEZKY<\/p>\n<p>&nbsp;<\/p>\n<p><img decoding=\"async\" src=\"https:\/\/scontent.fcnq2-2.fna.fbcdn.net\/v\/t39.30808-6\/546055999_122096252781022572_7834745704901202124_n.jpg?_nc_cat=111&amp;ccb=1-7&amp;_nc_sid=127cfc&amp;_nc_ohc=1FuC8i16wDAQ7kNvwF9AofU&amp;_nc_oc=Adl6i_M6C-vkGXmHjavqBCgGQMEp_74lxKpO2IXAEwC_AMILOM96DSr4qHwNClT5Iwg&amp;_nc_zt=23&amp;_nc_ht=scontent.fcnq2-2.fna&amp;_nc_gid=L4BN5PJBKw7v7oAhDIsB5A&amp;oh=00_AfZTLDLP5tAc4Ivwm5ls-ePdc2-z1GheMRjYwsI71AAesw&amp;oe=68C9FD4C\" alt=\"Puede ser una imagen de 13 personas y bicicleta\" \/><\/p>\n<p><strong>Una llegada triunfal de Marcelino Gauto, de las muchas carreras que gan\u00f3 el ciclista oriundo de Machagai.<\/strong><\/p>\n<p><img decoding=\"async\" src=\"https:\/\/scontent.fcnq2-2.fna.fbcdn.net\/v\/t39.30808-6\/544986992_122096252829022572_8148415229485729254_n.jpg?_nc_cat=103&amp;ccb=1-7&amp;_nc_sid=127cfc&amp;_nc_ohc=Af3X6UIx-ZAQ7kNvwEHZYqJ&amp;_nc_oc=AdkV1Z5Ve1o7uG8n_nhQ-COpRoHSd6j1Zr6xB_J8cJcmw9lHG0WtxqMX5SISyaTHGII&amp;_nc_zt=23&amp;_nc_ht=scontent.fcnq2-2.fna&amp;_nc_gid=fsd63dnyppDRwfX8dF0Khw&amp;oh=00_Afano72JVZQSj4ZQIKIpGxDN_3hbncUTWdJZq1yMrT0hFQ&amp;oe=68C9D83E\" alt=\"Puede ser una imagen de 2 personas y moto\" \/><\/p>\n<p><strong>Marcelino Gauto frente a su casa, y atr\u00e1s un ni\u00f1o atrapado por la pasi\u00f3n de una peque\u00f1a bicicleta. Foto Marcelo C\u00e1ceres<\/strong><\/p>\n","protected":false},"excerpt":{"rendered":"<p>&nbsp; &nbsp; &nbsp; Marcelino Gauto apareci\u00f3 durante mucho tiempo en los titulares de los diarios por sus participaciones en el ciclismo, y form\u00f3 el famoso equipo de Regatas que entre otras disput\u00f3 tres vueltas del Chaco. Marcelino, incluso gan\u00f3 una de las etapas que finalizaba en Resistencia. &nbsp; ESA PASI\u00d3N, EL CICLISMO Oriundo de Machagai, &hellip;<\/p>\n","protected":false},"author":2,"featured_media":25286,"comment_status":"open","ping_status":"open","sticky":false,"template":"","format":"standard","meta":{"footnotes":""},"categories":[1],"tags":[],"class_list":["post-25285","post","type-post","status-publish","format-standard","has-post-thumbnail","hentry","category-fotos-del-recuerdo"],"_links":{"self":[{"href":"https:\/\/www.sportchaco.com.ar\/index.php?rest_route=\/wp\/v2\/posts\/25285","targetHints":{"allow":["GET"]}}],"collection":[{"href":"https:\/\/www.sportchaco.com.ar\/index.php?rest_route=\/wp\/v2\/posts"}],"about":[{"href":"https:\/\/www.sportchaco.com.ar\/index.php?rest_route=\/wp\/v2\/types\/post"}],"author":[{"embeddable":true,"href":"https:\/\/www.sportchaco.com.ar\/index.php?rest_route=\/wp\/v2\/users\/2"}],"replies":[{"embeddable":true,"href":"https:\/\/www.sportchaco.com.ar\/index.php?rest_route=%2Fwp%2Fv2%2Fcomments&post=25285"}],"version-history":[{"count":5,"href":"https:\/\/www.sportchaco.com.ar\/index.php?rest_route=\/wp\/v2\/posts\/25285\/revisions"}],"predecessor-version":[{"id":25335,"href":"https:\/\/www.sportchaco.com.ar\/index.php?rest_route=\/wp\/v2\/posts\/25285\/revisions\/25335"}],"wp:featuredmedia":[{"embeddable":true,"href":"https:\/\/www.sportchaco.com.ar\/index.php?rest_route=\/wp\/v2\/media\/25286"}],"wp:attachment":[{"href":"https:\/\/www.sportchaco.com.ar\/index.php?rest_route=%2Fwp%2Fv2%2Fmedia&parent=25285"}],"wp:term":[{"taxonomy":"category","embeddable":true,"href":"https:\/\/www.sportchaco.com.ar\/index.php?rest_route=%2Fwp%2Fv2%2Fcategories&post=25285"},{"taxonomy":"post_tag","embeddable":true,"href":"https:\/\/www.sportchaco.com.ar\/index.php?rest_route=%2Fwp%2Fv2%2Ftags&post=25285"}],"curies":[{"name":"wp","href":"https:\/\/api.w.org\/{rel}","templated":true}]}}