{"id":25292,"date":"2025-09-13T22:19:02","date_gmt":"2025-09-14T01:19:02","guid":{"rendered":"https:\/\/www.sportchaco.com.ar\/?p=25292"},"modified":"2025-09-13T22:23:09","modified_gmt":"2025-09-14T01:23:09","slug":"mario-raul-peredo-la-raqueta-que-marco-una-era-en-el-chaco","status":"publish","type":"post","link":"https:\/\/www.sportchaco.com.ar\/?p=25292","title":{"rendered":"Mario Ra\u00fal Peredo: La raqueta que marc\u00f3 una era en el Chaco"},"content":{"rendered":"<p>13<\/p>\n<p>&nbsp;<\/p>\n<h5><strong>Mario Peredo fue el \u2018eterno campe\u00f3n\u2019 del tenis chaque\u00f1o, un \u00eddolo que domin\u00f3 las canchas de Regatas durante 25 a\u00f1os con su talento innato, caballerosidad y pasi\u00f3n inquebrantable.<\/strong><\/h5>\n<p>Mario Ra\u00fal Peredo, nacido en esta ciudad el 30 de enero de 1929, fue mucho m\u00e1s que un tenista; fue el rostro del deporte en la provincia durante m\u00e1s de dos d\u00e9cadas. Un talento natural, un estratega intuitivo y un caballero de la raqueta que se convirti\u00f3 en una leyenda viva del Club de Regatas Resistencia, su casa deportiva.<\/p>\n<p>La historia de su leyenda comenz\u00f3 con una raqueta que le obsequi\u00f3 el Dr. Benito Palamedi, presidente de Regatas. En un tiempo en que los profesores eran escasos, Peredo desarroll\u00f3 su juego a puro ojo y observaci\u00f3n, imitando los movimientos de los jugadores mayores. Aprendi\u00f3 el saque, la volea y el rev\u00e9s con una elegancia que lo hac\u00eda parecer \u201cun bailar\u00edn de ballet\u201d, como lo describe la cr\u00f3nica, siendo la raqueta una extensi\u00f3n de su brazo.<\/p>\n<p>Su dominio fue total. Durante 25 a\u00f1os, se mantuvo invicto, ostentando el primer puesto del ranking provincial. Su figura era tan imponente que Edison Omar Rodr\u00edguez, en una nota del diario NORTE, titul\u00f3: \u201cQue pase el que sigue\u201d, reflejando la frustraci\u00f3n de un periodista que se cans\u00f3 de escribir cr\u00f3nicas que siempre terminaban con el mismo campe\u00f3n. La cantidad de trofeos y galardones que acumul\u00f3 fue tan grande que no hab\u00eda espacio en su casa para albergarlos.<\/p>\n<p>En aquellos tiempos, el tenis era un deporte de \u00e9lite y los partidos eran un espect\u00e1culo de elegancia y caballerosidad. Peredo, junto a su ic\u00f3nica compa\u00f1era de dobles mixtos, Olga \u00abla Negra\u00bb Pisarello, y otros jugadores como H\u00e9ctor Cedr\u00e1n y Armando Troncozo, form\u00f3 una dupla imbatible que le dio al Club de Regatas prestigio y gloria.<\/p>\n<p>Fuera de la cancha, Don Mario tambi\u00e9n tuvo una destacada trayectoria profesional, jubil\u00e1ndose como director de Tr\u00e1nsito y de Personal de la Municipalidad de Resistencia. Sin embargo, su verdadera pasi\u00f3n lo mantuvo ligado al deporte hasta los 73 a\u00f1os, cuando un accidente cerebro-vascular le impidi\u00f3 seguir jugando. Aunque esta vez no pudo decir \u00abque pase el que sigue\u00bb, su legado como el eterno campe\u00f3n del tenis chaque\u00f1o perdura en el recuerdo de todos.<\/p>\n<p><img decoding=\"async\" src=\"https:\/\/scontent.fcnq2-2.fna.fbcdn.net\/v\/t39.30808-6\/547397058_122096267169022572_5859467654665948165_n.jpg?stp=dst-jpg_p526x296_tt6&amp;_nc_cat=111&amp;ccb=1-7&amp;_nc_sid=127cfc&amp;_nc_ohc=8gnXFMvhGvUQ7kNvwHVBJDZ&amp;_nc_oc=AdmgbTVE-cJivY4vdHcHjrfy9MNMkUTvLfbh372tEAcUaXo4P0NlgioHoskEv43XeMw&amp;_nc_zt=23&amp;_nc_ht=scontent.fcnq2-2.fna&amp;_nc_gid=ZeG0s4AvbmYhjWwkeO4VFw&amp;oh=00_AfaQH5qgnoZr4-EnnlZLoFDPqHcLGSftIFMLtPXp5Bm2qA&amp;oe=68C9EE23\" alt=\"Puede ser una imagen de 2 personas y personas jugando al tenis\" \/><\/p>\n<p><strong>Mario Peredo junto a Olga Pissarello, una dupla inbativle en doble mixto.<\/strong><\/p>\n","protected":false},"excerpt":{"rendered":"<p>13 &nbsp; Mario Peredo fue el \u2018eterno campe\u00f3n\u2019 del tenis chaque\u00f1o, un \u00eddolo que domin\u00f3 las canchas de Regatas durante 25 a\u00f1os con su talento innato, caballerosidad y pasi\u00f3n inquebrantable. Mario Ra\u00fal Peredo, nacido en esta ciudad el 30 de enero de 1929, fue mucho m\u00e1s que un tenista; fue el rostro del deporte en &hellip;<\/p>\n","protected":false},"author":2,"featured_media":25295,"comment_status":"open","ping_status":"open","sticky":false,"template":"","format":"standard","meta":{"footnotes":""},"categories":[1],"tags":[],"class_list":["post-25292","post","type-post","status-publish","format-standard","has-post-thumbnail","hentry","category-fotos-del-recuerdo"],"_links":{"self":[{"href":"https:\/\/www.sportchaco.com.ar\/index.php?rest_route=\/wp\/v2\/posts\/25292","targetHints":{"allow":["GET"]}}],"collection":[{"href":"https:\/\/www.sportchaco.com.ar\/index.php?rest_route=\/wp\/v2\/posts"}],"about":[{"href":"https:\/\/www.sportchaco.com.ar\/index.php?rest_route=\/wp\/v2\/types\/post"}],"author":[{"embeddable":true,"href":"https:\/\/www.sportchaco.com.ar\/index.php?rest_route=\/wp\/v2\/users\/2"}],"replies":[{"embeddable":true,"href":"https:\/\/www.sportchaco.com.ar\/index.php?rest_route=%2Fwp%2Fv2%2Fcomments&post=25292"}],"version-history":[{"count":3,"href":"https:\/\/www.sportchaco.com.ar\/index.php?rest_route=\/wp\/v2\/posts\/25292\/revisions"}],"predecessor-version":[{"id":25392,"href":"https:\/\/www.sportchaco.com.ar\/index.php?rest_route=\/wp\/v2\/posts\/25292\/revisions\/25392"}],"wp:featuredmedia":[{"embeddable":true,"href":"https:\/\/www.sportchaco.com.ar\/index.php?rest_route=\/wp\/v2\/media\/25295"}],"wp:attachment":[{"href":"https:\/\/www.sportchaco.com.ar\/index.php?rest_route=%2Fwp%2Fv2%2Fmedia&parent=25292"}],"wp:term":[{"taxonomy":"category","embeddable":true,"href":"https:\/\/www.sportchaco.com.ar\/index.php?rest_route=%2Fwp%2Fv2%2Fcategories&post=25292"},{"taxonomy":"post_tag","embeddable":true,"href":"https:\/\/www.sportchaco.com.ar\/index.php?rest_route=%2Fwp%2Fv2%2Ftags&post=25292"}],"curies":[{"name":"wp","href":"https:\/\/api.w.org\/{rel}","templated":true}]}}