{"id":25298,"date":"2025-09-12T22:59:05","date_gmt":"2025-09-13T01:59:05","guid":{"rendered":"https:\/\/www.sportchaco.com.ar\/?p=25298"},"modified":"2025-09-12T23:02:47","modified_gmt":"2025-09-13T02:02:47","slug":"efemerides-del-13-de-septiembre","status":"publish","type":"post","link":"https:\/\/www.sportchaco.com.ar\/?p=25298","title":{"rendered":"Efem\u00e9rides del 13 de septiembre"},"content":{"rendered":"<div class=\"container fullwidth-entry-title-wrapper\">\n<div class=\"container-wrapper fullwidth-entry-title\">\n<header class=\"entry-header-outer\">\n<div class=\"entry-header\">\n<div class=\"single-post-meta post-meta clearfix\">\n<div class=\"tie-alignright\"><\/div>\n<\/div>\n<\/div>\n<\/header>\n<\/div>\n<\/div>\n<div id=\"content\" class=\"site-content container\">\n<div id=\"main-content-row\" class=\"tie-row main-content-row\">\n<div class=\"main-content tie-col-md-8 tie-col-xs-12\" role=\"main\">\n<article id=\"the-post\" class=\"container-wrapper post-content tie-standard\">\n<div class=\"featured-area\">\n<div class=\"featured-area-inner\">\n<h5 class=\"single-featured-image\"><\/h5>\n<\/div>\n<\/div>\n<div class=\"entry-content entry clearfix\">\n<h5><strong>Esta es la Efem\u00e9rides del Deporte en el Chaco de un 13 de septiembre del periodista Luis Dar\u00edo Molodezky.<\/strong><\/h5>\n<p style=\"text-align: center;\"><img loading=\"lazy\" decoding=\"async\" class=\"alignnone size-medium wp-image-25237\" src=\"https:\/\/www.sportchaco.com.ar\/wp-content\/uploads\/2025\/09\/Luis-carita-1-287x300.jpg\" alt=\"\" width=\"287\" height=\"300\" srcset=\"https:\/\/www.sportchaco.com.ar\/wp-content\/uploads\/2025\/09\/Luis-carita-1-287x300.jpg 287w, https:\/\/www.sportchaco.com.ar\/wp-content\/uploads\/2025\/09\/Luis-carita-1.jpg 430w\" sizes=\"auto, (max-width: 287px) 100vw, 287px\" \/><\/p>\n<p>&nbsp;<\/p>\n<p><strong>1921 \/\u00a0<\/strong>Nace la \u201cprimera\u201d Liga Chaque\u00f1a de Foot-Ball. En los salones del Club Social, sobre la calle Santa M. de Oro, se re\u00fanen los delegados en Asamblea y queda constituida la Liga Chaque\u00f1a de Foot-Ball. Concurren: por representantes de For Ever, Sarmiento Resistencia Central, Empleados Nacionales, La Liguria y Quebrachales Fusionados,. Queda constituida la primera Comisi\u00f3n Directiva y preside la misma Benigno Montes de Oca; mientras que en la vicepresidencia lo acompa\u00f1a Francisco L. Pereno. Esta ser\u00eda considerada la primera fundaci\u00f3n del ente mayor del f\u00fatbol capitalino. Sin embargo, la instituci\u00f3n pr\u00e1cticamente se desintegra en el mes de diciembre por la renuncia de varios clubes; no obstante, siguen actuando en su seno Sarmiento y For Ever.<\/p>\n<p><strong>1973\u00a0<\/strong>\/ Debuta en el profesionalismo Domingo Cacho D\u2019El\u00eda, quien luego lleg\u00f3 a campe\u00f3n argentino y sudamericano de los pesados. Derrot\u00f3 por KO en 7 asaltos a Ram\u00f3n La Rosa, pelea realizada en la cancha de Sarmiento (Per\u00f3n y Calle 7). Ten\u00eda 21 a\u00f1os (2-6-52). Como profesional gan\u00f3 25 combates (12 KO), perdi\u00f3 5 (3 KO) y empat\u00f3 3.<\/p>\n<p><strong>1984\u00a0<\/strong>\/ El presidente de la Liga Chaque\u00f1a de F\u00fatbol H\u00e9ctor David Toledo, eleva una propuesta a la Legislatura del Chaco, para eximir de cualquier tipo de impuestos a los clubes chaque\u00f1os y condonar deudas anteriores con el fisco.<\/p>\n<p><strong>1992\u00a0<\/strong>\/ Hecho ins\u00f3lito en una cancha de f\u00fatbol. Al minuto de juego del partido que disputaban por el torneo oficial Regional y Estudiantes, los presentes vieron aproximarse al campo de juego cuatro paracaidistas. Uno de los jugadores, Jorge Maldonado, se\u00f1alando con el \u00edndice al cielo, tom\u00f3 la pelota con la otra mano dentro del \u00e1rea. El \u00e1rbitro Daniel Gim\u00e9nez no dud\u00f3 y marc\u00f3 la pena m\u00e1xima. Los jugadores de Estudiantes le rogaban a Ram\u00f3n Acu\u00f1a que la pateara afuera, pero se defin\u00eda el campeonato y la puso en el \u00e1ngulo. El partido termin\u00f3 dos a dos y \u201cEl Expreso\u201d se consagr\u00f3 campe\u00f3n.<\/p>\n<p><strong>2008\u00a0<\/strong>\/ Intento fallido de Javier \u00c1lvarez por lograr el t\u00edtulo mundial FIB, al perder por KO 3 en Kempton Park (Sud\u00e1frica), frente al local Baloyi Cassius. El chaque\u00f1o pes\u00f3 58,600 kg.<\/p>\n<p><strong>2009\u00a0<\/strong>\/ Rodrigo Zorrilla (foto derecha), atleta de Tres Isletas, clasifica segundo en 3000 metros con obst\u00e1culos con un tiempo de 9\u00b449,24\u201d, mejorando su r\u00e9cord provincial juvenil en esa prueba, durante la Copa Nacional de Clubes Juveniles Sub 20, que se disputa en la pista del Cenard.<\/p>\n<\/div>\n<h3>Argentina<\/h3>\n<p>&nbsp;<\/p>\n<ul>\n<li><b>2009:<\/b> El tenista argentino <b>Juan Mart\u00edn del Potro<\/b> gan\u00f3 el Abierto de Estados Unidos (US Open) al derrotar al suizo Roger Federer, consiguiendo as\u00ed el \u00fanico t\u00edtulo de Grand Slam de su carrera.<\/li>\n<li><b>1997:<\/b> El club <b>Argentinos Juniors<\/b> inaugur\u00f3 su estadio Diego Armando Maradona, ubicado en el barrio de La Paternal, con un partido amistoso contra Uruguay.<\/li>\n<li><b>1987:<\/b> El piloto argentino <b>Oscar Avent\u00edn<\/b> gan\u00f3 su primer t\u00edtulo en el Turismo Carretera a bordo de su Ford Falcon en el aut\u00f3dromo de Buenos Aires.<\/li>\n<\/ul>\n<hr \/>\n<p>&nbsp;<\/p>\n<h3>Mundo<\/h3>\n<p>&nbsp;<\/p>\n<ul>\n<li><b>1993:<\/b> El equipo de baloncesto de Estados Unidos, conocido como el \u00abDream Team II\u00bb, se consagr\u00f3 campe\u00f3n del <b>Mundial de Baloncesto<\/b> en Toronto, Canad\u00e1, al derrotar a Rusia en la final.<\/li>\n<li><b>1985:<\/b> El boxeador estadounidense <b>Marvin Hagler<\/b> defendi\u00f3 con \u00e9xito su t\u00edtulo de peso mediano al noquear a John \u00abThe Beast\u00bb Mugabi en el octavo asalto.<\/li>\n<li><b>1974:<\/b> El club de f\u00fatbol <b>Cruzeiro de Brasil<\/b> se coron\u00f3 campe\u00f3n de la Copa Libertadores al vencer en la final a Nacional de Uruguay.<\/li>\n<\/ul>\n<\/article>\n<\/div>\n<\/div>\n<\/div>\n","protected":false},"excerpt":{"rendered":"<p>Esta es la Efem\u00e9rides del Deporte en el Chaco de un 13 de septiembre del periodista Luis Dar\u00edo Molodezky. &nbsp; 1921 \/\u00a0Nace la \u201cprimera\u201d Liga Chaque\u00f1a de Foot-Ball. En los salones del Club Social, sobre la calle Santa M. de Oro, se re\u00fanen los delegados en Asamblea y queda constituida la Liga Chaque\u00f1a de Foot-Ball. &hellip;<\/p>\n","protected":false},"author":2,"featured_media":25331,"comment_status":"open","ping_status":"open","sticky":false,"template":"","format":"standard","meta":{"footnotes":""},"categories":[45,39],"tags":[],"class_list":["post-25298","post","type-post","status-publish","format-standard","has-post-thumbnail","hentry","category-efemerides-dia-por-dia","category-septiembre"],"_links":{"self":[{"href":"https:\/\/www.sportchaco.com.ar\/index.php?rest_route=\/wp\/v2\/posts\/25298","targetHints":{"allow":["GET"]}}],"collection":[{"href":"https:\/\/www.sportchaco.com.ar\/index.php?rest_route=\/wp\/v2\/posts"}],"about":[{"href":"https:\/\/www.sportchaco.com.ar\/index.php?rest_route=\/wp\/v2\/types\/post"}],"author":[{"embeddable":true,"href":"https:\/\/www.sportchaco.com.ar\/index.php?rest_route=\/wp\/v2\/users\/2"}],"replies":[{"embeddable":true,"href":"https:\/\/www.sportchaco.com.ar\/index.php?rest_route=%2Fwp%2Fv2%2Fcomments&post=25298"}],"version-history":[{"count":4,"href":"https:\/\/www.sportchaco.com.ar\/index.php?rest_route=\/wp\/v2\/posts\/25298\/revisions"}],"predecessor-version":[{"id":25334,"href":"https:\/\/www.sportchaco.com.ar\/index.php?rest_route=\/wp\/v2\/posts\/25298\/revisions\/25334"}],"wp:featuredmedia":[{"embeddable":true,"href":"https:\/\/www.sportchaco.com.ar\/index.php?rest_route=\/wp\/v2\/media\/25331"}],"wp:attachment":[{"href":"https:\/\/www.sportchaco.com.ar\/index.php?rest_route=%2Fwp%2Fv2%2Fmedia&parent=25298"}],"wp:term":[{"taxonomy":"category","embeddable":true,"href":"https:\/\/www.sportchaco.com.ar\/index.php?rest_route=%2Fwp%2Fv2%2Fcategories&post=25298"},{"taxonomy":"post_tag","embeddable":true,"href":"https:\/\/www.sportchaco.com.ar\/index.php?rest_route=%2Fwp%2Fv2%2Ftags&post=25298"}],"curies":[{"name":"wp","href":"https:\/\/api.w.org\/{rel}","templated":true}]}}