{"id":25303,"date":"2025-09-12T12:40:45","date_gmt":"2025-09-12T15:40:45","guid":{"rendered":"https:\/\/www.sportchaco.com.ar\/?p=25303"},"modified":"2025-09-12T18:30:42","modified_gmt":"2025-09-12T21:30:42","slug":"tenis-argentina-logro-su-primer-punto-en-la-serie-frente-a-paises-bajos","status":"publish","type":"post","link":"https:\/\/www.sportchaco.com.ar\/?p=25303","title":{"rendered":"\u00bbCer\u00fandolo gan\u00f3 el segundo partido y Argentina qued\u00f3 a una victoria de lograr la clasificaci\u00f3n en la Copa Davis"},"content":{"rendered":"<p>&nbsp;<\/p>\n<div class=\"row\">\n<div class=\"col-12 col-lg-9 border-right\">\n<header class=\"news-headline\">\n<div class=\"content-article-title\">\n<div class=\"wrapper-layout center-content center_story max-width\">\n<div class=\"col-content\">\n<h1 class=\"article__title font__display\">Cer\u00fandolo gan\u00f3 el segundo partido y Argentina qued\u00f3 a una victoria de lograr la clasificaci\u00f3n en la Copa Davis<\/h1>\n<\/div>\n<\/div>\n<\/div>\n<div class=\"common-layout wrapper-layout center-content center_story max-width story article\">\n<div class=\"col-content\"><main class=\"col-content\"><\/p>\n<div class=\"article__header article__story article__article\">\n<div class=\"article__head\">\n<div class=\"article__headline-byline-container\">\n<div id=\"StaticHeadlines\">\n<div data-testid=\"headlines\">\n<h5 class=\"article__dropline font__body\">El equipo de Javier Frana se impuso en los dos primeros singles. En el primer turno, Tom\u00e1s Etcheverry le gan\u00f3 a Jesper De Jong por un doble 6-4 y luego Francisco Cer\u00fandolo venci\u00f3 a Botic Van de Zandschulp 7-6 y 6-1.<\/h5>\n<\/div>\n<\/div>\n<div class=\"article__byline\" data-testid=\"byline\">\n<div class=\"author-date\"><time class=\"time__container\" datetime=\"2025-09-12T16:45:05.689Z\" data-testid=\"published-date\"><span class=\"time__value classNameFontTimeValue\">&#8216;<\/span><\/time><\/div>\n<\/div>\n<\/div>\n<div class=\"article__lead-art article__lead-art-photo\" data-testid=\"LeadArtPhoto\">\n<figure class=\"\" data-testid=\"figure-testid\">\n<div class=\"aspect_ratio__container\"><picture class=\"responsive-image\"><source srcset=\"https:\/\/tn.com.ar\/resizer\/v2\/cerundolo-le-gano-el-segundo-partido-a-van-de-zandschulp-foto-prensa-aat-NNRJE4LYTRGFDNO6KYQP6VBX6A.jpg?auth=c400de5fb6a74a5a9ffa0b0c4fd0dc731cae962751480a7ecefd969e4a712f05&amp;width=767\" type=\"image\/jpg\" media=\"(max-width: 728px)\" \/><source srcset=\"https:\/\/tn.com.ar\/resizer\/v2\/cerundolo-le-gano-el-segundo-partido-a-van-de-zandschulp-foto-prensa-aat-NNRJE4LYTRGFDNO6KYQP6VBX6A.jpg?auth=c400de5fb6a74a5a9ffa0b0c4fd0dc731cae962751480a7ecefd969e4a712f05&amp;width=1023\" type=\"image\/jpg\" media=\"(max-width: 1023px)\" \/><source srcset=\"https:\/\/tn.com.ar\/resizer\/v2\/cerundolo-le-gano-el-segundo-partido-a-van-de-zandschulp-foto-prensa-aat-NNRJE4LYTRGFDNO6KYQP6VBX6A.jpg?auth=c400de5fb6a74a5a9ffa0b0c4fd0dc731cae962751480a7ecefd969e4a712f05&amp;width=1440\" type=\"image\/jpg\" \/><img decoding=\"async\" class=\"width_full height_full article__lead-art-photo image_placeholder\" src=\"https:\/\/tn.com.ar\/resizer\/v2\/cerundolo-le-gano-el-segundo-partido-a-van-de-zandschulp-foto-prensa-aat-NNRJE4LYTRGFDNO6KYQP6VBX6A.jpg?auth=c400de5fb6a74a5a9ffa0b0c4fd0dc731cae962751480a7ecefd969e4a712f05&amp;width=767\" alt=\"Cer\u00fandolo le gan\u00f3 el segundo partido a Van de Zandschulp (Foto: Prensa AAT).\" \/><\/picture><\/div><figcaption class=\"caption_image\" data-testid=\"figcaption-testid\">\n<div class=\"image_caption font__body\">Cer\u00fandolo le gan\u00f3 el segundo partido a Van de Zandschulp (Foto: Prensa AAT).<\/div>\n<\/figcaption><\/figure>\n<\/div>\n<\/div>\n<\/div>\n<p><\/main><\/div>\n<\/div>\n<\/header>\n<div class=\"news-headline__article-summary\">\n<p class=\"ignore-parser\">Tom\u00e1s Echeverry con un doble 6\/4 y 6\/4 derrot\u00f3 a Jesper de Jong en Groningen y Bolonia est\u00e1 m\u00e1s cerca. Ahora viene Pancho Cer\u00fandolo a jugar su partido.<\/p>\n<\/div>\n<div class=\"detail-gallery\">\n<div class=\"detail-gallery__slide-wrapper\">\n<div class=\"detail-gallery__slide\">\n<figure class=\"detail-gallery__figure\"><img loading=\"lazy\" decoding=\"async\" class=\"detail-gallery__figure-img img-fluid\" src=\"https:\/\/media.losandes.com.ar\/p\/42dc21c08a114671c6ff26792ff1a140\/adjuntos\/368\/imagenes\/100\/652\/0100652038\/1000x0\/smart\/tomas-echeverr.jpg\" alt=\"Tenis. El jugador Tomas Echeverry de Argentina\" width=\"1920\" height=\"1080\" data-td-src-property=\"https:\/\/media.losandes.com.ar\/p\/42dc21c08a114671c6ff26792ff1a140\/adjuntos\/368\/imagenes\/100\/652\/0100652038\/1000x0\/smart\/tomas-echeverr.jpg\" \/><\/p>\n<div class=\"detail-gallery__nav\"><\/div>\n<\/figure>\n<\/div>\n<div class=\"detail-gallery__caption \">\n<p>&nbsp;<\/p>\n<p><strong>Tomas Echeverry de Argentina<\/strong><\/p>\n<\/div>\n<\/div>\n<\/div>\n<div class=\"container\">\n<div class=\"news-author-and-share\">\n<div class=\"news-headline__author-wrapper \">\n<div class=\"news-headline__author-wrapper-names news-headline__author-pictures-and-names-wrapper names\">\n<div class=\"news-headline__author-pictures-wrapper\"><\/div>\n<div class=\"news-headline__author-names-wrapper\">\n<div class=\"news-author-and-share__author-names\"><\/div>\n<\/div>\n<\/div>\n<\/div>\n<\/div>\n<section class=\"recommended-news\">\n<header class=\"standard-header\">\n<h3 class=\"standard-header__title\"><\/h3>\n<\/header>\n<div class=\"recommended-news__news-wrapper\">\n<article class=\"recommended-news__article\">\n<figure class=\"recommended-news__figure\"><img loading=\"lazy\" decoding=\"async\" class=\"recommended-news__img\" title=\"TENIS. Francisco Cer\u00fandolo disputa el segundo punto en juego, de la serie entre Pa\u00edses Bajos y Argentina\" src=\"https:\/\/www.losandes.com.ar\/css-custom\/368\/lazy.svg\" alt=\"TENIS. Francisco Cer\u00fandolo disputa el segundo punto en juego, de la serie entre Pa\u00edses Bajos y Argentina\" width=\"140\" height=\"105\" data-td-src-property=\"https:\/\/media.losandes.com.ar\/p\/fc878b4f8a3114b023089336c38ca418\/adjuntos\/368\/imagenes\/100\/647\/0100647824\/228x172\/smart\/tenis-francisco-cerundolo.jpg\" \/><\/figure>\n<div class=\"recommended-news__info-wrapper\">\n<div class=\"news-article__title-wrapper\">\n<h2 class=\"recommended-news__title\"><\/h2>\n<\/div>\n<div class=\"news-article__journalist-and-bcontent\">\n<div class=\"news-article__journalist \">\n<div class=\"news-article__journalist-wrapper names\"><\/div>\n<\/div>\n<\/div>\n<\/div>\n<\/article>\n<article class=\"recommended-news__article\">\n<figure class=\"recommended-news__figure\"><img loading=\"lazy\" decoding=\"async\" class=\"recommended-news__img\" title=\"Tenis. Tom\u00e1s Echeverry gan\u00f3 el primer punto para el seleccionado nacional de tenis\" src=\"https:\/\/www.losandes.com.ar\/css-custom\/368\/lazy.svg\" alt=\"Tenis. Tom\u00e1s Echeverry gan\u00f3 el primer punto para el seleccionado nacional de tenis\" width=\"140\" height=\"105\" data-td-src-property=\"https:\/\/media.losandes.com.ar\/p\/2f0dcacaae67a670705e4ccb7e6fda8a\/adjuntos\/368\/imagenes\/100\/652\/0100652071\/228x172\/smart\/tommy-echeverry.jpg\" \/><\/figure>\n<div class=\"recommended-news__info-wrapper\">\n<div class=\"news-article__title-wrapper\">\n<h2 class=\"recommended-news__title\">Tenis: Tom\u00e1s Echeverry conquist\u00f3 un s\u00f3lido tirunfo y puso en ventaja a la Argentina en Copa Davis<\/h2>\n<\/div>\n<div class=\"news-article__journalist-and-bcontent\">\n<div class=\"news-article__journalist \">\n<div class=\"news-article__journalist-wrapper names\"><span class=\"news-article__journalist-by\" data-image=\"\">Por<\/span>\u00a0<span class=\"news-article__journalist-name\">Gonzalo Tapia<\/span><\/div>\n<\/div>\n<\/div>\n<\/div>\n<\/article>\n<\/div>\n<\/section>\n<article class=\"article-body article-body--second-paragraph\">La selecci\u00f3n Argentina de tenis empez\u00f3 su camino en los Qualifiers de la Copa Davis como visitante: enfrenta a Pa\u00edses Bajos en Groningen. En el primer juego de la serie, el tenista de La Plata Tom\u00e1s Etcheverry le gan\u00f3 6-4 y 6-4 a Jesper de Jong<\/article>\n<article class=\"article-body article-body--third-paragraph\">El equipo albiceleste visita Pa\u00edses Bajos en una nueva llave de Copa Davis. El team nacional, liderado por Javier Frana, afronta la segunda ronda de la edici\u00f3n del Mundial de 2025. Francisco Cer\u00fandolo<strong>,\u00a0<\/strong>Tom\u00e1s Etcheverry<strong>, Francisco Comesa\u00f1a,<\/strong>\u00a0Horacio Zeballos y Andr\u00e9s Molteni fueron los convocados para esta serie. El minuto a minuto, a continuaci\u00f3n.<\/article>\n<article class=\"article-body article-body--fourth-paragraph\">El partido que abre la serie tiene en estos momentos al tenista de La Plata\u00a0<strong>Tom\u00e1s Etcheverry<\/strong>\u00a0en cancha ante\u00a0<strong>Jesper de Jong<\/strong><\/article>\n<article class=\"article-body article-body--fifth-paragraph\">\n<p class=\"\" data-mrf-recirculation=\"Links inline\">El argentino dio el primer paso para el elenco\u00a0<em>albiceleste<\/em>\u00a0con un\u00a0<strong>6-4 en el primer set<\/strong>\u00a0ante el jugador que sali\u00f3 como raqueta n\u00famero 1 del combinado europeo.<\/p>\n<\/article>\n<article class=\"article-body article-body--third-paragraph\">\n<h2 class=\"style__LiveMessageTitle-dSYABm jVOWjC live-message--title\">Etcheverry le da el primer punto a Argentina<\/h2>\n<p>El abrazo con el capit\u00e1n Javier Frana es la confirmaci\u00f3n del trabajo realizado: 1-0 vs. Pa\u00edses Bajos en el Martiniplaza de Groningen.<\/p>\n<p><strong>Resiste De Jong<\/strong><\/p>\n<p>El descuento vital de 4-5 para irse a la silla con la obligaci\u00f3n de quebrar el saque de Etcheverry en el segundo parcial.<\/p>\n<p><strong>Un paso m\u00e1s<\/strong><\/p>\n<p>Tom\u00e1s Mart\u00edn Etcheverry qued\u00f3 a un game de llevarse el primer punto de la serie: 5-3 vs. De Jong en el segundo set de la serie que se disputa en Groningen entre el local y Argentina.<\/p>\n<p><strong>Punto de partido<\/strong><\/p>\n<p>Etcheverry gan\u00f3 el mejor del match, puso el 4-3 en el segundo set y se encamina a darle la primera ventaja a Argentina en la segunda ronda de los Qualifiers ante Pa\u00edses Bajos.<\/p>\n<p><strong>En el terreno de De Jong<\/strong><\/p>\n<p>Se meti\u00f3 muy bien en partido el neerland\u00e9s para igualar la pizarra del segundo set: 3-3 vs. Etcheverry en el Martiniplaza de Groningen.<\/p>\n<p><strong>Momento Etcheverry del partido<\/strong><\/p>\n<p>Tres games consecutivos del 64\u00b0 del ranking mundial para pasar de 0-2 a 3-2 en un abrir y cerrar de ojos del segundo set.<\/p>\n<p><strong>Paridad copera<\/strong><\/p>\n<p>Etcheverry hizo los deberes y se puso 2-2 en el segundo set ante De Jong. Se juega ante una marea naranja en Groningen.<\/p>\n<p><strong>Soluciones Etcheverry al rescate<\/strong><\/p>\n<p>Necesario descuento en el amanecer del segundo set. Ahora De Jong se coloca 2-1 en Groningen<\/p>\n<p><strong>Break point Pa\u00edses Bajos<\/strong><\/p>\n<p>Se revitaliz\u00f3 De Jong y toma el ritmo del set para igualar el match ante Etcheverry: 2-0.<\/p>\n<p><strong>Retoma De Jong<\/strong><\/p>\n<p>Primera ventaja en el segundo set para los Pa\u00edses Bajos: 1-0 en Groningen bajo una ola naranja que busca recuperar terreno.<\/p>\n<\/article>\n<div class=\"news-topics\"><\/div>\n<\/div>\n<\/div>\n<\/div>\n<div class=\"row row--eq-height\">\n<div class=\"col-12\">\n<div class=\"recommended-news-horizontal\">\n<div class=\"row news-article-wrapper news-article-wrapper--col-4\">\n<div class=\"col col-lg-3\">\n<article class=\"news-article__article-wrapper\">\n<div class=\"news-article__info-wrapper\">\n<div class=\"news-article__journalist \">\n<div class=\"news-article__journalist-wrapper names\"><\/div>\n<\/div>\n<\/div>\n<\/article>\n<\/div>\n<div class=\"col col-lg-3\">\n<article class=\"news-article__article-wrapper\">\n<div class=\"news-article__info-wrapper\">\n<h2 class=\"news-article__title\"><\/h2>\n<div class=\"news-article__journalist \">\n<div class=\"news-article__journalist-wrapper names\"><\/div>\n<\/div>\n<\/div>\n<\/article>\n<\/div>\n<div class=\"col col-lg-3\">\n<article class=\"news-article__article-wrapper\">\n<figure class=\"news-article__figure figure\"><img loading=\"lazy\" decoding=\"async\" class=\"img-fluid\" title=\"Horacio Zeballos y Marcel Granollers, campeones del US Open\" src=\"https:\/\/www.losandes.com.ar\/css-custom\/368\/lazy.svg\" alt=\"Horacio Zeballos y Marcel Granollers, campeones del US Open\" width=\"387\" height=\"218\" data-td-src-property=\"https:\/\/media.losandes.com.ar\/p\/216018d79105ff77d6aa62c1595b4a47\/adjuntos\/368\/imagenes\/100\/650\/0100650612\/471x264\/smart\/horacio-zeballos.jpg\" \/><\/figure>\n<div class=\"news-article__info-wrapper\">\n<h2 class=\"news-article__title\">Horacio Zeballos gan\u00f3 en el dobles y es campe\u00f3n del US Open<\/h2>\n<div class=\"news-article__journalist \">\n<div class=\"news-article__journalist-wrapper names\"><span class=\"news-article__journalist-by\" data-image=\"\">Por<\/span>\u00a0<span class=\"news-article__journalist-name\">Redacci\u00f3n Deportes<\/span><\/div>\n<\/div>\n<\/div>\n<\/article>\n<\/div>\n<\/div>\n<\/div>\n<\/div>\n<\/div>\n<p>&nbsp;<\/p>\n<footer class=\"footer\">\n<div class=\"footer-top\">\n<div class=\"row\">\n<div class=\"col-12 col-lg-3\">\n<div class=\"footer-top__logo-wrapper\">\n<div><a class=\"brand-logo brand-logo--footer\" href=\"https:\/\/www.losandes.com.ar\/\" rel=\"follow\"><img loading=\"lazy\" decoding=\"async\" src=\"https:\/\/www.losandes.com.ar\/css-custom\/368\/lazy.svg\" alt=\"Los Andes\" width=\"190\" height=\"24\" data-td-src-property=\"https:\/\/www.losandes.com.ar\/css-custom\/368\/images\/logo-white.svg\" \/><\/a><\/div>\n<p>Av. San Mart\u00edn 1049 Mendoza &#8211; CP 5500<\/p>\n<p>losandes.com.ar<\/p>\n<div class=\"footer-social-links\">\n<p><span class=\"footer-social-links__title\">Siguenos en:<\/span><\/p>\n<ul class=\"footer-social-links__list\">\n<li class=\"footer-social-links__item\" data-url=\"https:\/\/www.facebook.com\/LosAndesDiario\"><a class=\"footer-social-links__link\" title=\"Los Andes | Facebook\" href=\"https:\/\/www.facebook.com\/LosAndesDiario\" target=\"_blank\" rel=\"noopener noreferrer nofollow\">Facebook<\/a><\/li>\n<li class=\"footer-social-links__item\" data-url=\"https:\/\/www.instagram.com\/losandesdiario\/?hl=es-la\"><a class=\"footer-social-links__link\" title=\"Los Andes | Instagram\" href=\"https:\/\/www.instagram.com\/losandesdiario\/?hl=es-la\" target=\"_blank\" rel=\"noopener noreferrer nofollow\">Instagram<\/a><\/li>\n<li class=\"footer-social-links__item\" data-url=\"https:\/\/www.tiktok.com\/@losandesdiario?_t=8pRyx6aQAtS&amp;_r=1\"><a class=\"footer-social-links__link\" title=\"Los Andes | Tiktok\" href=\"https:\/\/www.tiktok.com\/@losandesdiario?_t=8pRyx6aQAtS&amp;_r=1\" target=\"\" rel=\"noopener noreferrer nofollow\">Tiktok<\/a><\/li>\n<li class=\"footer-social-links__item\" data-url=\"https:\/\/x.com\/LosAndesDiario\"><a class=\"footer-social-links__link\" title=\"Los Andes | X\" href=\"https:\/\/x.com\/LosAndesDiario\" target=\"_blank\" rel=\"noopener noreferrer nofollow\">X<\/a><\/li>\n<li class=\"footer-social-links__item\" data-url=\"https:\/\/www.youtube.com\/user\/LosAndesDiario\"><a class=\"footer-social-links__link\" title=\"Los Andes | Youtube\" href=\"https:\/\/www.youtube.com\/user\/LosAndesDiario\" target=\"_blank\" rel=\"noopener noreferrer nofollow\">Youtube<\/a><\/li>\n<\/ul>\n<\/div>\n<\/div>\n<\/div>\n<div class=\"col-12 col-lg-9\">\n<div class=\"row\">\n<div class=\"col-lg-3\">\n<nav class=\"footer-nav\">\n<div>\n<header class=\"standard-header-footer\"><span class=\"standard-header-footer__title\">Secciones<\/span><\/header>\n<div class=\"footer-top__links-wrapper\">\n<nav class=\"footer-nav\">\n<ul class=\"footer-nav__pages\">\n<li class=\"footer-nav__page-link\"><a title=\"\u00daltimas noticias\" href=\"https:\/\/www.losandes.com.ar\/ultimas-noticias\" target=\"\">\u00daltimas noticias<\/a><\/li>\n<li class=\"footer-nav__page-link\"><a title=\"Pol\u00edtica\" href=\"https:\/\/www.losandes.com.ar\/politica\" target=\"\">Pol\u00edtica<\/a><\/li>\n<li class=\"footer-nav__page-link\"><a title=\"Econom\u00eda\" href=\"https:\/\/www.losandes.com.ar\/economia\" target=\"\">Econom\u00eda<\/a><\/li>\n<li class=\"footer-nav__page-link\"><a title=\"Sociedad\" href=\"https:\/\/www.losandes.com.ar\/sociedad\" target=\"\">Sociedad<\/a><\/li>\n<li class=\"footer-nav__page-link\"><a title=\"Policiales\" href=\"https:\/\/www.losandes.com.ar\/policiales\" target=\"\">Policiales<\/a><\/li>\n<li class=\"footer-nav__page-link\"><a title=\"Deportes\" href=\"https:\/\/www.losandes.com.ar\/deportes\" target=\"\">Deportes<\/a><\/li>\n<li class=\"footer-nav__page-link\"><a title=\"Espect\u00e1culos\" href=\"https:\/\/www.losandes.com.ar\/espectaculos\" target=\"\">Espect\u00e1culos<\/a><\/li>\n<\/ul>\n<\/nav>\n<\/div>\n<\/div>\n<\/nav>\n<\/div>\n<div class=\"col-lg-3\">\n<nav class=\"footer-nav\">\n<div>\n<header class=\"standard-header-footer\"><\/header>\n<div class=\"footer-top__links-wrapper\">\n<nav class=\"footer-nav\">\n<ul class=\"footer-nav__pages\">\n<li class=\"footer-nav__page-link\"><a title=\"Mundo\" href=\"https:\/\/www.losandes.com.ar\/mundo\" target=\"\">Mundo<\/a><\/li>\n<li class=\"footer-nav__page-link\"><a title=\"Opini\u00f3n\" href=\"https:\/\/www.losandes.com.ar\/opinion\" target=\"\">Opini\u00f3n<\/a><\/li>\n<li class=\"footer-nav__page-link\"><a title=\"Empresas y Negocios\" href=\"https:\/\/www.losandes.com.ar\/empresas-y-negocios\" target=\"\">Empresas y Negocios<\/a><\/li>\n<li class=\"footer-nav__page-link\"><a title=\"Estilo\" href=\"https:\/\/www.losandes.com.ar\/estilo\" target=\"\">Estilo<\/a><\/li>\n<li class=\"footer-nav__page-link\"><a title=\"AgroIndustria\" href=\"https:\/\/www.losandes.com.ar\/agroIndustria\" target=\"\">AgroIndustria<\/a><\/li>\n<li class=\"footer-nav__page-link\"><a title=\"Tecno\" href=\"https:\/\/www.losandes.com.ar\/tecno\" target=\"\">Tecno<\/a><\/li>\n<li class=\"footer-nav__page-link\"><a title=\"Viral\" href=\"https:\/\/www.losandes.com.ar\/viral\" target=\"\">Viral<\/a><\/li>\n<li class=\"footer-nav__page-link\"><a title=\"Espacio Institucional\" href=\"https:\/\/www.losandes.com.ar\/espacio-institucional\" target=\"\">Espacio Institucional<\/a><\/li>\n<\/ul>\n<\/nav>\n<\/div>\n<\/div>\n<\/nav>\n<\/div>\n<div class=\"col-lg-3\">\n<nav class=\"footer-nav\">\n<div>\n<header class=\"standard-header-footer\"><span class=\"standard-header-footer__title\">Servicios<\/span><\/header>\n<div class=\"footer-top__links-wrapper\">\n<nav class=\"footer-nav\">\n<ul class=\"footer-nav__pages\">\n<li class=\"footer-nav__page-link\"><a title=\"Los Andes Pass\" href=\"https:\/\/www.losandespass.com.ar\/\" target=\"\">Los Andes Pass<\/a><\/li>\n<li class=\"footer-nav__page-link\"><a title=\"Tienda Los Andes\" href=\"https:\/\/losandes2.mitiendanube.com\/\" target=\"\">Tienda Los Andes<\/a><\/li>\n<li class=\"footer-nav__page-link\"><a title=\"Clasificados\" href=\"https:\/\/clasificados.losandes.com.ar\/\" target=\"\">Clasificados<\/a><\/li>\n<\/ul>\n<\/nav>\n<\/div>\n<\/div>\n<\/nav>\n<\/div>\n<div class=\"col-lg-3\">\n<nav class=\"footer-nav\">\n<div>\n<header class=\"standard-header-footer\"><\/header>\n<div class=\"footer-top__links-wrapper\">\n<nav class=\"footer-nav\">\n<ul class=\"footer-nav__pages\">\n<li class=\"footer-nav__page-link\"><a title=\"T\u00e9rminos y Condiciones\" href=\"https:\/\/www.losandes.com.ar\/terminos\" target=\"\">T\u00e9rminos y Condiciones<\/a><\/li>\n<li class=\"footer-nav__page-link\"><a title=\"Pol\u00edticas de privacidad\" href=\"https:\/\/www.losandes.com.ar\/privacidad\" target=\"\">Pol\u00edticas de privacidad<\/a><\/li>\n<li class=\"footer-nav__page-link\"><a title=\"RSS\" href=\"https:\/\/www.losandes.com.ar\/rss\" target=\"\">RSS<\/a><\/li>\n<li class=\"footer-nav__page-link\"><a title=\"Historia del medio\" href=\"https:\/\/www.losandes.com.ar\/historia-del-medio\" target=\"\">Historia del medio<\/a><\/li>\n<\/ul>\n<\/nav>\n<\/div>\n<\/div>\n<\/nav>\n<\/div>\n<\/div>\n<\/div>\n<\/div>\n<\/div>\n<div class=\"footer-bottom\">\n<div class=\"footer-bottom__copyright-wrapper\">\n<p data-renderer-start-pos=\"38\">www.losandes.com.ar &#8211; Fecha de Inicio: 10\/1883 &#8211; Contacto:\u00a0marketing@losandes.com.ar\u00a0&#8211; Tel\u00e9fonos: (054) 261-4491200 &#8211; Whatsapp: (054) 261-3042250 &#8211; Gerente General &#8211; Director de Contenidos: Pablo Dellazoppa &#8211; Diario Los Andes Hnos Calle SA<\/p>\n<\/div>\n<div class=\"footer-bottom__author-wrapper\"><a title=\"Dos Al Cubo \u00a9\" href=\"http:\/\/www.dosalcubo.com\/\" target=\"_blank\" rel=\"noopener\"><img loading=\"lazy\" decoding=\"async\" src=\"https:\/\/www.losandes.com.ar\/css-custom\/368\/lazy.svg\" alt=\"Dos Al Cubo\" width=\"197\" height=\"40\" data-td-src-property=\"https:\/\/static.thinkindot.com\/images\/powered-by-dos-al-cubo-blanco.svg\" \/><\/a><\/div>\n<\/div>\n<\/footer>\n<div id=\"onesignal-bell-container\" class=\"onesignal-bell-container onesignal-reset onesignal-bell-container-bottom-right\"><\/div>\n<div id=\"onesignal-slidedown-container\" class=\"onesignal-slidedown-container onesignal-reset slide-down\">\n<div id=\"onesignal-slidedown-dialog\" class=\"onesignal-slidedown-dialog\">\n<div id=\"normal-slidedown\">\n<div id=\"slidedown-body\" class=\"slidedown-body\">\n<div class=\"slidedown-body-icon\"><img decoding=\"async\" src=\"https:\/\/img.onesignal.com\/permanent\/be0edb03-7660-4d1c-beee-48271867a664\/AEowV57ER1mpNztLrDoy_android-chrome-256x256.png.png\" alt=\"notification icon\" \/><\/div>\n<div class=\"clearfix\"><\/div>\n<div id=\"onesignal-loading-container\"><\/div>\n<\/div>\n<div id=\"slidedown-footer\" class=\"slidedown-footer\"><\/div>\n<\/div>\n<\/div>\n<\/div>\n","protected":false},"excerpt":{"rendered":"<p>&nbsp; Cer\u00fandolo gan\u00f3 el segundo partido y Argentina qued\u00f3 a una victoria de lograr la clasificaci\u00f3n en la Copa Davis El equipo de Javier Frana se impuso en los dos primeros singles. En el primer turno, Tom\u00e1s Etcheverry le gan\u00f3 a Jesper De Jong por un doble 6-4 y luego Francisco Cer\u00fandolo venci\u00f3 a Botic &hellip;<\/p>\n","protected":false},"author":2,"featured_media":25304,"comment_status":"open","ping_status":"open","sticky":false,"template":"","format":"standard","meta":{"footnotes":""},"categories":[46],"tags":[],"class_list":["post-25303","post","type-post","status-publish","format-standard","has-post-thumbnail","hentry","category-tenis"],"_links":{"self":[{"href":"https:\/\/www.sportchaco.com.ar\/index.php?rest_route=\/wp\/v2\/posts\/25303","targetHints":{"allow":["GET"]}}],"collection":[{"href":"https:\/\/www.sportchaco.com.ar\/index.php?rest_route=\/wp\/v2\/posts"}],"about":[{"href":"https:\/\/www.sportchaco.com.ar\/index.php?rest_route=\/wp\/v2\/types\/post"}],"author":[{"embeddable":true,"href":"https:\/\/www.sportchaco.com.ar\/index.php?rest_route=\/wp\/v2\/users\/2"}],"replies":[{"embeddable":true,"href":"https:\/\/www.sportchaco.com.ar\/index.php?rest_route=%2Fwp%2Fv2%2Fcomments&post=25303"}],"version-history":[{"count":2,"href":"https:\/\/www.sportchaco.com.ar\/index.php?rest_route=\/wp\/v2\/posts\/25303\/revisions"}],"predecessor-version":[{"id":25311,"href":"https:\/\/www.sportchaco.com.ar\/index.php?rest_route=\/wp\/v2\/posts\/25303\/revisions\/25311"}],"wp:featuredmedia":[{"embeddable":true,"href":"https:\/\/www.sportchaco.com.ar\/index.php?rest_route=\/wp\/v2\/media\/25304"}],"wp:attachment":[{"href":"https:\/\/www.sportchaco.com.ar\/index.php?rest_route=%2Fwp%2Fv2%2Fmedia&parent=25303"}],"wp:term":[{"taxonomy":"category","embeddable":true,"href":"https:\/\/www.sportchaco.com.ar\/index.php?rest_route=%2Fwp%2Fv2%2Fcategories&post=25303"},{"taxonomy":"post_tag","embeddable":true,"href":"https:\/\/www.sportchaco.com.ar\/index.php?rest_route=%2Fwp%2Fv2%2Ftags&post=25303"}],"curies":[{"name":"wp","href":"https:\/\/api.w.org\/{rel}","templated":true}]}}