{"id":25313,"date":"2025-09-12T18:34:08","date_gmt":"2025-09-12T21:34:08","guid":{"rendered":"https:\/\/www.sportchaco.com.ar\/?p=25313"},"modified":"2025-09-12T19:10:54","modified_gmt":"2025-09-12T22:10:54","slug":"con-victoria-de-cultural-abrio-la-quinta-fecha-del-prtefederal","status":"publish","type":"post","link":"https:\/\/www.sportchaco.com.ar\/?p=25313","title":{"rendered":"Con victoria de Cultural, se abri\u00f3 la quinta fecha del Pre-Federal"},"content":{"rendered":"<h1 class=\"story-title entry-title\"><strong style=\"font-size: 16px;\"><span class=\"post-date\"><time class=\"post-date updated\" datetime=\"2025-09-12\">12-09-2025<\/time><\/span><\/strong><\/h1>\n<div id=\"right-content\" class=\"relative\">\n<div id=\"content-area\" class=\"left relative\">\n<div id=\"tps_slideContainer_28518\" class=\"theiaPostSlider_slides\">\n<p>&nbsp;<\/p>\n<p><img loading=\"lazy\" decoding=\"async\" class=\"aligncenter size-large wp-image-20099\" src=\"https:\/\/www.sportchaco.com.ar\/wp-content\/uploads\/2025\/06\/728x90-1024x127.gif\" alt=\"\" width=\"1024\" height=\"127\" srcset=\"https:\/\/www.sportchaco.com.ar\/wp-content\/uploads\/2025\/06\/728x90-1024x127.gif 1024w, https:\/\/www.sportchaco.com.ar\/wp-content\/uploads\/2025\/06\/728x90-300x37.gif 300w, https:\/\/www.sportchaco.com.ar\/wp-content\/uploads\/2025\/06\/728x90-768x95.gif 768w, https:\/\/www.sportchaco.com.ar\/wp-content\/uploads\/2025\/06\/728x90-1536x190.gif 1536w, https:\/\/www.sportchaco.com.ar\/wp-content\/uploads\/2025\/06\/728x90-2048x254.gif 2048w\" sizes=\"auto, (max-width: 1024px) 100vw, 1024px\" \/><\/p>\n<p>El atractivo enfrentamiento de Cultural\/ H\u00e9rcules, por la Zona \u201cA\u201d, con victoria para los sylvinenses, por la quinta fecha del Torneo Provincial de Mayores \u201cPre Federal 2025\u201d, se completar\u00e1 el viernes con los cinco encuentros restantes en S\u00e1enz Pe\u00f1a, Las Bre\u00f1as, Barranqueras, Resistencia y Villa \u00c1ngela.<\/p>\n<p><img decoding=\"async\" src=\"https:\/\/scontent.fcnq2-1.fna.fbcdn.net\/v\/t39.30808-6\/546625059_1199623648871187_1265833687433005344_n.jpg?_nc_cat=106&amp;ccb=1-7&amp;_nc_sid=127cfc&amp;_nc_eui2=AeE-fHZjSlh3D9l7fVr20imBRbnbKO3eoHdFudso7d6gdyDKxBfJg6OMRFg73x1xGCQ&amp;_nc_ohc=3oZIxpIGPzYQ7kNvwEuTFnF&amp;_nc_oc=AdkQMFT6hKo2m7Ye42UhRXDP-4pSEI73WUsJZOJHw-icY7EenErQNZ8V-ttxa7CQMuA&amp;_nc_zt=23&amp;_nc_ht=scontent.fcnq2-1.fna&amp;_nc_gid=LSHiXkZ1Rj8qr7J4NVSmTQ&amp;oh=00_AfYcCssj0m45H6JGYmnrXh4yXLWWP0Hl0xuRB6zUHUCMvg&amp;oe=68CA5E4C\" alt=\"Puede ser una imagen de 11 personas y personas jugando al baloncesto\" \/><\/p>\n<p>Un cronograma de partidos bien repartido en la geograf\u00eda de la provincia tendr\u00e1 la jornada que marcar\u00e1 el cierre de la ronda de ida del certamen que organiza la Federaci\u00f3n Chaque\u00f1a de B\u00e1squetbol, y que otorga cuatro plazas para la pr\u00f3xima edici\u00f3n de la Liga Federal.<\/p>\n<p>En este caso, Santa Sylvina fue escenario del duelo que protagonizaron dos principales animadores del campeonato, que a su vez reeditar\u00e1n la reciente final del torneo de la Asociaci\u00f3n del Sudoeste que consagr\u00f3 a los charatenses tras un re\u00f1ido play-off.<\/p>\n<p><img decoding=\"async\" class=\" lazyloaded\" src=\"https:\/\/baskettotal.com.ar\/wp-content\/uploads\/2025\/09\/IMG-20250911-WA0183-1000x600.jpg\" data-src=\"https:\/\/baskettotal.com.ar\/wp-content\/uploads\/2025\/09\/IMG-20250911-WA0183-1000x600.jpg\" \/><\/p>\n<p><strong>ZONA \u201cA\u201d<\/strong><br \/>\n<strong>Jueves 11-09<br \/>\n<\/strong>Cultural (SS)\u00a087\u00a0\u2013 H\u00e9rcules (Ch)<strong>\u00a064<\/strong><\/p>\n<p><strong>Viernes 12-09<\/strong><br \/>\nA las 22, Acci\u00f3n (SP) \u2013 Regatas (R)<br \/>\n<strong>Jueces:<\/strong>\u00a0Sebasti\u00e1n Vasallo y Carlos Galarza<br \/>\n<strong>Comisionada t\u00e9cnica:<\/strong>\u00a0Daniela Vel\u00e1zquez<\/p>\n<p>A las 22, Social (LB) \u2013 Don Bosco (R)<br \/>\n<strong>Jueces:<\/strong>\u00a0Fabricio Ranea y Ariel Gambelli<br \/>\n<strong>Comisionada t\u00e9cnica:<\/strong>\u00a0Araceli Ag\u00fcero<\/p>\n<p><strong>ZONA \u201cB\u201d<\/strong><br \/>\n<strong>Viernes 12-09<\/strong><br \/>\nA las 21:30, Don Orione (B) \u2013 Alvear (VA)<br \/>\n<strong>Jueces:<\/strong>\u00a0Diego Acu\u00f1a y F\u00e1tima Fern\u00e1ndez<br \/>\n<strong>Comisionada t\u00e9cnica:<\/strong>\u00a0Daniela Kessler<\/p>\n<p>A las 21:30, Juventud VC (R) \u2013 Asoc. Espa\u00f1ola (Ch)<br \/>\n<strong>Jueces:<\/strong>\u00a0Lucas T\u00e9vez y Juan Gonz\u00e1lez<br \/>\n<strong>Comisionada t\u00e9cnica:<\/strong>\u00a0Carolina Ferrer<\/p>\n<p>A las 22, Progresista (VA) \u2013 Hind\u00fa (R)<br \/>\n<strong>Jueces:<\/strong>\u00a0Gonzalo Castro y Nicol\u00e1s Zapata<br \/>\n<strong>Comisionado t\u00e9cnico:<\/strong>\u00a0Alejandro Acosta<\/p>\n<p><strong>POSICIONES<\/strong><br \/>\n<strong>Zona A<\/strong><br \/>\nCultural 9<br \/>\nH\u00e9rcules 8<br \/>\nRegatas 7<br \/>\nDon Bosco 6<br \/>\nSocial 5<br \/>\nAcci\u00f3n 4<\/p>\n<p><strong>Zona B<\/strong><br \/>\nProgresista 8<br \/>\nAlvear 7<br \/>\nHind\u00fa 6<br \/>\nEspa\u00f1ola 6<br \/>\nDon Orione 5<br \/>\nJuventud VC 4<\/p>\n<p><em><strong>FUENTE: Prensa Federaci\u00f3n Chaque\u00f1a de B\u00e1squetbol<\/strong><\/em><\/p>\n<p><img loading=\"lazy\" decoding=\"async\" class=\"aligncenter size-full wp-image-20169\" src=\"https:\/\/www.sportchaco.com.ar\/wp-content\/uploads\/2025\/06\/PARQUE-SOLAR_250x250-01.gif\" alt=\"\" width=\"300\" height=\"300\" \/><\/p>\n<\/div>\n<\/div>\n<\/div>\n","protected":false},"excerpt":{"rendered":"<p>12-09-2025 &nbsp; El atractivo enfrentamiento de Cultural\/ H\u00e9rcules, por la Zona \u201cA\u201d, con victoria para los sylvinenses, por la quinta fecha del Torneo Provincial de Mayores \u201cPre Federal 2025\u201d, se completar\u00e1 el viernes con los cinco encuentros restantes en S\u00e1enz Pe\u00f1a, Las Bre\u00f1as, Barranqueras, Resistencia y Villa \u00c1ngela. Un cronograma de partidos bien repartido en &hellip;<\/p>\n","protected":false},"author":2,"featured_media":25314,"comment_status":"open","ping_status":"open","sticky":false,"template":"","format":"standard","meta":{"footnotes":""},"categories":[3],"tags":[],"class_list":["post-25313","post","type-post","status-publish","format-standard","has-post-thumbnail","hentry","category-basquetbol"],"_links":{"self":[{"href":"https:\/\/www.sportchaco.com.ar\/index.php?rest_route=\/wp\/v2\/posts\/25313","targetHints":{"allow":["GET"]}}],"collection":[{"href":"https:\/\/www.sportchaco.com.ar\/index.php?rest_route=\/wp\/v2\/posts"}],"about":[{"href":"https:\/\/www.sportchaco.com.ar\/index.php?rest_route=\/wp\/v2\/types\/post"}],"author":[{"embeddable":true,"href":"https:\/\/www.sportchaco.com.ar\/index.php?rest_route=\/wp\/v2\/users\/2"}],"replies":[{"embeddable":true,"href":"https:\/\/www.sportchaco.com.ar\/index.php?rest_route=%2Fwp%2Fv2%2Fcomments&post=25313"}],"version-history":[{"count":3,"href":"https:\/\/www.sportchaco.com.ar\/index.php?rest_route=\/wp\/v2\/posts\/25313\/revisions"}],"predecessor-version":[{"id":25319,"href":"https:\/\/www.sportchaco.com.ar\/index.php?rest_route=\/wp\/v2\/posts\/25313\/revisions\/25319"}],"wp:featuredmedia":[{"embeddable":true,"href":"https:\/\/www.sportchaco.com.ar\/index.php?rest_route=\/wp\/v2\/media\/25314"}],"wp:attachment":[{"href":"https:\/\/www.sportchaco.com.ar\/index.php?rest_route=%2Fwp%2Fv2%2Fmedia&parent=25313"}],"wp:term":[{"taxonomy":"category","embeddable":true,"href":"https:\/\/www.sportchaco.com.ar\/index.php?rest_route=%2Fwp%2Fv2%2Fcategories&post=25313"},{"taxonomy":"post_tag","embeddable":true,"href":"https:\/\/www.sportchaco.com.ar\/index.php?rest_route=%2Fwp%2Fv2%2Ftags&post=25313"}],"curies":[{"name":"wp","href":"https:\/\/api.w.org\/{rel}","templated":true}]}}