{"id":25347,"date":"2025-09-13T12:30:08","date_gmt":"2025-09-13T15:30:08","guid":{"rendered":"https:\/\/www.sportchaco.com.ar\/?p=25347"},"modified":"2025-09-13T16:09:13","modified_gmt":"2025-09-13T19:09:13","slug":"arranca-la-clinica-para-arbitros-con-proyeccion-buscando-sumar-y-perfeccionar-el-rendimiento","status":"publish","type":"post","link":"https:\/\/www.sportchaco.com.ar\/?p=25347","title":{"rendered":"Arranc\u00f3 la Cl\u00ednica para \u201c\u00c1rbitros con Proyecci\u00f3n\u201d; buscando sumar y perfeccionar el rendimiento"},"content":{"rendered":"<h1 class=\"story-title entry-title\"><strong style=\"font-size: 16px;\"><span class=\"post-date\"><time class=\"post-date updated\" datetime=\"2025-09-13\">13-09-2025<\/time><\/span><\/strong><\/h1>\n<div id=\"right-content\" class=\"relative\">\n<div id=\"content-area\" class=\"left relative\">\n<div id=\"tps_slideContainer_28526\" class=\"theiaPostSlider_slides\">\n<p><img loading=\"lazy\" decoding=\"async\" class=\"aligncenter size-large wp-image-19476\" src=\"https:\/\/www.sportchaco.com.ar\/wp-content\/uploads\/2025\/05\/Banners-creditos-otorgados-al-campo_940x90-1024x98.gif\" alt=\"\" width=\"1024\" height=\"98\" srcset=\"https:\/\/www.sportchaco.com.ar\/wp-content\/uploads\/2025\/05\/Banners-creditos-otorgados-al-campo_940x90-1024x98.gif 1024w, https:\/\/www.sportchaco.com.ar\/wp-content\/uploads\/2025\/05\/Banners-creditos-otorgados-al-campo_940x90-300x29.gif 300w, https:\/\/www.sportchaco.com.ar\/wp-content\/uploads\/2025\/05\/Banners-creditos-otorgados-al-campo_940x90-768x73.gif 768w, https:\/\/www.sportchaco.com.ar\/wp-content\/uploads\/2025\/05\/Banners-creditos-otorgados-al-campo_940x90-1536x147.gif 1536w\" sizes=\"auto, (max-width: 1024px) 100vw, 1024px\" \/><\/p>\n<p>Durante este fin de semana (s\u00e1bado 13 y domingo 14), se realizar\u00e1 la \u201cCl\u00ednica a \u201c\u00c1rbitros con Proyecci\u00f3n\u201d,pertenecientes a la regi\u00f3n Nordeste (NEA).<\/p>\n<p>Este trabajo es propuesto y coordinado por el director de la Escuela de \u00c1rbitros del Chaco, H\u00e9ctor Wasinger. El lugar de este evento deportivo regional ser\u00e1 en las instalaciones del club Regatas Resistencia.<\/p>\n<figure class=\"wp-block-image size-full\"><a href=\"https:\/\/baskettotal.com.ar\/wp-content\/uploads\/2025\/09\/1000813827.jpg\"><img loading=\"lazy\" decoding=\"async\" class=\"lazy wp-image-28527 lazy-loaded\" src=\"https:\/\/baskettotal.com.ar\/wp-content\/uploads\/2025\/09\/1000813827.jpg\" sizes=\"auto, (max-width: 587px) 100vw, 587px\" srcset=\"https:\/\/baskettotal.com.ar\/wp-content\/uploads\/2025\/09\/1000813827.jpg 587w, https:\/\/baskettotal.com.ar\/wp-content\/uploads\/2025\/09\/1000813827-226x300.jpg 226w\" alt=\"\" width=\"587\" height=\"780\" data-lazy-type=\"image\" data-lazy-src=\"https:\/\/baskettotal.com.ar\/wp-content\/uploads\/2025\/09\/1000813827.jpg\" data-lazy-srcset=\"https:\/\/baskettotal.com.ar\/wp-content\/uploads\/2025\/09\/1000813827.jpg 587w, https:\/\/baskettotal.com.ar\/wp-content\/uploads\/2025\/09\/1000813827-226x300.jpg 226w\" data-lazy-sizes=\"(max-width: 587px) 100vw, 587px\" \/><\/a><\/figure>\n<p>Como instructores estar\u00e1n presentes los \u00e1rbitros H\u00e9ctor Wasinger (actual director de la Escuela de \u00c1rbitros Chaco) Sebasti\u00e1n Vassallo (Liga Argentina), Juan Cama\u00f1o, Alejandro Costa, Guido Estigarribia, Lucas T\u00e9vez, Diego Acu\u00f1a (todos \u00e1rbitros que se desempe\u00f1an en la Liga Federal y Sebasti\u00e1n Quiroga (referente provincial).<\/p>\n<p>En esta oportunidad, hay m\u00e1s de 30 \u00e1rbitros inscriptos. El comienzo de esta movida deportiva est\u00e1 prevista para este s\u00e1bado 13 a las 8,30 horas, habiendo dentro de la Cl\u00ednica charlas te\u00f3ricas, pr\u00e1cticas f\u00edsicas y pr\u00e1cticas en cancha y con filmaciones.<\/p>\n<\/div>\n<\/div>\n<\/div>\n<p><img decoding=\"async\" class=\" ls-is-cached lazyloaded\" src=\"https:\/\/baskettotal.com.ar\/wp-content\/uploads\/2025\/09\/IMG-20250912-WA0077-945x600.jpg\" data-src=\"https:\/\/baskettotal.com.ar\/wp-content\/uploads\/2025\/09\/IMG-20250912-WA0077-945x600.jpg\" \/><\/p>\n","protected":false},"excerpt":{"rendered":"<p>13-09-2025 Durante este fin de semana (s\u00e1bado 13 y domingo 14), se realizar\u00e1 la \u201cCl\u00ednica a \u201c\u00c1rbitros con Proyecci\u00f3n\u201d,pertenecientes a la regi\u00f3n Nordeste (NEA). Este trabajo es propuesto y coordinado por el director de la Escuela de \u00c1rbitros del Chaco, H\u00e9ctor Wasinger. El lugar de este evento deportivo regional ser\u00e1 en las instalaciones del club &hellip;<\/p>\n","protected":false},"author":2,"featured_media":25356,"comment_status":"open","ping_status":"open","sticky":false,"template":"","format":"standard","meta":{"footnotes":""},"categories":[3],"tags":[],"class_list":["post-25347","post","type-post","status-publish","format-standard","has-post-thumbnail","hentry","category-basquetbol"],"_links":{"self":[{"href":"https:\/\/www.sportchaco.com.ar\/index.php?rest_route=\/wp\/v2\/posts\/25347","targetHints":{"allow":["GET"]}}],"collection":[{"href":"https:\/\/www.sportchaco.com.ar\/index.php?rest_route=\/wp\/v2\/posts"}],"about":[{"href":"https:\/\/www.sportchaco.com.ar\/index.php?rest_route=\/wp\/v2\/types\/post"}],"author":[{"embeddable":true,"href":"https:\/\/www.sportchaco.com.ar\/index.php?rest_route=\/wp\/v2\/users\/2"}],"replies":[{"embeddable":true,"href":"https:\/\/www.sportchaco.com.ar\/index.php?rest_route=%2Fwp%2Fv2%2Fcomments&post=25347"}],"version-history":[{"count":3,"href":"https:\/\/www.sportchaco.com.ar\/index.php?rest_route=\/wp\/v2\/posts\/25347\/revisions"}],"predecessor-version":[{"id":25355,"href":"https:\/\/www.sportchaco.com.ar\/index.php?rest_route=\/wp\/v2\/posts\/25347\/revisions\/25355"}],"wp:featuredmedia":[{"embeddable":true,"href":"https:\/\/www.sportchaco.com.ar\/index.php?rest_route=\/wp\/v2\/media\/25356"}],"wp:attachment":[{"href":"https:\/\/www.sportchaco.com.ar\/index.php?rest_route=%2Fwp%2Fv2%2Fmedia&parent=25347"}],"wp:term":[{"taxonomy":"category","embeddable":true,"href":"https:\/\/www.sportchaco.com.ar\/index.php?rest_route=%2Fwp%2Fv2%2Fcategories&post=25347"},{"taxonomy":"post_tag","embeddable":true,"href":"https:\/\/www.sportchaco.com.ar\/index.php?rest_route=%2Fwp%2Fv2%2Ftags&post=25347"}],"curies":[{"name":"wp","href":"https:\/\/api.w.org\/{rel}","templated":true}]}}