{"id":25351,"date":"2025-09-13T22:17:41","date_gmt":"2025-09-14T01:17:41","guid":{"rendered":"https:\/\/www.sportchaco.com.ar\/?p=25351"},"modified":"2025-09-14T11:46:04","modified_gmt":"2025-09-14T14:46:04","slug":"efemerides-del-14-de-septiembre-2","status":"publish","type":"post","link":"https:\/\/www.sportchaco.com.ar\/?p=25351","title":{"rendered":"Efem\u00e9rides del 14 de septiembre"},"content":{"rendered":"<div class=\"container fullwidth-entry-title-wrapper\">\n<div class=\"container-wrapper fullwidth-entry-title\">\n<header class=\"entry-header-outer\">\n<div class=\"entry-header\">\n<div class=\"single-post-meta post-meta clearfix\">\n<div class=\"tie-alignright\"><\/div>\n<\/div>\n<\/div>\n<\/header>\n<\/div>\n<\/div>\n<div id=\"content\" class=\"site-content container\">\n<div id=\"main-content-row\" class=\"tie-row main-content-row\">\n<div class=\"main-content tie-col-md-8 tie-col-xs-12\" role=\"main\">\n<article id=\"the-post\" class=\"container-wrapper post-content tie-standard\">\n<div class=\"featured-area\">\n<div class=\"featured-area-inner\"><\/div>\n<\/div>\n<div id=\"share-buttons-top\" class=\"share-buttons share-buttons-top\">\n<h5 class=\"share-links icons-text share-pill\"><\/h5>\n<\/div>\n<div class=\"entry-content entry clearfix\">\n<h5><strong>Esta es la Efem\u00e9rides del Deporte en el Chaco de un 14 de septiembre del periodista Luis Dar\u00edo Molodezky.<\/strong><\/h5>\n<p style=\"text-align: center;\"><img loading=\"lazy\" decoding=\"async\" class=\"alignnone size-medium wp-image-25237\" src=\"https:\/\/www.sportchaco.com.ar\/wp-content\/uploads\/2025\/09\/Luis-carita-1-287x300.jpg\" alt=\"\" width=\"287\" height=\"300\" srcset=\"https:\/\/www.sportchaco.com.ar\/wp-content\/uploads\/2025\/09\/Luis-carita-1-287x300.jpg 287w, https:\/\/www.sportchaco.com.ar\/wp-content\/uploads\/2025\/09\/Luis-carita-1.jpg 430w\" sizes=\"auto, (max-width: 287px) 100vw, 287px\" \/><\/p>\n<p><strong><em>D\u00eda del Boxeador.<\/em><\/strong><\/p>\n<p><strong>1935\u00a0<\/strong>\/ Se funda el Centro Cultural y Deportivo de Santa Sylvina, domiciliado en San Mart\u00edn 437.<\/p>\n<p><strong>1936\u00a0<\/strong>\/ Regional se presenta en Corrientes frente a Libertad, ganando por 2 a 1 con goles de Carballo. La formaci\u00f3n del expreso fue Pinots; Dur\u00e1n y M\u00e9ndolo; Alderete, Pagano y Moreno; Carballo, Br\u00edgnole, Mouje, Sosa y Dur\u00e1n.<\/p>\n<p><strong>1940\u00a0<\/strong>\/ Se inaugura la cancha de V\u00e9lez Sarsfield en el terreno de la calle Marcelo T. de Alvear 845 (ex Buenos Aires). El 24 de enero de 1946 se adquiere definitivamente el predio propiedad de Jos\u00e9 Sabadini, con fondos proporcionados por la presidenta se\u00f1orita Anello. Por carecer de personer\u00eda jur\u00eddica se pone a nombre del ingeniero Ecas V. Miccillo.<\/p>\n<p><strong>1957\u00a0<\/strong>\/ Se funda la Asociaci\u00f3n de Bochas de Villa \u00c1ngela.<\/p>\n<p><strong>1969 \/<\/strong> Se produce una renuncia masiva en Chaco For Ever en disidencia con el manejo de su presidente Pedro Ben\u00edtez. Los firmantes del comunicado ante los medios de comunicaci\u00f3n son los vicepresidente primero y segundo Miguel C\u00e1ceres y Abraham Rabinovich, secretario Rosendo Contreras, secretario de actas; H\u00e9ctor Freschi, , vocales titular y presidente de la subcomisi\u00f3n de f\u00fatbol doctor Ren\u00e9 Caruso, \u00a0H\u00e9ctor Mario Decout, vocales suplentes Oscar Andreta, y V\u00edctor M. Hern\u00e1ndez. Tas la eliminaci\u00f3n en la final para ingresar al Nacional de ese a\u00f1o, los dirigentes explicaron que el titular de la entidad hac\u00eda un manejo unipersonal y tambi\u00e9n marcaron su diferencia con las relaciones del club con la Liga Chaque\u00f1a.<\/p>\n<\/div>\n<\/article>\n<article id=\"the-post\" class=\"container-wrapper post-content tie-standard\">\n<div class=\"entry-content entry clearfix\">\n<p><strong>1979\u00a0<\/strong>\/ El Seleccionado de Chaco finaliza s\u00e9ptimo en el 46\u00b0 Argentino de B\u00e1squetbol, al vencer en el \u00faltimo partido a Entre R\u00edos 84 a 82.<\/p>\n<p><strong>1980 \/<\/strong> Chaco For Ever debutaba de local en el torneo Nacional. Fue por la segunda fecha ante Concepci\u00f3n de Tucum\u00e1n que a los 3\u2019 se puso en ventaja, a los 11\u2019 lo igualo \u00abPirulo\u00bb Escobar. A los 2\u2019 de la segunda etapa el misionero Garc\u00eda Paredes y a los 11\u2019 Orlando Medina estiraba diferencias y a poco del final el \u00abCoya\u00bb Guti\u00e9rrez descontaba para los tucumanos. Triunfo forevista por 3\/2. Fue el \u00fanico gol de Medina en ese torneo, de seis partidos disputados<\/p>\n<\/div>\n<p><strong>Foto portada de Martin, Milovich y Baonfanti<\/strong><\/p>\n<p><img loading=\"lazy\" decoding=\"async\" class=\"attachment-jannah-image-post size-jannah-image-post wp-post-image\" src=\"https:\/\/www.sportchaco.com.ar\/wp-content\/uploads\/2024\/09\/14-9-69-1-780x470.jpg\" alt=\"\" width=\"780\" height=\"470\" data-main-img=\"1\" \/><\/p>\n<\/article>\n<\/div>\n<\/div>\n<\/div>\n","protected":false},"excerpt":{"rendered":"<p>Esta es la Efem\u00e9rides del Deporte en el Chaco de un 14 de septiembre del periodista Luis Dar\u00edo Molodezky. D\u00eda del Boxeador. 1935\u00a0\/ Se funda el Centro Cultural y Deportivo de Santa Sylvina, domiciliado en San Mart\u00edn 437. 1936\u00a0\/ Regional se presenta en Corrientes frente a Libertad, ganando por 2 a 1 con goles de &hellip;<\/p>\n","protected":false},"author":2,"featured_media":25352,"comment_status":"open","ping_status":"open","sticky":false,"template":"","format":"standard","meta":{"footnotes":""},"categories":[45,1,39],"tags":[],"class_list":["post-25351","post","type-post","status-publish","format-standard","has-post-thumbnail","hentry","category-efemerides-dia-por-dia","category-fotos-del-recuerdo","category-septiembre"],"_links":{"self":[{"href":"https:\/\/www.sportchaco.com.ar\/index.php?rest_route=\/wp\/v2\/posts\/25351","targetHints":{"allow":["GET"]}}],"collection":[{"href":"https:\/\/www.sportchaco.com.ar\/index.php?rest_route=\/wp\/v2\/posts"}],"about":[{"href":"https:\/\/www.sportchaco.com.ar\/index.php?rest_route=\/wp\/v2\/types\/post"}],"author":[{"embeddable":true,"href":"https:\/\/www.sportchaco.com.ar\/index.php?rest_route=\/wp\/v2\/users\/2"}],"replies":[{"embeddable":true,"href":"https:\/\/www.sportchaco.com.ar\/index.php?rest_route=%2Fwp%2Fv2%2Fcomments&post=25351"}],"version-history":[{"count":4,"href":"https:\/\/www.sportchaco.com.ar\/index.php?rest_route=\/wp\/v2\/posts\/25351\/revisions"}],"predecessor-version":[{"id":25397,"href":"https:\/\/www.sportchaco.com.ar\/index.php?rest_route=\/wp\/v2\/posts\/25351\/revisions\/25397"}],"wp:featuredmedia":[{"embeddable":true,"href":"https:\/\/www.sportchaco.com.ar\/index.php?rest_route=\/wp\/v2\/media\/25352"}],"wp:attachment":[{"href":"https:\/\/www.sportchaco.com.ar\/index.php?rest_route=%2Fwp%2Fv2%2Fmedia&parent=25351"}],"wp:term":[{"taxonomy":"category","embeddable":true,"href":"https:\/\/www.sportchaco.com.ar\/index.php?rest_route=%2Fwp%2Fv2%2Fcategories&post=25351"},{"taxonomy":"post_tag","embeddable":true,"href":"https:\/\/www.sportchaco.com.ar\/index.php?rest_route=%2Fwp%2Fv2%2Ftags&post=25351"}],"curies":[{"name":"wp","href":"https:\/\/api.w.org\/{rel}","templated":true}]}}