{"id":25357,"date":"2025-09-13T16:18:25","date_gmt":"2025-09-13T19:18:25","guid":{"rendered":"https:\/\/www.sportchaco.com.ar\/?p=25357"},"modified":"2025-09-13T16:18:25","modified_gmt":"2025-09-13T19:18:25","slug":"deportistas-de-desocha-clasifican-a-la-instancia-nacional-de-atletismo-adaptado","status":"publish","type":"post","link":"https:\/\/www.sportchaco.com.ar\/?p=25357","title":{"rendered":"Deportistas de Desocha clasifican a la instancia nacional de atletismo adaptado"},"content":{"rendered":"<p><strong>13-09-2025<\/strong><\/p>\n<p><img loading=\"lazy\" decoding=\"async\" class=\"aligncenter size-large wp-image-20161\" src=\"https:\/\/www.sportchaco.com.ar\/wp-content\/uploads\/2025\/06\/BANNER-WEB-CHACO-JUEGA_720x90-1024x128.gif\" alt=\"\" width=\"1024\" height=\"128\" srcset=\"https:\/\/www.sportchaco.com.ar\/wp-content\/uploads\/2025\/06\/BANNER-WEB-CHACO-JUEGA_720x90-1024x128.gif 1024w, https:\/\/www.sportchaco.com.ar\/wp-content\/uploads\/2025\/06\/BANNER-WEB-CHACO-JUEGA_720x90-300x38.gif 300w, https:\/\/www.sportchaco.com.ar\/wp-content\/uploads\/2025\/06\/BANNER-WEB-CHACO-JUEGA_720x90-768x96.gif 768w\" sizes=\"auto, (max-width: 1024px) 100vw, 1024px\" \/><\/p>\n<p>Los d\u00edas 10 y 11 de septiembre, el Polideportivo \u00abJaime Zapata\u00bb fue el epicentro de los torneos provinciales de atletismo adaptado, organizados por el Ministerio de Educaci\u00f3n a trav\u00e9s de la Direcci\u00f3n de Educaci\u00f3n F\u00edsica. Estas competencias otorgaron plazas para la instancia Nacional en Mar del Plata de los Juegos Nacionales Evita.<\/p>\n<p>La Fundaci\u00f3n Desocha particip\u00f3 activamente con un contingente de ocho deportistas, quienes demostraron un desempe\u00f1o destacado, obteniendo numerosos primeros puestos. Cuatro de estos talentosos atletas lograron asegurar su lugar en la pr\u00f3xima etapa nacional de la disciplina.<\/p>\n<p><strong>Los clasificados a Mar del Plata son:<\/strong><br \/>\n* Alan\u00eds Gonzales Pared (categor\u00eda motor)<br \/>\n* Leonardo P\u00e9rez (categor\u00eda motor)<br \/>\n* Emilio Escalante (categor\u00eda disminuido visual)<br \/>\n* Catalina P\u00e9rez (categor\u00eda PC &#8211; Par\u00e1lisis Cerebral)<\/p>\n<p><img loading=\"lazy\" decoding=\"async\" class=\"aligncenter size-large wp-image-25359\" src=\"https:\/\/www.sportchaco.com.ar\/wp-content\/uploads\/2025\/09\/e8505b4e-0c71-4864-8baf-675ceb3d1fc3-1024x682.jpg\" alt=\"\" width=\"1024\" height=\"682\" srcset=\"https:\/\/www.sportchaco.com.ar\/wp-content\/uploads\/2025\/09\/e8505b4e-0c71-4864-8baf-675ceb3d1fc3-1024x682.jpg 1024w, https:\/\/www.sportchaco.com.ar\/wp-content\/uploads\/2025\/09\/e8505b4e-0c71-4864-8baf-675ceb3d1fc3-300x200.jpg 300w, https:\/\/www.sportchaco.com.ar\/wp-content\/uploads\/2025\/09\/e8505b4e-0c71-4864-8baf-675ceb3d1fc3-768x512.jpg 768w, https:\/\/www.sportchaco.com.ar\/wp-content\/uploads\/2025\/09\/e8505b4e-0c71-4864-8baf-675ceb3d1fc3-1536x1023.jpg 1536w, https:\/\/www.sportchaco.com.ar\/wp-content\/uploads\/2025\/09\/e8505b4e-0c71-4864-8baf-675ceb3d1fc3.jpg 1600w\" sizes=\"auto, (max-width: 1024px) 100vw, 1024px\" \/><\/p>\n<p>La Fundaci\u00f3n Deportiva Social Chacoo extendi\u00f3 sus felicitaciones a estos cuatro deportistas por su logro y a todos los atletas que participaron, quienes con su esfuerzo y dedicaci\u00f3n representaron a la instituci\u00f3n de manera sobresaliente. El lema \u00abA seguir rompiendo barreras\u00bb impulsa a continuar trabajando por la inclusi\u00f3n y el desarrollo del deporte adaptado.<\/p>\n<p><img loading=\"lazy\" decoding=\"async\" class=\"aligncenter size-large wp-image-16657\" src=\"https:\/\/www.sportchaco.com.ar\/wp-content\/uploads\/2025\/02\/gob-bombeo-2-821x1024.jpg\" alt=\"\" width=\"821\" height=\"1024\" srcset=\"https:\/\/www.sportchaco.com.ar\/wp-content\/uploads\/2025\/02\/gob-bombeo-2-821x1024.jpg 821w, https:\/\/www.sportchaco.com.ar\/wp-content\/uploads\/2025\/02\/gob-bombeo-2-240x300.jpg 240w, https:\/\/www.sportchaco.com.ar\/wp-content\/uploads\/2025\/02\/gob-bombeo-2-768x958.jpg 768w, https:\/\/www.sportchaco.com.ar\/wp-content\/uploads\/2025\/02\/gob-bombeo-2-1231x1536.jpg 1231w, https:\/\/www.sportchaco.com.ar\/wp-content\/uploads\/2025\/02\/gob-bombeo-2.jpg 1440w\" sizes=\"auto, (max-width: 821px) 100vw, 821px\" \/><\/p>\n","protected":false},"excerpt":{"rendered":"<p>13-09-2025 Los d\u00edas 10 y 11 de septiembre, el Polideportivo \u00abJaime Zapata\u00bb fue el epicentro de los torneos provinciales de atletismo adaptado, organizados por el Ministerio de Educaci\u00f3n a trav\u00e9s de la Direcci\u00f3n de Educaci\u00f3n F\u00edsica. Estas competencias otorgaron plazas para la instancia Nacional en Mar del Plata de los Juegos Nacionales Evita. La Fundaci\u00f3n &hellip;<\/p>\n","protected":false},"author":3,"featured_media":25358,"comment_status":"open","ping_status":"open","sticky":false,"template":"","format":"standard","meta":{"footnotes":""},"categories":[44],"tags":[],"class_list":["post-25357","post","type-post","status-publish","format-standard","has-post-thumbnail","hentry","category-varios"],"_links":{"self":[{"href":"https:\/\/www.sportchaco.com.ar\/index.php?rest_route=\/wp\/v2\/posts\/25357","targetHints":{"allow":["GET"]}}],"collection":[{"href":"https:\/\/www.sportchaco.com.ar\/index.php?rest_route=\/wp\/v2\/posts"}],"about":[{"href":"https:\/\/www.sportchaco.com.ar\/index.php?rest_route=\/wp\/v2\/types\/post"}],"author":[{"embeddable":true,"href":"https:\/\/www.sportchaco.com.ar\/index.php?rest_route=\/wp\/v2\/users\/3"}],"replies":[{"embeddable":true,"href":"https:\/\/www.sportchaco.com.ar\/index.php?rest_route=%2Fwp%2Fv2%2Fcomments&post=25357"}],"version-history":[{"count":1,"href":"https:\/\/www.sportchaco.com.ar\/index.php?rest_route=\/wp\/v2\/posts\/25357\/revisions"}],"predecessor-version":[{"id":25360,"href":"https:\/\/www.sportchaco.com.ar\/index.php?rest_route=\/wp\/v2\/posts\/25357\/revisions\/25360"}],"wp:featuredmedia":[{"embeddable":true,"href":"https:\/\/www.sportchaco.com.ar\/index.php?rest_route=\/wp\/v2\/media\/25358"}],"wp:attachment":[{"href":"https:\/\/www.sportchaco.com.ar\/index.php?rest_route=%2Fwp%2Fv2%2Fmedia&parent=25357"}],"wp:term":[{"taxonomy":"category","embeddable":true,"href":"https:\/\/www.sportchaco.com.ar\/index.php?rest_route=%2Fwp%2Fv2%2Fcategories&post=25357"},{"taxonomy":"post_tag","embeddable":true,"href":"https:\/\/www.sportchaco.com.ar\/index.php?rest_route=%2Fwp%2Fv2%2Ftags&post=25357"}],"curies":[{"name":"wp","href":"https:\/\/api.w.org\/{rel}","templated":true}]}}