{"id":25379,"date":"2025-09-13T20:22:57","date_gmt":"2025-09-13T23:22:57","guid":{"rendered":"https:\/\/www.sportchaco.com.ar\/?p=25379"},"modified":"2025-09-13T20:23:58","modified_gmt":"2025-09-13T23:23:58","slug":"25379","status":"publish","type":"post","link":"https:\/\/www.sportchaco.com.ar\/?p=25379","title":{"rendered":"Argentina avanz\u00f3 al Final 8 de la Copa Davis"},"content":{"rendered":"<div class=\"nota__heading\">\n<h5 class=\"nota__heading__title\"><span style=\"font-size: 16px; font-weight: 400;\">\u00a013-09-2025<\/span><\/h5>\n<h5 class=\"nota__heading__title\">Argentina cerr\u00f3 una serie casi perfecta ante Pa\u00edses Bajos y jugar\u00e1 el Final 8 de la Copa Davis. Horacio Zeballos y Andr\u00e9s Molteni ganaron el doble y le dieron la victoria al equipo de Javier Frana, que barri\u00f3 a los neerlandeses. Francisco Comesa\u00f1a debut\u00f3 con derrota.<\/h5>\n<div class=\"nota__heading__author\">\n<p>&nbsp;<\/p>\n<\/div>\n<\/div>\n<div class=\"nota__main-media\">\n<div class=\"nota__image\"><\/div>\n<div class=\"nota__main-media__legend\"><\/div>\n<\/div>\n<div class=\"nota__body\">\n<div class=\"container\">\n<div class=\"row\">\n<div class=\"eg-grid eg-grid--content\">\n<div class=\"eg-cell__1-1\">\n<div class=\"col-xs-24 col-sm-4 eg-social eg-social--vert\">\n<div class=\"addthis_sharing_toolbox nota_body_social\"><\/div>\n<\/div>\n<\/div>\n<div class=\"eg-cell__2-1\">\n<p><span style=\"color: #000000;\">Argentina cerr\u00f3 la victoria 3-1 en la serie de la Copa Davis ante Pa\u00edses Bajos y jugar\u00e1 el Final 8 de la competencia en Bologna, del 18 al 23 de noviembre.<\/span><\/p>\n<div id=\"embi_elgrafico_30\"><\/div>\n<p><span style=\"color: #000000;\">La dupla compuesta por Horacio Zeballos y Andr\u00e9s Molteni no dej\u00f3 dudas y venci\u00f3 a\u00a0Arends &#8211; Van de Zandschulp por 6-3 y 7-5\u00a0en el partido de dobles en el cotejo que sell\u00f3 el triunfo del\u00a0equipo de Javier Frana.<\/span><\/p>\n<p><span style=\"color: #000000;\">El dueto argentino fue muy superior en el primer set e hizo pesar su jerarqu\u00eda.\u00a0En la segunda manga, hab\u00eda dejado\u00a0pasar algunas chances y los europeos se hab\u00edan adelantado 5-2 con un quiebre.<\/span><\/p>\n<p>Sin embargo, la ruptura del partido se dio en el noveno\u00a0game, cuando los neerlandeses dejaron pasar cinco set points con su servicio y Zeballos y Molteni quebraron luego de un largo juego.\u00a0Posteriormente, volvieron a romper el servicio rival, beneficiados por algunas doble faltas, y no titubearon a la hora de cerrar el encuentro y sacar\u00a0el pasaje a Italia.<\/p>\n<div class=\"twitter-tweet twitter-tweet-rendered\"><\/div>\n<p><img decoding=\"async\" src=\"https:\/\/www.elgrafico.com.ar\/media\/cache\/pub_news_details_large\/media\/i\/40\/27\/4027741934decec1e59b8bdf1299ba8af72119ed.jpg\" \/><\/p>\n<p>Gracias a los puntos conquistados por Tom\u00e1s Etcheverry y Francisco Cer\u00fandolo este viernes,\u00a0los capitaneados por Frana\u00a0se impusieron sin la necesidad de disputar por los porotos el cuarto punto.\u00a0El quinto ni siquiera se llevar\u00e1 a cabo.<\/p>\n<p>En el segundo y \u00faltimo partido del s\u00e1bado, Francisco Comesa\u00f1a cay\u00f3 en su debut en el torneo por 6-4 y 6-3\u00a0ante Jesper de Jong. El marplatense se convirti\u00f3 en el tenista n\u00famero 91 en defender al seleccionado.<\/p>\n<p>&nbsp;<\/p>\n<div class=\"twitter-tweet twitter-tweet-rendered\"><\/div>\n<p>&nbsp;<\/p>\n<p>El mi\u00e9rcoles se definir\u00e1 mediante sorteo el rival de la Albiceleste en los cuartos de final. Italia y Alemania ya est\u00e1n clasificados.<\/p>\n<p>Imagen de Portada: AAT<\/p>\n<\/div>\n<\/div>\n<\/div>\n<\/div>\n<\/div>\n","protected":false},"excerpt":{"rendered":"<p>\u00a013-09-2025 Argentina cerr\u00f3 una serie casi perfecta ante Pa\u00edses Bajos y jugar\u00e1 el Final 8 de la Copa Davis. Horacio Zeballos y Andr\u00e9s Molteni ganaron el doble y le dieron la victoria al equipo de Javier Frana, que barri\u00f3 a los neerlandeses. Francisco Comesa\u00f1a debut\u00f3 con derrota. &nbsp; Argentina cerr\u00f3 la victoria 3-1 en la &hellip;<\/p>\n","protected":false},"author":2,"featured_media":25380,"comment_status":"open","ping_status":"open","sticky":false,"template":"","format":"standard","meta":{"footnotes":""},"categories":[46],"tags":[],"class_list":["post-25379","post","type-post","status-publish","format-standard","has-post-thumbnail","hentry","category-tenis"],"_links":{"self":[{"href":"https:\/\/www.sportchaco.com.ar\/index.php?rest_route=\/wp\/v2\/posts\/25379","targetHints":{"allow":["GET"]}}],"collection":[{"href":"https:\/\/www.sportchaco.com.ar\/index.php?rest_route=\/wp\/v2\/posts"}],"about":[{"href":"https:\/\/www.sportchaco.com.ar\/index.php?rest_route=\/wp\/v2\/types\/post"}],"author":[{"embeddable":true,"href":"https:\/\/www.sportchaco.com.ar\/index.php?rest_route=\/wp\/v2\/users\/2"}],"replies":[{"embeddable":true,"href":"https:\/\/www.sportchaco.com.ar\/index.php?rest_route=%2Fwp%2Fv2%2Fcomments&post=25379"}],"version-history":[{"count":3,"href":"https:\/\/www.sportchaco.com.ar\/index.php?rest_route=\/wp\/v2\/posts\/25379\/revisions"}],"predecessor-version":[{"id":25383,"href":"https:\/\/www.sportchaco.com.ar\/index.php?rest_route=\/wp\/v2\/posts\/25379\/revisions\/25383"}],"wp:featuredmedia":[{"embeddable":true,"href":"https:\/\/www.sportchaco.com.ar\/index.php?rest_route=\/wp\/v2\/media\/25380"}],"wp:attachment":[{"href":"https:\/\/www.sportchaco.com.ar\/index.php?rest_route=%2Fwp%2Fv2%2Fmedia&parent=25379"}],"wp:term":[{"taxonomy":"category","embeddable":true,"href":"https:\/\/www.sportchaco.com.ar\/index.php?rest_route=%2Fwp%2Fv2%2Fcategories&post=25379"},{"taxonomy":"post_tag","embeddable":true,"href":"https:\/\/www.sportchaco.com.ar\/index.php?rest_route=%2Fwp%2Fv2%2Ftags&post=25379"}],"curies":[{"name":"wp","href":"https:\/\/api.w.org\/{rel}","templated":true}]}}