{"id":25417,"date":"2025-09-14T20:31:28","date_gmt":"2025-09-14T23:31:28","guid":{"rendered":"https:\/\/www.sportchaco.com.ar\/?p=25417"},"modified":"2025-09-15T12:47:53","modified_gmt":"2025-09-15T15:47:53","slug":"parque-patricios-no-pudo-con-guiraldes-pero-sigue-arriba","status":"publish","type":"post","link":"https:\/\/www.sportchaco.com.ar\/?p=25417","title":{"rendered":"Parque Patricios no pudo con G\u00fciraldes, pero sigue arriba"},"content":{"rendered":"<p><strong>14-09-2025<\/strong><\/p>\n<p><img loading=\"lazy\" decoding=\"async\" class=\"aligncenter wp-image-20490 size-full\" src=\"https:\/\/www.sportchaco.com.ar\/wp-content\/uploads\/2025\/06\/728x90-1.gif\" alt=\"\" width=\"1518\" height=\"189\" \/><\/p>\n<p>Este domingo hubo continuidad en el torneo Oficial de la Primera B de la Liga Chaque\u00f1a de F\u00fatbol con un solo encuentro, los dem\u00e1s fueron suspendidos por las lluvias de la madrugada.<\/p>\n<p>Parque Paricios empat\u00f3 con Deportivo G\u00fciraldes en cancha de Villa Alvear y, a falta de una fecha, contin\u00faa como \u00fanico l\u00edder, pero tan solo a una unidad de Centro de Empleados de Comercio y Los L\u00edricos, que este s\u00e1bado hab\u00edan goleado a V\u00e9lez.<\/p>\n<p>En la \u00faltima fecha Uni\u00f3n del Sur jugar\u00e1 ante Parque Patricios, Canallas del Sur va con Centro de Empleados de Comercio y Los L\u00edricos se medir\u00e1n ante Dogos.<\/p>\n<p><b><strong>TORNEO OFICIAL \u00abADRI\u00c1N DAR\u00cdO PARRA\u00bb<br \/>\n<\/strong><\/b><strong>TODA LA 22\u00aa FECHA<br \/>\n<\/strong><strong>Jueves 04-09<\/strong><br \/>\nFC Barber\u00e1n 2 \u2013 Canallas del Sur 1, en Estudiantes<br \/>\nC. E. de Comercio 1 \u2013 Chaco Hebr\u00f3n 0<\/p>\n<p><strong>S\u00e1bado 13-09<\/strong><br \/>\nSan Fernando 1 \u2013 UPCP 4<br \/>\nDep. Sameep 5 \u2013 Confraternidad 2, en Regional<br \/>\nV\u00e9lez 0 \u2013 Los L\u00edricos 4<br \/>\nCentauro FC 0 \u2013 Dep. Esperanza 2, en Central Norte<\/p>\n<p><strong>Domingo 14-09<\/strong><br \/>\nParque Patricios 2 \u2013 Dep. G\u00fciraldes 2, en Villa Alvear<\/p>\n<p><strong>Lunes 15-09<\/strong><br \/>\nA las 15:30, Dep. Zona Sur \u2013 Banfield, en Regional<\/p>\n<p><strong>Martes 16-09<\/strong><br \/>\nA las 15:30, Dogos \u2013 Uni\u00f3n del Sur, en Chaco Hebr\u00f3n<\/p>\n<p>DEF \u2013 Bariloche FC \u2013\u00a0\u00a0<em>(suspendido)<br \/>\n*Bariloche FC se dio de baja de la Liga Chaque\u00f1a\u00a0<\/em><\/p>\n<p>Municipales \u2013 Dep. Barber\u00e1n\u00a0<em>(suspendido)<br \/>\n*Dep. Barber\u00e1n lo dieron de baja de la Liga Chaque\u00f1a\u00a0<\/em><\/p>\n<p><strong>Libre:\u00a0<\/strong>Camioneros<\/p>\n<p><strong>POSICIONES<\/strong><br \/>\nParque Patricios 50<br \/>\nC. E. de Comercio 49<br \/>\nLos L\u00edricos 49<br \/>\nDep. Esperanza 43<br \/>\nDep. G\u00fciraldes 40<br \/>\nUPCP 38<br \/>\nSan Fernando 37<br \/>\nCanallas del Sur 34<br \/>\nBanfield 33<br \/>\nFC Barber\u00e1n 32<br \/>\nDep. Sameep 29<br \/>\nMunicipales 26<br \/>\nV\u00e9lez 26<br \/>\nDep. Zona Sur 25<br \/>\nCamioneros 24<br \/>\nDogos 24<br \/>\nUni\u00f3n del Sur 23<br \/>\nDEF 20<br \/>\nConfraternidad 19<br \/>\nChaco Hebr\u00f3n 18<br \/>\nDep. Barber\u00e1n 14<em>*<\/em><br \/>\nCentauro FC 10<br \/>\nBariloche FC 6<em>*<\/em><em><br \/>\n*Se dieron de baja del torneo<br \/>\n*Todos los equipos que enfrenten a Dep. Barber\u00e1n y Bariloche FC se adjudicar\u00e1n los tres puntos<br \/>\n<\/em><\/p>\n<p><strong>Pr\u00f3xima fecha (23\u00aa \u00faltima)<\/strong><br \/>\n<strong>Martes 16-09<\/strong><br \/>\nA las 15:30, Camioneros &#8211; Dep. Sameep<br \/>\nA las 15:30, Dep. Esperanza &#8211; V\u00e9lez, en Bancarios<br \/>\nA las 20, Confraternidad &#8211; San Fernando, en Don Orione<\/p>\n<p><strong>Mi\u00e9rcoles 17-09<\/strong><br \/>\nA las 15:30, UPCP &#8211; FC Barber\u00e1n, en Regional<\/p>\n<p><strong>Jueves 18-09<\/strong><br \/>\nA las 15:30, Chaco Hebr\u00f3n &#8211; DEF<br \/>\nA las 15:30, Uni\u00f3n del Sur &#8211; Parque Patricios, en Regional<br \/>\nA las 15:30, Canallas del Sur &#8211; C. E. de Comercio<br \/>\nA las 15:30, Los L\u00edricos &#8211; Dogos, en Indep. Tirol<br \/>\nA las 15:30, Dep. G\u00fciraldes &#8211; Dep. Zona Sur, en Uni\u00f3n del Sur<\/p>\n<p>Bariloche FC \u2013 Municipales <em>(suspendido)<br \/>\n*Bariloche FC se dio de baja de la Liga Chaque\u00f1a\u00a0<\/em><\/p>\n<p>Dep. Barber\u00e1n &#8211; Centauro FC <em>(suspendido)<br \/>\n*Dep. Barber\u00e1n lo dieron de baja de la Liga Chaque\u00f1a\u00a0<\/em><\/p>\n<p><strong>Libre: <\/strong>Banfield<\/p>\n<p><em><strong>Foto: F\u00fatbol Criollo\u00a0<\/strong><\/em><\/p>\n<p><em><img loading=\"lazy\" decoding=\"async\" class=\"aligncenter wp-image-20488 size-full\" src=\"https:\/\/www.sportchaco.com.ar\/wp-content\/uploads\/2025\/06\/BANNER-WEB-CHACO-JUEGA_300x250.gif\" alt=\"\" width=\"626\" height=\"522\" \/><\/em><\/p>\n","protected":false},"excerpt":{"rendered":"<p>14-09-2025 Este domingo hubo continuidad en el torneo Oficial de la Primera B de la Liga Chaque\u00f1a de F\u00fatbol con un solo encuentro, los dem\u00e1s fueron suspendidos por las lluvias de la madrugada. Parque Paricios empat\u00f3 con Deportivo G\u00fciraldes en cancha de Villa Alvear y, a falta de una fecha, contin\u00faa como \u00fanico l\u00edder, pero &hellip;<\/p>\n","protected":false},"author":3,"featured_media":25431,"comment_status":"open","ping_status":"open","sticky":false,"template":"","format":"standard","meta":{"footnotes":""},"categories":[5],"tags":[],"class_list":["post-25417","post","type-post","status-publish","format-standard","has-post-thumbnail","hentry","category-futbol"],"_links":{"self":[{"href":"https:\/\/www.sportchaco.com.ar\/index.php?rest_route=\/wp\/v2\/posts\/25417","targetHints":{"allow":["GET"]}}],"collection":[{"href":"https:\/\/www.sportchaco.com.ar\/index.php?rest_route=\/wp\/v2\/posts"}],"about":[{"href":"https:\/\/www.sportchaco.com.ar\/index.php?rest_route=\/wp\/v2\/types\/post"}],"author":[{"embeddable":true,"href":"https:\/\/www.sportchaco.com.ar\/index.php?rest_route=\/wp\/v2\/users\/3"}],"replies":[{"embeddable":true,"href":"https:\/\/www.sportchaco.com.ar\/index.php?rest_route=%2Fwp%2Fv2%2Fcomments&post=25417"}],"version-history":[{"count":9,"href":"https:\/\/www.sportchaco.com.ar\/index.php?rest_route=\/wp\/v2\/posts\/25417\/revisions"}],"predecessor-version":[{"id":25468,"href":"https:\/\/www.sportchaco.com.ar\/index.php?rest_route=\/wp\/v2\/posts\/25417\/revisions\/25468"}],"wp:featuredmedia":[{"embeddable":true,"href":"https:\/\/www.sportchaco.com.ar\/index.php?rest_route=\/wp\/v2\/media\/25431"}],"wp:attachment":[{"href":"https:\/\/www.sportchaco.com.ar\/index.php?rest_route=%2Fwp%2Fv2%2Fmedia&parent=25417"}],"wp:term":[{"taxonomy":"category","embeddable":true,"href":"https:\/\/www.sportchaco.com.ar\/index.php?rest_route=%2Fwp%2Fv2%2Fcategories&post=25417"},{"taxonomy":"post_tag","embeddable":true,"href":"https:\/\/www.sportchaco.com.ar\/index.php?rest_route=%2Fwp%2Fv2%2Ftags&post=25417"}],"curies":[{"name":"wp","href":"https:\/\/api.w.org\/{rel}","templated":true}]}}