{"id":25432,"date":"2025-09-14T20:01:52","date_gmt":"2025-09-14T23:01:52","guid":{"rendered":"https:\/\/www.sportchaco.com.ar\/?p=25432"},"modified":"2025-09-14T23:30:42","modified_gmt":"2025-09-15T02:30:42","slug":"este-domingo-no-hubo-futbol-de-primera","status":"publish","type":"post","link":"https:\/\/www.sportchaco.com.ar\/?p=25432","title":{"rendered":"Este domingo no hubo f\u00fatbol de Primera"},"content":{"rendered":"<p><strong>14-09-2025<\/strong><\/p>\n<p><img loading=\"lazy\" decoding=\"async\" class=\"aligncenter size-large wp-image-19472\" src=\"https:\/\/www.sportchaco.com.ar\/wp-content\/uploads\/2025\/05\/Red-de-empeleos-1200x200-1-1024x171.gif\" sizes=\"auto, (max-width: 1024px) 100vw, 1024px\" srcset=\"https:\/\/www.sportchaco.com.ar\/wp-content\/uploads\/2025\/05\/Red-de-empeleos-1200x200-1-1024x171.gif 1024w, https:\/\/www.sportchaco.com.ar\/wp-content\/uploads\/2025\/05\/Red-de-empeleos-1200x200-1-300x50.gif 300w, https:\/\/www.sportchaco.com.ar\/wp-content\/uploads\/2025\/05\/Red-de-empeleos-1200x200-1-768x128.gif 768w, https:\/\/www.sportchaco.com.ar\/wp-content\/uploads\/2025\/05\/Red-de-empeleos-1200x200-1-1536x256.gif 1536w, https:\/\/www.sportchaco.com.ar\/wp-content\/uploads\/2025\/05\/Red-de-empeleos-1200x200-1-2048x341.gif 2048w\" alt=\"\" width=\"1024\" height=\"171\" \/><\/p>\n<p>Este domingo no hubo continuidad de la 1\u00aa fecha del torneo Clausura de la Liga Chaque\u00f1a por las inclemencias del tiempo.<\/p>\n<p>Por dicho motivo no pudieron jugar su partido por la zona \u00abA\u00bb, Municipal de Margarita Bel\u00e9n y Central Ben\u00edtez y el partido pas\u00f3 a reprogramarse para la semana entrante.<\/p>\n<p>Adem\u00e1s, por la misma zona, el martes jugar\u00e1n Policiales y Resistencia Central en cancha de V\u00e9lez, aunque el \u00abgallito\u00bb quiere pasar el encuento al mi\u00e9rcoles.<\/p>\n<p><strong>TORNEO CLAUSURA<br \/>\nTODA LA 1\u00aa FECHA<\/strong><br \/>\n<strong>ZONA \u00abA\u00bb<br \/>\n<\/strong><strong>S\u00e1bado 13-09<\/strong><br \/>\nDep. Luj\u00e1n 2 \u2013 San Mart\u00edn (MB) 0<br \/>\nIndep. Tirol 0 \u2013 Sarmiento 0<br \/>\nBancarios 0 \u2013 Juventud 0<\/p>\n<p><strong>Martes 16-09<\/strong><br \/>\nA las 15:30, Policiales \u2013 Rcia. Central, en V\u00e9lez<\/p>\n<p><strong>A REPROGRAMACI\u00d3N<\/strong><br \/>\nMunicipal (MB) \u2013 Central Ben\u00edtez<\/p>\n<p><strong>Libre:<\/strong>\u00a0Estudiantes<\/p>\n<p><strong>ZONA \u00abB\u00bb<br \/>\nS\u00e1bado 13-09<\/strong><br \/>\nFontana 1 \u2013 Regional 1<br \/>\nDon Orione 2 \u2013 For Ever 0<br \/>\nTiro FC 1 \u2013 Dep. Itat\u00ed 2, en Rcia. Central<br \/>\nDefensores 2 \u2013 El Nacional 0<br \/>\nCUNE 0 \u2013 Central Norte 1, en C. E. de Comercio<\/p>\n<p><strong>Libre:<\/strong>\u00a0Villa Alvear<\/p>\n<p><strong>POSICIONES<\/strong><br \/>\n<strong>ZONA \u00abA\u00bb<\/strong><br \/>\nDep. Luj\u00e1n 3<br \/>\nBancarios 1<br \/>\nIndep. Tirol 1<br \/>\nJuventud 1<br \/>\nSarmiento 1<br \/>\nSan Mart\u00edn (MB) 0<br \/>\nCentral Ben\u00edtez &#8211;<br \/>\nEstudiantes &#8211;<br \/>\nMunicipal (MB) &#8211;<br \/>\nPoliciales &#8211;<br \/>\nRcia. Central &#8211;<\/p>\n<p><strong>ZONA \u00abB\u00bb<\/strong><br \/>\nCentral Norte 3<br \/>\nDefensores 3<br \/>\nDep. Itat\u00ed 3<br \/>\nDon Orione 3<br \/>\nFontana 1<br \/>\nRegional 1<br \/>\nCUNE 0<br \/>\nEl Nacional 0<br \/>\nFor Ever 0<br \/>\nTiro FC 0<br \/>\nVilla Alvear &#8211;<\/p>\n<p><img loading=\"lazy\" decoding=\"async\" class=\"aligncenter size-full wp-image-21077\" src=\"https:\/\/www.sportchaco.com.ar\/wp-content\/uploads\/2025\/06\/PARQUE-SOLAR_200x200-01-1.gif\" alt=\"\" width=\"417\" height=\"417\" \/><\/p>\n","protected":false},"excerpt":{"rendered":"<p>14-09-2025 Este domingo no hubo continuidad de la 1\u00aa fecha del torneo Clausura de la Liga Chaque\u00f1a por las inclemencias del tiempo. Por dicho motivo no pudieron jugar su partido por la zona \u00abA\u00bb, Municipal de Margarita Bel\u00e9n y Central Ben\u00edtez y el partido pas\u00f3 a reprogramarse para la semana entrante. Adem\u00e1s, por la misma &hellip;<\/p>\n","protected":false},"author":3,"featured_media":20470,"comment_status":"open","ping_status":"open","sticky":false,"template":"","format":"standard","meta":{"footnotes":""},"categories":[5],"tags":[],"class_list":["post-25432","post","type-post","status-publish","format-standard","has-post-thumbnail","hentry","category-futbol"],"_links":{"self":[{"href":"https:\/\/www.sportchaco.com.ar\/index.php?rest_route=\/wp\/v2\/posts\/25432","targetHints":{"allow":["GET"]}}],"collection":[{"href":"https:\/\/www.sportchaco.com.ar\/index.php?rest_route=\/wp\/v2\/posts"}],"about":[{"href":"https:\/\/www.sportchaco.com.ar\/index.php?rest_route=\/wp\/v2\/types\/post"}],"author":[{"embeddable":true,"href":"https:\/\/www.sportchaco.com.ar\/index.php?rest_route=\/wp\/v2\/users\/3"}],"replies":[{"embeddable":true,"href":"https:\/\/www.sportchaco.com.ar\/index.php?rest_route=%2Fwp%2Fv2%2Fcomments&post=25432"}],"version-history":[{"count":1,"href":"https:\/\/www.sportchaco.com.ar\/index.php?rest_route=\/wp\/v2\/posts\/25432\/revisions"}],"predecessor-version":[{"id":25433,"href":"https:\/\/www.sportchaco.com.ar\/index.php?rest_route=\/wp\/v2\/posts\/25432\/revisions\/25433"}],"wp:featuredmedia":[{"embeddable":true,"href":"https:\/\/www.sportchaco.com.ar\/index.php?rest_route=\/wp\/v2\/media\/20470"}],"wp:attachment":[{"href":"https:\/\/www.sportchaco.com.ar\/index.php?rest_route=%2Fwp%2Fv2%2Fmedia&parent=25432"}],"wp:term":[{"taxonomy":"category","embeddable":true,"href":"https:\/\/www.sportchaco.com.ar\/index.php?rest_route=%2Fwp%2Fv2%2Fcategories&post=25432"},{"taxonomy":"post_tag","embeddable":true,"href":"https:\/\/www.sportchaco.com.ar\/index.php?rest_route=%2Fwp%2Fv2%2Ftags&post=25432"}],"curies":[{"name":"wp","href":"https:\/\/api.w.org\/{rel}","templated":true}]}}