{"id":25469,"date":"2025-09-15T18:25:59","date_gmt":"2025-09-15T21:25:59","guid":{"rendered":"https:\/\/www.sportchaco.com.ar\/?p=25469"},"modified":"2025-09-15T20:03:15","modified_gmt":"2025-09-15T23:03:15","slug":"este-miercoles-llega-a-resistencia-el-gran-premio-historico-del-aca","status":"publish","type":"post","link":"https:\/\/www.sportchaco.com.ar\/?p=25469","title":{"rendered":"Este mi\u00e9rcoles llega a Resistencia el Gran Premio hist\u00f3rico del ACA"},"content":{"rendered":"<p><strong>15-09-2025<\/strong><\/p>\n<p><img loading=\"lazy\" decoding=\"async\" class=\"aligncenter size-large wp-image-19476\" src=\"https:\/\/www.sportchaco.com.ar\/wp-content\/uploads\/2025\/05\/Banners-creditos-otorgados-al-campo_940x90-1024x98.gif\" alt=\"\" width=\"1024\" height=\"98\" srcset=\"https:\/\/www.sportchaco.com.ar\/wp-content\/uploads\/2025\/05\/Banners-creditos-otorgados-al-campo_940x90-1024x98.gif 1024w, https:\/\/www.sportchaco.com.ar\/wp-content\/uploads\/2025\/05\/Banners-creditos-otorgados-al-campo_940x90-300x29.gif 300w, https:\/\/www.sportchaco.com.ar\/wp-content\/uploads\/2025\/05\/Banners-creditos-otorgados-al-campo_940x90-768x73.gif 768w, https:\/\/www.sportchaco.com.ar\/wp-content\/uploads\/2025\/05\/Banners-creditos-otorgados-al-campo_940x90-1536x147.gif 1536w\" sizes=\"auto, (max-width: 1024px) 100vw, 1024px\" \/><\/p>\n<p>Este mi\u00e9rcoles arribar\u00e1 a Resistencia la caravana de m\u00e1s de 120 autos que en competencia de regularidad est\u00e1n recorriendo distintas provincias de nuestro pa\u00eds en el marco del Gran Premio Hist\u00f3rico Argentino que organiza el Autom\u00f3vil Club Argentino.<\/p>\n<p>Desde las 18 comenzar\u00e1n a arribar a la capital del Chaco provenientes desde Puerto Iguaz\u00fa en una etapa agotadora para las tripulaciones que har\u00e1n parque cerrado en el Parque 2 de Febrero hasta las 7 de la ma\u00f1ana del jueves, donde largar\u00e1n la siguiente etapa desde la avenida 25 de Mayo en zona cercana a la plaza central hasta la avenida Wilde, donde los autos transitar\u00e1n por avenida Sabin hacia la autov\u00eda, cruzar\u00e1n el Puente Gral. Belgrano para dirigirse hacia la ciudad de Concordia (E. R\u00edos).<\/p>\n<p>Autoridades del ACA delegaci\u00f3n Resistencia han estado coordinando con distintos entes de la Municipalidad como as\u00ed tambi\u00e9n con el gobierno provincial distintos aspectos organizativos de esta competencia que tiene su atractivo deportivo y multicolor, ya que son de la partida modelos de autom\u00f3viles que atraen la atenci\u00f3n del p\u00fablico.<\/p>\n<p>Quienes quieran recabar informaci\u00f3n de esta competencia lo podr\u00e1n hacer en el sitio www.aca.org.ar o en gran_premio@aca o en org.ar de internet.<\/p>\n<div class=\"section-2-col article-header\">\n<div class=\"col 2-col\">\n<h2 class=\"h4 ff-16px-w700\">Los autos cl\u00e1sicos recorrieron 469 kil\u00f3metros entre rutas correntinas y misioneras<\/h2>\n<h1>Finaliz\u00f3 en Posadas la segunda etapa del Gran Premio Hist\u00f3rico<\/h1>\n<h2 class=\"h3 ff-20px-w400\">Este lunes, con altas probablidades de lluvias, tendr\u00e1 lugar la tercera etapa, uno de los tramos m\u00e1s duros y exigentes de la carrera, con destino final en Puerto Iguaz\u00fa.<\/h2>\n<div class=\"author\">\n<div class=\"author-inner\">\n<div class=\"author-thumbnail\"><\/div>\n<div class=\"author-name ff-14px-w800\"><span class=\"ff-w400\">Por<\/span>\u00a0Facundo Mart\u00ednez<\/div>\n<\/div>\n<\/div>\n<\/div>\n<\/div>\n<div class=\"section-2-col article-main-image\">\n<div class=\"col 1-col hide-on-mobile\">\n<div class=\"article-info \">\n<div class=\"sidebar-separator\">\n<div class=\"date modification-date ff-14px\"><time datetime=\"2025-09-15T12:21:01-03:00\">15 de septiembre de 2025 &#8211; P\u00e1gina 12<\/time><\/div>\n<\/div>\n<ul class=\"social-share-bar\">\n<li class=\"share bluesky\"><\/li>\n<li class=\"share twitter\"><\/li>\n<li class=\"share facebook\"><\/li>\n<li class=\"share linkedin\"><\/li>\n<li class=\"share mail\"><\/li>\n<li class=\"share whatsapp\"><\/li>\n<li class=\"share telegram\"><\/li>\n<\/ul>\n<\/div>\n<\/div>\n<div class=\"col 2-col\">\n<div class=\"article-main-media-image__container\">\n<div class=\"image-wrapper\">\n<figure><picture><source style=\"box-sizing: inherit;\" srcset=\"https:\/\/images.pagina12.com.ar\/styles\/focal_3_2_700x467\/public\/2025-09\/971950-24a-foto-20juan-20biaggini-prensa-20aca.JPG?h=95651f9d&amp;itok=3hMhfMls\" media=\"(width &gt; 768px)\" \/><source srcset=\"https:\/\/images.pagina12.com.ar\/styles\/focal_3_2_470x313\/public\/2025-09\/971950-24a-foto-20juan-20biaggini-prensa-20aca.JPG?h=95651f9d&amp;itok=37dwpzba\" media=\"(width &lt;= 768px)\" \/><img decoding=\"async\" class=\" image\" src=\"https:\/\/images.pagina12.com.ar\/styles\/focal_3_2_470x313\/public\/2025-09\/971950-24a-foto-20juan-20biaggini-prensa-20aca.JPG?h=95651f9d&amp;itok=37dwpzba\" alt=\"Andr\u00e9s Castelli y Juli\u00e1n Quatrocchi (Fiat 128, de 1975), l\u00edderes de la Etapa 2 y de la general.\u00a0\" \/><\/picture><figcaption>Andr\u00e9s Castelli y Juli\u00e1n Quatrocchi (Fiat 128, de 1975), l\u00edderes de la Etapa 2 y de la general.\u00a0. Imagen: Prensa<\/figcaption><\/figure>\n<\/div>\n<\/div>\n<\/div>\n<\/div>\n<div class=\"section-2-col article-main-content\">\n<div class=\"col 1-col cxense-articles\"><\/div>\n<div class=\"col 2-col\">\n<div class=\"article-main-content article-text  \">\n<p>Desde Posadas<\/p>\n<p><b>La costanera de la ciudad de Posadas fue el escenario elegido para la llegada y posterior exhibici\u00f3n de la caravana de autos cl\u00e1sicos\u00a0<\/b>que participan de la XXII edici\u00f3n del Gran Premio Hist\u00f3rico, la carrera de regularidad m\u00e1s importante de la regi\u00f3n y que reparte puntos para el campeonato argentino de la especialidad y para el campeonato de la Confederaci\u00f3n deportiva automovil\u00edstica sudamericana (Codasur).<\/p>\n<div id=\"talkFireEvent\"><\/div>\n<p><b>Sobre la bah\u00eda El Brete del r\u00edo Paran\u00e1 y luego de un recorrido de 469 kil\u00f3metros<\/b>\u00a0por las localidades de Bella Vista, Saladas -la tierra del sargento Juan Bautista Cabral, que dio la vida por San Mart\u00edn en la batalla de San Lorenzo el 3 de febrero de 1813 y cuyos restos fueron restituidos a su ciudad natal luego de 212 a\u00f1os el pasado 2 de agosto- y luego Ituzaing\u00f3 hasta el arribo a Posadas,\u00a0<b>los binomios completaron 1.212 kil\u00f3metros de los 3.321 que contempla la carrera.\u00a0<\/b><\/p>\n<div class=\"slot-available\"><\/div>\n<div class=\"iframely-embed medium-embedded-content\" data-html=\"Jmx0O2RpdiZndDsmbHQ7ZGl2IHN0eWxlPSJsZWZ0OiAwOyB3aWR0aDogMTAwJTsgaGVpZ2h0OiAwOyBwb3NpdGlvbjogcmVsYXRpdmU7IHBhZGRpbmctYm90dG9tOiA1Ni4wNDE3JTsiJmd0OyZsdDtpZnJhbWUgc3JjPSJodHRwczovL2lmcmFtZWx5LnBhZ2luYTEyLmNvbS5hci9hcGkvaWZyYW1lP2NsaWNrX3RvX3BsYXk9MSZhbXA7dXJsPWh0dHBzJTNBJTJGJTJGZ2VvLmRhaWx5bW90aW9uLmNvbSUyRnBsYXllciUyRnh0NWVlLmh0bWwlM0Z2aWRlbyUzRHg5cWw2d2smYW1wO2tleT00Njc2YjVmZGMwODMyNTdlYTg3ZjcxNjA4Yzc0ZTlmZSIgc3R5bGU9InRvcDogMDsgbGVmdDogMDsgd2lkdGg6IDEwMCU7IGhlaWdodDogMTAwJTsgcG9zaXRpb246IGFic29sdXRlOyBib3JkZXI6IDA7IiBhbGxvd2Z1bGxzY3JlZW4gc2Nyb2xsaW5nPSJubyIgYWxsb3c9ImVuY3J5cHRlZC1tZWRpYSAqOyImZ3Q7Jmx0Oy9pZnJhbWUmZ3Q7Jmx0Oy9kaXYmZ3Q7Jmx0Oy9kaXYmZ3Q7Jmx0O2RpdiBjbGFzcz0ibWVkaXVtLWluc2VydC1lbWJlZHMtbWV0YSImZ3Q7Jmx0O3NjcmlwdCB0eXBlPSJ0ZXh0L2pzb24iJmd0O3sidXJsIjoiaHR0cHM6Ly9nZW8uZGFpbHltb3Rpb24uY29tL3BsYXllci94dDVlZS5odG1sP3ZpZGVvPXg5cWw2d2siLCJ0eXBlIjoidmlkZW8iLCJ2ZXJzaW9uIjoiMS4wIiwidGl0bGUiOiJGaW5hbGl6w7MgZW4gUG9zYWRhcyBsYSBzZWd1bmRhIGV0YXBhIGRlbCBHcmFuIFByZW1pbyBIaXN0w7NyaWNvIiwiYXV0aG9yIjoiUMOhZ2luYTEyIiwiYXV0aG9yX3VybCI6Imh0dHBzOi8vd3d3LmRhaWx5bW90aW9uLmNvbS9QYWdpbmExMiIsInByb3ZpZGVyX25hbWUiOiJEYWlseW1vdGlvbiIsImRlc2NyaXB0aW9uIjoiVmVyIEZpbmFsaXrDsyBlbiBQb3NhZGFzIGxhIHNlZ3VuZGEgZXRhcGEgZGVsIEdyYW4gUHJlbWlvIEhpc3TDs3JpY28gLSBQw6FnaW5hMTIgZW4gRGFpbHltb3Rpb24iLCJ0aHVtYm5haWxfdXJsIjoiaHR0cHM6Ly9zMS5kbWNkbi5uZXQvdi9aNkpHcTFlbzJudk5peWxYdC94NzIwIiwidGh1bWJuYWlsX3dpZHRoIjoxMjgwLCJ0aHVtYm5haWxfaGVpZ2h0Ijo3MjAsImNhY2hlX2FnZSI6ODY0MDB9Jmx0Oy9zY3JpcHQmZ3Q7Jmx0Oy9kaXYmZ3Q7\">\n<div class=\"iframely-embed\">\n<div class=\"iframely-responsive\"><iframe src=\"https:\/\/iframely.pagina12.com.ar\/api\/iframe?url=https%3A%2F%2Fgeo.dailymotion.com%2Fplayer%2Fxt5ee.html%3Fvideo%3Dx9ql6wk&amp;v=1&amp;app=1&amp;key=4676b5fdc083257ea87f71608c74e9fe&amp;playerjs=1\" scrolling=\"no\" allowfullscreen=\"allowfullscreen\" data-mce-fragment=\"1\"><\/iframe><\/div>\n<\/div>\n<\/div>\n<p>Desde las primeras horas de la ma\u00f1ana\u00a0<b>los fan\u00e1ticos goyenses acompa\u00f1aron la partida de los autos, d\u00e1ndoles \u00e1mino y agradeciendo a los pilotos y navegantes la generosidad con la exhiben sus joyas del automovilismo nacional<\/b>, y el arribo a la ciudad de Posadas no se qued\u00f3 atr\u00e1s. Curiosos y fierreros, que en algunos casos trajeron sus propios autos para sumar, aunque sea por un rato, su granito de arena al museo itinerante de los cl\u00e1sicos de todos los tiempos, se prendieron en las charlas alrededor de los autos que son un sello distintivo del GPH.<\/p>\n<div class=\"medium-insert-embeds\">\n<figure>\n<div class=\"medium-insert-embed\">\n<div align=\"center\">\n<figure class=\"caption caption-drupal-entity\" role=\"group\">\n<div class=\"embedded-entity\" data-embed-button=\"media_image_button\" data-entity-embed-display=\"view_mode:media.single_media_image_460\" data-entity-type=\"media\" data-entity-uuid=\"24d6bd72-1cb7-4c1b-8189-2d0f5f590b31\" data-langcode=\"es\" data-entity-embed-display-settings=\"[]\">\n<article class=\"media media--type-image media--view-mode-single-media-image-460\">\n<div class=\"field field--name-field-media-image field--type-image field--label-hidden field__item\"><img loading=\"lazy\" decoding=\"async\" class=\"image-style-width960\" src=\"https:\/\/images.pagina12.com.ar\/styles\/width960\/public\/2025-09\/971950-24a-prensa.jpg?itok=PMeWcyUR\" width=\"960\" height=\"639\" \/><\/div>\n<\/article>\n<\/div><figcaption>Jorge Revello, vicepresidente del ACA recibe a los competidores en Posadas \/ Prensa ACA Juan Biaggini.\u00a0<\/figcaption><\/figure>\n<\/div>\n<\/div>\n<\/figure>\n<div class=\"medium-insert-embeds-overlay\"><\/div>\n<\/div>\n<div class=\"slot-available\"><\/div>\n<p>Es que\u00a0<b>el Gran Premio Hist\u00f3rico es un verdadero lugar de encuentro, en el que los fan\u00e1ticos intercambian ideas, an\u00e9cdotas y, por supuesto, conocimientos e informaci\u00f3n<\/b>\u00a0relevante para los amantes de los fierros. \u00bfC\u00f3mo est\u00e1 el tema del regreso del Rally Mundial y la F\u00f3rmula 1 a la Argentina? Voz autorizada es la del\u00a0<b>presidente del Autom\u00f3vil Club Argentino, C\u00e9sar Carman. \u00abEstamos trabajando fuertemente para la vuelta del Rally Mundial y para el regreso de la F\u00f3rmula 1. Lo primero est\u00e1 m\u00e1s cerca y, obviamente, para la F\u00f3rmula 1 necesitamos la reformulaci\u00f3n del aut\u00f3dromo de Buenos Aires<\/b>\u00a0&#8211;<i>NdeR: ya anunciada para la edici\u00f3n 2026 del Gran Premio de la Rep\u00fablica Argentina de MotoGP<\/i>-, que es una condici\u00f3n necesaria pero no suficiente\u00bb, coment\u00f3 el dirigente.<\/p>\n<p>Sin embargo, m\u00e1s all\u00e1 del entusiasmo que ha generado la presencia del Franco Colapinto en la m\u00e1xima categor\u00eda, lo cierto es que\u00a0<b>la competencia por conseguir una fecha en el calendario de la WRC Championship y la F1 es cada d\u00eda m\u00e1s fuerte<\/b>. \u00abEstamos trabajando en un ambiente que se ha vuelto muy competitivo. Es decir,\u00a0<b>hay muchos pa\u00edses de la regi\u00f3n interesados en el Rally Mundial como, por ejemplo, Paraguay y Chile<\/b>, que est\u00e1n en una competencia agresiva pero sana.\u00a0<b>Y ni hablar en la F\u00f3rmula 1, donde es todav\u00eda m\u00e1s impresionante la competencia. Nosotros apostamos al 2028, pero ya hay cinco candidatos anotados\u00bb, coment\u00f3 Carman<\/b>. La instituci\u00f3n que preside es nada m\u00e1s y nada menos que la que representa a la Federaci\u00f3n Internacional del Autom\u00f3vil (FIA) en el pa\u00eds.<\/p>\n<div class=\"slot-available\"><\/div>\n<p><b>La segunda etapa la ganaron Andr\u00e9s Castelli y Juli\u00e1n Quatrocchi (Fiat 128, de 1975), quien tras haber terminado segundos la primera etapa lideran ahora la clasificaci\u00f3n general<\/b>\u00a0delante de Luis Lionetti y Luis Favuzzi (Peugeot 404 de 1973), tambi\u00e9n segundos en etapa 2; terceros en la general quedaron Sergio y Pedro Laguzzi (Fiat 1500 Berlina de 1969). Mientras que, terceros en la etapa 2 quedmaron Marcelo G\u00f3mez y Juan Carlos Quiroga (Renault 12 de 1976).\u00a0<b>Los que no tuvieron una buena jornada fueron los ganadores de la primera etapa, Mariano Cort\u00e9s Ramos e Ignacio Cort\u00e9s Maccarini (Fiat 128, de 1971), quienes terminaron 19\u00b0 en la etapa<\/b>\u00a0y bajaron al 5\u00b0 puesto de la general.<\/p>\n<div class=\"medium-insert-embeds\">\n<figure>\n<div class=\"medium-insert-embed\">\n<div align=\"center\">\n<figure class=\"caption caption-drupal-entity\" role=\"group\">\n<div class=\"embedded-entity\" data-embed-button=\"media_image_button\" data-entity-embed-display=\"view_mode:media.single_media_image_460\" data-entity-type=\"media\" data-entity-uuid=\"4a5ed1f9-0a9c-45f2-ae8f-95475165313d\" data-langcode=\"es\" data-entity-embed-display-settings=\"[]\">\n<article class=\"media media--type-image media--view-mode-single-media-image-460\">\n<div class=\"field field--name-field-media-image field--type-image field--label-hidden field__item\"><img loading=\"lazy\" decoding=\"async\" class=\"image-style-width960\" src=\"https:\/\/images.pagina12.com.ar\/styles\/width960\/public\/2025-09\/971950-24a-prensa-20aca.JPG?itok=hxYqbYzA\" width=\"960\" height=\"640\" \/><\/div>\n<\/article>\n<\/div><figcaption>Mala jornada para Mariano Cort\u00e9s Ramos e Ignacio Cort\u00e9s Maccarini (Fiat 128, de 1971), ahora quintos en la general \/ Prensa ACA Juan Biaggini.\u00a0<\/figcaption><\/figure>\n<\/div>\n<\/div>\n<\/figure>\n<div class=\"medium-insert-embeds-overlay\"><\/div>\n<\/div>\n<div class=\"slot-available\"><\/div>\n<p><b>Este lunes se llevar\u00e1 a cabo la tercera etapa de la carrera, unos 518 kil\u00f3metros por rutas y caminos de la sierras misioneras para unir la ciudad de Posadas con Puerto Iguaz\u00fa<\/b>, con pasos por La Cascada, Ober\u00e1, Panamb\u00ed, El Soberbio, San Vicente, El Alcazar, El Dorado y Wanda. Una vez en la ciudad tur\u00edstica de Puerto Iguaz\u00fa, autos y tripulantes tendr\u00e1n una jornada de descanso, para a partir del pr\u00f3ximo mi\u00e9rcoles emprender el regreso con destino final en la provincia de Santa Fe.<\/p>\n<\/div>\n<\/div>\n<\/div>\n<p><img loading=\"lazy\" decoding=\"async\" class=\"aligncenter size-large wp-image-20715\" src=\"https:\/\/www.sportchaco.com.ar\/wp-content\/uploads\/2025\/06\/BANNER-WEB-CHACO-JUEGA_1080x1350-1-1-819x1024.gif\" alt=\"\" width=\"819\" height=\"1024\" srcset=\"https:\/\/www.sportchaco.com.ar\/wp-content\/uploads\/2025\/06\/BANNER-WEB-CHACO-JUEGA_1080x1350-1-1-819x1024.gif 819w, https:\/\/www.sportchaco.com.ar\/wp-content\/uploads\/2025\/06\/BANNER-WEB-CHACO-JUEGA_1080x1350-1-1-240x300.gif 240w, https:\/\/www.sportchaco.com.ar\/wp-content\/uploads\/2025\/06\/BANNER-WEB-CHACO-JUEGA_1080x1350-1-1-768x960.gif 768w\" sizes=\"auto, (max-width: 819px) 100vw, 819px\" \/><\/p>\n","protected":false},"excerpt":{"rendered":"<p>15-09-2025 Este mi\u00e9rcoles arribar\u00e1 a Resistencia la caravana de m\u00e1s de 120 autos que en competencia de regularidad est\u00e1n recorriendo distintas provincias de nuestro pa\u00eds en el marco del Gran Premio Hist\u00f3rico Argentino que organiza el Autom\u00f3vil Club Argentino. Desde las 18 comenzar\u00e1n a arribar a la capital del Chaco provenientes desde Puerto Iguaz\u00fa en &hellip;<\/p>\n","protected":false},"author":3,"featured_media":25470,"comment_status":"open","ping_status":"open","sticky":false,"template":"","format":"standard","meta":{"footnotes":""},"categories":[2],"tags":[],"class_list":["post-25469","post","type-post","status-publish","format-standard","has-post-thumbnail","hentry","category-automovilismo"],"_links":{"self":[{"href":"https:\/\/www.sportchaco.com.ar\/index.php?rest_route=\/wp\/v2\/posts\/25469","targetHints":{"allow":["GET"]}}],"collection":[{"href":"https:\/\/www.sportchaco.com.ar\/index.php?rest_route=\/wp\/v2\/posts"}],"about":[{"href":"https:\/\/www.sportchaco.com.ar\/index.php?rest_route=\/wp\/v2\/types\/post"}],"author":[{"embeddable":true,"href":"https:\/\/www.sportchaco.com.ar\/index.php?rest_route=\/wp\/v2\/users\/3"}],"replies":[{"embeddable":true,"href":"https:\/\/www.sportchaco.com.ar\/index.php?rest_route=%2Fwp%2Fv2%2Fcomments&post=25469"}],"version-history":[{"count":2,"href":"https:\/\/www.sportchaco.com.ar\/index.php?rest_route=\/wp\/v2\/posts\/25469\/revisions"}],"predecessor-version":[{"id":25488,"href":"https:\/\/www.sportchaco.com.ar\/index.php?rest_route=\/wp\/v2\/posts\/25469\/revisions\/25488"}],"wp:featuredmedia":[{"embeddable":true,"href":"https:\/\/www.sportchaco.com.ar\/index.php?rest_route=\/wp\/v2\/media\/25470"}],"wp:attachment":[{"href":"https:\/\/www.sportchaco.com.ar\/index.php?rest_route=%2Fwp%2Fv2%2Fmedia&parent=25469"}],"wp:term":[{"taxonomy":"category","embeddable":true,"href":"https:\/\/www.sportchaco.com.ar\/index.php?rest_route=%2Fwp%2Fv2%2Fcategories&post=25469"},{"taxonomy":"post_tag","embeddable":true,"href":"https:\/\/www.sportchaco.com.ar\/index.php?rest_route=%2Fwp%2Fv2%2Ftags&post=25469"}],"curies":[{"name":"wp","href":"https:\/\/api.w.org\/{rel}","templated":true}]}}