{"id":25494,"date":"2025-09-15T23:09:20","date_gmt":"2025-09-16T02:09:20","guid":{"rendered":"https:\/\/www.sportchaco.com.ar\/?p=25494"},"modified":"2025-09-15T23:09:20","modified_gmt":"2025-09-16T02:09:20","slug":"luciano-de-cecco-record-sexto-mundial-de-su-carrera","status":"publish","type":"post","link":"https:\/\/www.sportchaco.com.ar\/?p=25494","title":{"rendered":"Luciano De Cecco r\u00e9cord: Sexto mundial de su carrera"},"content":{"rendered":"<div class=\"xdj266r x14z9mp xat24cr x1lziwak x1vvkbs x126k92a\">\n<div dir=\"auto\">\u00a0Luciano De Cecco \u00a0se convirti\u00f3 en el jugador de volleyball masculino con m\u00e1s Campeonatos Mundiales disputados. \u00a0Lleg\u00f3 a 6 en Philipinas 2025 con su partido \u00a0Finlandia y rompi\u00f3 el r\u00e9cord. \u00a0Ten\u00eda 18 a\u00f1os cuando jug\u00f3 el primero en 2006. Hoy tiene 37 a\u00f1os y es \u201cLEYENDA\u201d del Voleibol Internacional<\/div>\n<div dir=\"auto\"><\/div>\n<\/div>\n<div class=\"x14z9mp xat24cr x1lziwak x1vvkbs xtlvy1s x126k92a\">\n<div dir=\"auto\">Luciano De Cecco: \u201cEstoy orgulloso de mi camino en la Selecci\u00f3n\u201d sobre su r\u00e9cord de 6 mundiales para ESPN<\/div>\n<div dir=\"auto\"><\/div>\n<\/div>\n<div class=\"x14z9mp xat24cr x1lziwak x1vvkbs xtlvy1s x126k92a\">\n<div dir=\"auto\">Estoy contento, por supuesto, pero no m\u00e1s que eso. De hecho, en <span class=\"html-span xdj266r x14z9mp xat24cr x1lziwak xexx8yu xyri2b x18d9i69 x1c1uobl x1hl2dhg x16tdsg8 x1vvkbs\"><a class=\"x1i10hfl xjbqb8w x1ejq31n x18oe1m7 x1sy0etr xstzfhl x972fbf x10w94by x1qhh985 x14e42zd x9f619 x1ypdohk xt0psk2 x3ct3a4 xdj266r x14z9mp xat24cr x1lziwak xexx8yu xyri2b x18d9i69 x1c1uobl x16tdsg8 x1hl2dhg xggy1nq x1a2a7pz xkrqix3 x1sur9pj x1fey0fg x1s688f\" tabindex=\"0\" role=\"link\" href=\"https:\/\/www.facebook.com\/hashtag\/volleyballworld?__eep__=6&amp;__cft__[0]=AZUDKmEHGaRZ8Htcnii0cU9Xvvwz3YIJpgGGXKaONzq7JwywW-EFe33jCo83hDd9vMjHQLMnEmMv0LL-FIrZYcqnepHD2w06PMK9iqBqxD9BzwaUro3E3sY_38ateeXbiBLIm9gGzBNeK0PGOMAUV97QK-IyDCkAMGbTqikEy2oToq_90OgUA9vRYS3Ok3hH1yYTQFwSdKi0D0Z0ZdnUVQOLw4GdhQDAi8bjQwVsEhXbog\">#VolleyballWorld<\/a><\/span> me hicieron una entrevista y le dieron mucho \u00e9nfasis, pero en mi pa\u00eds siento que a casi nadie le importa, as\u00ed que tambi\u00e9n me lo tomo con mucha calma, dijo De Cecco en di\u00e1logo con <span class=\"html-span xdj266r x14z9mp xat24cr x1lziwak xexx8yu xyri2b x18d9i69 x1c1uobl x1hl2dhg x16tdsg8 x1vvkbs\"><a class=\"x1i10hfl xjbqb8w x1ejq31n x18oe1m7 x1sy0etr xstzfhl x972fbf x10w94by x1qhh985 x14e42zd x9f619 x1ypdohk xt0psk2 x3ct3a4 xdj266r x14z9mp xat24cr x1lziwak xexx8yu xyri2b x18d9i69 x1c1uobl x16tdsg8 x1hl2dhg xggy1nq x1a2a7pz xkrqix3 x1sur9pj x1fey0fg x1s688f\" tabindex=\"0\" role=\"link\" href=\"https:\/\/l.facebook.com\/l.php?u=http%3A%2F%2FESPN.com%2F&amp;h=AT0vwvBH0_9d1kIYKwa1J9oaoW6WVI9q1lj5o__hIxehv5xCjIIHsYaj716Vm97CtyNpFzDA3Lon-8_gWnLh5Am1lsTPFEA_ZKSoiJPMVsYXyWEtsnh0Q23aXEQk1DMg_vNyIoQWFscJoQ&amp;h=AT0vwvBH0_9d1kIYKwa1J9oaoW6WVI9q1lj5o__hIxehv5xCjIIHsYaj716Vm97CtyNpFzDA3Lon-8_gWnLh5Am1lsTPFEA_ZKSoiJPMVsYXyWEtsnh0Q23aXEQk1DMg_vNyIoQWFscJoQ&amp;h=AT0vwvBH0_9d1kIYKwa1J9oaoW6WVI9q1lj5o__hIxehv5xCjIIHsYaj716Vm97CtyNpFzDA3Lon-8_gWnLh5Am1lsTPFEA_ZKSoiJPMVsYXyWEtsnh0Q23aXEQk1DMg_vNyIoQWFscJoQ\" target=\"_blank\" rel=\"nofollow noopener noreferrer\">ESPN.com.<\/a><\/span> Esa falta de visibilidad tambi\u00e9n tiene un lado positivo, porque ayuda a no distraerse y a estar concentrado en lo que me toca hacer, que es jugar, agreg\u00f3 en la conversaci\u00f3n telef\u00f3nica desde Filipinas.<\/div>\n<div dir=\"auto\"><\/div>\n<\/div>\n<div class=\"x14z9mp xat24cr x1lziwak x1vvkbs xtlvy1s x126k92a\">\n<div dir=\"auto\">\u00a0Me pone orgulloso que un argentino est\u00e9 ah\u00ed, en lo m\u00e1s alto de la lista de los de los que m\u00e1s Mundiales jugaron. Eso est\u00e1 bueno. De todos modos, con el nuevo formato de Mundiales cada dos a\u00f1os, obviamente muchos otros van a llegar a seis Mundiales. No va a ser tan dif\u00edcil; afirm\u00f3.<\/div>\n<\/div>\n<div class=\"x14z9mp xat24cr x1lziwak x1vvkbs xtlvy1s x126k92a\">\n<div dir=\"auto\">\u00a0De lo que estoy verdaderamente orgulloso es de mi camino en la Selecci\u00f3n. M\u00e1s all\u00e1 de los pro y los contra, para m\u00ed la Selecci\u00f3n es lo m\u00e1s grande que hay. Jugu\u00e9 por amor a la camiseta y nunca me detuve, continu\u00f3 De Cecco.<\/div>\n<div dir=\"auto\"><\/div>\n<\/div>\n<div class=\"x14z9mp xat24cr x1lziwak x1vvkbs xtlvy1s x126k92a\">\n<div dir=\"auto\">All\u00ed, el armador de 37 a\u00f1os subray\u00f3 que la vida \u00fatil de un jugador de selecci\u00f3n depende de lo que haga fuera del equipo nacional para mantenerse en la \u00e9lite de su deporte: despu\u00e9s de 15 temporadas en la Liga Italiana, la NBA del v\u00f3leibol, ahora se mudar\u00e1 a la PlusLiga polaca, otra de las mejores competencias del mundo.<\/div>\n<div dir=\"auto\"><\/div>\n<\/div>\n<div class=\"x14z9mp xat24cr x1lziwak x1vvkbs xtlvy1s x126k92a\">\n<div dir=\"auto\">En Polonia-Eslovenia 2022, el excapit\u00e1n supuso que hab\u00eda disputado su \u00faltimo Mundial. Sin embargo, el cambio de formato favoreci\u00f3 el camino, aunque hasta hace unos meses a\u00fan se dudaba sobre su presencia en Filipinas 2025.<\/div>\n<\/div>\n<div dir=\"auto\"><img decoding=\"async\" src=\"https:\/\/scontent.fcnq2-2.fna.fbcdn.net\/v\/t51.82787-15\/549475502_17885267730364707_3855758500842814354_n.jpg?stp=dst-jpg_p526x296_tt6&amp;_nc_cat=1&amp;ccb=1-7&amp;_nc_sid=127cfc&amp;_nc_eui2=AeGa2171TrKdqQCsmc5sjzive5IE7IhYQ3J7kgTsiFhDcsdanbBtN8yzoVI2Vk3oMoY&amp;_nc_ohc=OCkl4lYn0PMQ7kNvwG2VnSy&amp;_nc_oc=AdkYx6He08XtMlRgaqmx98ooavKpvSRUcC6Otoh-RJPuC0topd4XjLdD6jUI5icN_qw&amp;_nc_zt=23&amp;_nc_ht=scontent.fcnq2-2.fna&amp;_nc_gid=wy351WkVJJpwe3X5h0osKg&amp;oh=00_Afbwig8cEF0vP0F5VThRoxbjvPntxtVZAPkQ78zHg1xD_g&amp;oe=68CE9969\" alt=\"Puede ser una imagen de 9 personas, personas jugando al v\u00f3leibol, personas jugando al f\u00fatbol y texto\" \/><\/div>\n<div class=\"x14z9mp xat24cr x1lziwak x1vvkbs xtlvy1s x126k92a\">\n<div dir=\"auto\"><\/div>\n<\/div>\n","protected":false},"excerpt":{"rendered":"<p>\u00a0Luciano De Cecco \u00a0se convirti\u00f3 en el jugador de volleyball masculino con m\u00e1s Campeonatos Mundiales disputados. \u00a0Lleg\u00f3 a 6 en Philipinas 2025 con su partido \u00a0Finlandia y rompi\u00f3 el r\u00e9cord. \u00a0Ten\u00eda 18 a\u00f1os cuando jug\u00f3 el primero en 2006. Hoy tiene 37 a\u00f1os y es \u201cLEYENDA\u201d del Voleibol Internacional Luciano De Cecco: \u201cEstoy orgulloso de &hellip;<\/p>\n","protected":false},"author":2,"featured_media":25495,"comment_status":"open","ping_status":"open","sticky":false,"template":"","format":"standard","meta":{"footnotes":""},"categories":[50],"tags":[],"class_list":["post-25494","post","type-post","status-publish","format-standard","has-post-thumbnail","hentry","category-voleibol"],"_links":{"self":[{"href":"https:\/\/www.sportchaco.com.ar\/index.php?rest_route=\/wp\/v2\/posts\/25494","targetHints":{"allow":["GET"]}}],"collection":[{"href":"https:\/\/www.sportchaco.com.ar\/index.php?rest_route=\/wp\/v2\/posts"}],"about":[{"href":"https:\/\/www.sportchaco.com.ar\/index.php?rest_route=\/wp\/v2\/types\/post"}],"author":[{"embeddable":true,"href":"https:\/\/www.sportchaco.com.ar\/index.php?rest_route=\/wp\/v2\/users\/2"}],"replies":[{"embeddable":true,"href":"https:\/\/www.sportchaco.com.ar\/index.php?rest_route=%2Fwp%2Fv2%2Fcomments&post=25494"}],"version-history":[{"count":1,"href":"https:\/\/www.sportchaco.com.ar\/index.php?rest_route=\/wp\/v2\/posts\/25494\/revisions"}],"predecessor-version":[{"id":25496,"href":"https:\/\/www.sportchaco.com.ar\/index.php?rest_route=\/wp\/v2\/posts\/25494\/revisions\/25496"}],"wp:featuredmedia":[{"embeddable":true,"href":"https:\/\/www.sportchaco.com.ar\/index.php?rest_route=\/wp\/v2\/media\/25495"}],"wp:attachment":[{"href":"https:\/\/www.sportchaco.com.ar\/index.php?rest_route=%2Fwp%2Fv2%2Fmedia&parent=25494"}],"wp:term":[{"taxonomy":"category","embeddable":true,"href":"https:\/\/www.sportchaco.com.ar\/index.php?rest_route=%2Fwp%2Fv2%2Fcategories&post=25494"},{"taxonomy":"post_tag","embeddable":true,"href":"https:\/\/www.sportchaco.com.ar\/index.php?rest_route=%2Fwp%2Fv2%2Ftags&post=25494"}],"curies":[{"name":"wp","href":"https:\/\/api.w.org\/{rel}","templated":true}]}}