{"id":25497,"date":"2025-09-16T23:23:13","date_gmt":"2025-09-17T02:23:13","guid":{"rendered":"https:\/\/www.sportchaco.com.ar\/?p=25497"},"modified":"2025-09-16T23:23:42","modified_gmt":"2025-09-17T02:23:42","slug":"efemerides-del-17-de-septiembre-2","status":"publish","type":"post","link":"https:\/\/www.sportchaco.com.ar\/?p=25497","title":{"rendered":"Efem\u00e9rides del 17 de septiembre"},"content":{"rendered":"<div class=\"container fullwidth-entry-title-wrapper\">\n<div class=\"container-wrapper fullwidth-entry-title\">\n<header class=\"entry-header-outer\">\n<div class=\"entry-header\">\n<h1 class=\"post-title entry-title\"><\/h1>\n<div class=\"single-post-meta post-meta clearfix\"><\/div>\n<\/div>\n<\/header>\n<\/div>\n<\/div>\n<div id=\"content\" class=\"site-content container\">\n<div id=\"main-content-row\" class=\"tie-row main-content-row\">\n<div class=\"main-content tie-col-md-8 tie-col-xs-12\" role=\"main\">\n<article id=\"the-post\" class=\"container-wrapper post-content tie-standard\">\n<div class=\"featured-area\">\n<div class=\"featured-area-inner\"><\/div>\n<\/div>\n<div class=\"entry-content entry clearfix\">\n<p><strong>Esta es la Efem\u00e9rides del Deporte en el Chaco de un 17 de septiembre del periodista Luis Dar\u00edo Molodezky.<\/strong><\/p>\n<p><strong>\u00a0<\/strong><\/p>\n<p><img loading=\"lazy\" decoding=\"async\" class=\"alignnone size-full wp-image-25479 aligncenter\" src=\"https:\/\/www.sportchaco.com.ar\/wp-content\/uploads\/2025\/09\/Luis-carita-287x300-1.jpg\" alt=\"\" width=\"287\" height=\"300\" \/><\/p>\n<p><strong>1935\u00a0<\/strong>\/ Se crea el Club de Basketball Alberdi, integrado al comienzo por los hermanos G\u00f3mez, Alfredo Cornell, Jos\u00e9 De la Corte, Ricardo Sosa, Sequeira, Scarpino, Smith, Dellatorre, \u00a0P\u00e9rtile, Belloe y otros.<\/p>\n<p><strong>1936\u00a0<\/strong>\/ Organizada por la Pe\u00f1a Ib\u00e9rica, se disputa un torneo de bochas que fue ganada por la pareja conformada por Cerruti y L. Viola, seguidos por Bermejo-Esperanza y Piatti.<\/p>\n<p><strong>1965\u00a0<\/strong>\/ Nace en General Pinedo, el boxeador Roberto Schoning. Como profesional realiz\u00f3 53 combates, con 37 triunfos y 16 derrotas. Realiz\u00f3 la mayor\u00eda de sus peleas en S\u00e1enz Pe\u00f1a, aunque debut\u00f3 en la categor\u00eda s\u00faper pluma en Mercedes, Corrientes, en noviembre de 1985. Se retir\u00f3 con 34 a\u00f1os. Fue campe\u00f3n argentino amateur en 1981 mosca. Al final, la vida no le depar\u00f3 un buen destino ya que en los \u00faltimos a\u00f1os se lo vio indigente y viendo en las calles de Buenos Aires<\/p>\n<p><strong>1983\u00a0<\/strong>\/ Jorge y H\u00e9ctor Alfredo Maidana, representando al Chaco Golf Club, ganaron la Pesca del Dorado en Paso de la Patria, con la captura de 9 dorados que pesaron 75 kilogramos. En segundo lugar se ubicaron Andr\u00e9s Gim\u00e9nez y Emilio Carrara del Club Caza y Pesca de Corzuela, con 4 dorados. La pieza mayor fue para Daniel Barbetti, con un dorado de 16,900 kg, representando al Indians y en el marco del torneo Federativo.<\/p>\n<p><img loading=\"lazy\" decoding=\"async\" class=\"attachment-jannah-image-post size-jannah-image-post wp-post-image aligncenter\" src=\"https:\/\/www.sportchaco.com.ar\/wp-content\/uploads\/2024\/09\/munoz-marchessi-fr.jpg\" alt=\"\" width=\"269\" height=\"187\" data-main-img=\"1\" \/><\/p>\n<p><strong>2006\u00a0<\/strong>\/ El chaque\u00f1o Mat\u00edas Mu\u00f1oz Marchesi obtuvo su primer triunfo con un auto de F\u00f3rmula. Fue en la competitiva F\u00f3rmula Interprovincial Plus que se disput\u00f3 en el aut\u00f3dromo \u201cOscar Cabal\u00e9n\u201d de Alta Gracia, C\u00f3rdoba.<\/p>\n<p><img decoding=\"async\" src=\"https:\/\/www.sportchaco.com.ar\/wp-content\/uploads\/2025\/09\/schoning-salazar1-1981-1.jpg\" \/><\/p>\n<p><strong>Robergo Schoning y Carlos Salazar en Buenos Aires<\/strong><\/p>\n<\/div>\n<\/article>\n<\/div>\n<\/div>\n<\/div>\n","protected":false},"excerpt":{"rendered":"<p>Esta es la Efem\u00e9rides del Deporte en el Chaco de un 17 de septiembre del periodista Luis Dar\u00edo Molodezky. \u00a0 1935\u00a0\/ Se crea el Club de Basketball Alberdi, integrado al comienzo por los hermanos G\u00f3mez, Alfredo Cornell, Jos\u00e9 De la Corte, Ricardo Sosa, Sequeira, Scarpino, Smith, Dellatorre, \u00a0P\u00e9rtile, Belloe y otros. 1936\u00a0\/ Organizada por la &hellip;<\/p>\n","protected":false},"author":2,"featured_media":25501,"comment_status":"open","ping_status":"open","sticky":false,"template":"","format":"standard","meta":{"footnotes":""},"categories":[45,39],"tags":[],"class_list":["post-25497","post","type-post","status-publish","format-standard","has-post-thumbnail","hentry","category-efemerides-dia-por-dia","category-septiembre"],"_links":{"self":[{"href":"https:\/\/www.sportchaco.com.ar\/index.php?rest_route=\/wp\/v2\/posts\/25497","targetHints":{"allow":["GET"]}}],"collection":[{"href":"https:\/\/www.sportchaco.com.ar\/index.php?rest_route=\/wp\/v2\/posts"}],"about":[{"href":"https:\/\/www.sportchaco.com.ar\/index.php?rest_route=\/wp\/v2\/types\/post"}],"author":[{"embeddable":true,"href":"https:\/\/www.sportchaco.com.ar\/index.php?rest_route=\/wp\/v2\/users\/2"}],"replies":[{"embeddable":true,"href":"https:\/\/www.sportchaco.com.ar\/index.php?rest_route=%2Fwp%2Fv2%2Fcomments&post=25497"}],"version-history":[{"count":4,"href":"https:\/\/www.sportchaco.com.ar\/index.php?rest_route=\/wp\/v2\/posts\/25497\/revisions"}],"predecessor-version":[{"id":25503,"href":"https:\/\/www.sportchaco.com.ar\/index.php?rest_route=\/wp\/v2\/posts\/25497\/revisions\/25503"}],"wp:featuredmedia":[{"embeddable":true,"href":"https:\/\/www.sportchaco.com.ar\/index.php?rest_route=\/wp\/v2\/media\/25501"}],"wp:attachment":[{"href":"https:\/\/www.sportchaco.com.ar\/index.php?rest_route=%2Fwp%2Fv2%2Fmedia&parent=25497"}],"wp:term":[{"taxonomy":"category","embeddable":true,"href":"https:\/\/www.sportchaco.com.ar\/index.php?rest_route=%2Fwp%2Fv2%2Fcategories&post=25497"},{"taxonomy":"post_tag","embeddable":true,"href":"https:\/\/www.sportchaco.com.ar\/index.php?rest_route=%2Fwp%2Fv2%2Ftags&post=25497"}],"curies":[{"name":"wp","href":"https:\/\/api.w.org\/{rel}","templated":true}]}}