{"id":25520,"date":"2025-09-16T19:12:05","date_gmt":"2025-09-16T22:12:05","guid":{"rendered":"https:\/\/www.sportchaco.com.ar\/?p=25520"},"modified":"2025-09-16T19:12:05","modified_gmt":"2025-09-16T22:12:05","slug":"triunfos-de-dogos-y-zona-sur","status":"publish","type":"post","link":"https:\/\/www.sportchaco.com.ar\/?p=25520","title":{"rendered":"Triunfos de Dogos y Zona Sur"},"content":{"rendered":"<p><strong>16-09-2025<\/strong><\/p>\n<p><img loading=\"lazy\" decoding=\"async\" class=\"aligncenter wp-image-20490 size-full\" src=\"https:\/\/www.sportchaco.com.ar\/wp-content\/uploads\/2025\/06\/728x90-1.gif\" alt=\"\" width=\"1518\" height=\"189\" \/><\/p>\n<p>El torneo Oficial de la Primera B de la Liga Chaque\u00f1a de F\u00fatbol complet\u00f3 este martes la 22\u00aa fecha con los dos encuentros pendientes del fin de semana.<\/p>\n<p>Dogos venci\u00f3 a Uni\u00f3n del Sur en cancha de Chaco Hebr\u00f3n y asegur\u00f3 su lugar en el Reducido. Lo propio consigui\u00f3 Deportivo Zona Sur tras ganarle por goleada a Banfield.<\/p>\n<p>Este mi\u00e9rcoles se iniciar\u00e1 inmediatamente la 23\u00aa y \u00faltima fecha con el duelo entre UPCP y FC Barber\u00e1n, aunque la atenci\u00f3n esta puesta en el d\u00eda jueves donde se dar\u00e1 la definici\u00f3n con los partidos del l\u00edder, Parque Patricios, y sus escoltas, Centro de Empleados de Comercio y Los L\u00edricos.\u00a0Luego la fecha finalizar\u00e1 el d\u00eda domingo.<\/p>\n<p>Una vez finalizado el campeonato, el campe\u00f3n ascender\u00e1 a Primera directamente; quien termine segundo se asegura jugar una de las Promociones con los equipos de la \u00abA\u00bb y del 3\u00ba al 18\u00ba disputar\u00e1n un Reducido hasta que dos equipos queden para completar las llaves de Promociones.<\/p>\n<p><b><strong>TORNEO OFICIAL \u00abADRI\u00c1N DAR\u00cdO PARRA\u00bb<br \/>\n<\/strong><\/b><strong>LO QUE YA SE JUG\u00d3 DE LA 22\u00aa FECHA<\/strong><br \/>\nFC Barber\u00e1n 2 \u2013 Canallas del Sur 1, en Estudiantes<br \/>\nC. E. de Comercio 1 \u2013 Chaco Hebr\u00f3n 0<br \/>\nSan Fernando 1 \u2013 UPCP 4<br \/>\nDep. Sameep 5 \u2013 Confraternidad 2, en Regional<br \/>\nV\u00e9lez 0 \u2013 Los L\u00edricos 4<br \/>\nCentauro FC 0 \u2013 Dep. Esperanza 2, en Central Norte<br \/>\nParque Patricios 2 \u2013 Dep. G\u00fciraldes 2, en Villa Alvear<\/p>\n<p><strong>Martes 16-09<\/strong><br \/>\nDep. Zona Sur 5 \u2013 Banfield 1, en Regional<br \/>\nDogos 2 \u2013 Uni\u00f3n del Sur 1, en Chaco Hebr\u00f3n<\/p>\n<p>DEF \u2013 Bariloche FC \u2013\u00a0\u00a0<em>(suspendido)<br \/>\n*Bariloche FC se dio de baja de la Liga Chaque\u00f1a\u00a0<\/em><\/p>\n<p>Municipales \u2013 Dep. Barber\u00e1n\u00a0<em>(suspendido)<br \/>\n*Dep. Barber\u00e1n lo dieron de baja de la Liga Chaque\u00f1a\u00a0<\/em><\/p>\n<p><strong>Libre:\u00a0<\/strong>Camioneros<\/p>\n<p><strong>TODA LA 23\u00aa FECHA<br \/>\nMi\u00e9rcoles 17-09<\/strong><br \/>\nA las 15:30, UPCP \u2013 FC Barber\u00e1n, en Regional<\/p>\n<p><strong>Jueves 18-09<\/strong><br \/>\nA las 15:30, Uni\u00f3n del Sur \u2013 Parque Patricios, en Regional<br \/>\nA las 15:30, Canallas del Sur \u2013 C. E. de Comercio<br \/>\nA las 15:30, Los L\u00edricos \u2013 Dogos, en Indep. Tirol<\/p>\n<p><strong>Domingo 21-09<\/strong><br \/>\nA las 15:30, Chaco Hebr\u00f3n \u2013 DEF<br \/>\nA las 15:30, Camioneros \u2013 Dep. Sameep<br \/>\nA las 15:30, Dep. Esperanza \u2013 V\u00e9lez, en Bancarios<br \/>\nA las 15:30, Dep. G\u00fciraldes \u2013 Dep. Zona Sur, en Regional<br \/>\nA las 16, Confraternidad \u2013 San Fernando, en Defensores<\/p>\n<p>Bariloche FC \u2013 Municipales\u00a0<em>(suspendido)<br \/>\n*Bariloche FC se dio de baja de la Liga Chaque\u00f1a\u00a0<\/em><\/p>\n<p>Dep. Barber\u00e1n \u2013 Centauro FC\u00a0<em>(suspendido)<br \/>\n*Dep. Barber\u00e1n lo dieron de baja de la Liga Chaque\u00f1a\u00a0<\/em><\/p>\n<p><strong>Libre:\u00a0<\/strong>Banfield<\/p>\n<p><strong>POSICIONES<\/strong><br \/>\nParque Patricios 50<br \/>\nC. E. de Comercio 49<br \/>\nLos L\u00edricos 49<br \/>\nDep. Esperanza 43<br \/>\nDep. G\u00fciraldes 40<br \/>\nUPCP 38<br \/>\nSan Fernando 37<br \/>\nCanallas del Sur 34<br \/>\nBanfield 33<br \/>\nFC Barber\u00e1n 32<br \/>\nDep. Sameep 29<br \/>\nDep. Zona Sur 28<br \/>\nDogos 27<br \/>\nMunicipales 26<br \/>\nV\u00e9lez 26<br \/>\nCamioneros 24<br \/>\nUni\u00f3n del Sur 23<br \/>\nDEF 20<br \/>\nConfraternidad 19<br \/>\nChaco Hebr\u00f3n 18<br \/>\nDep. Barber\u00e1n 14<em>*<\/em><br \/>\nCentauro FC 10<br \/>\nBariloche FC 6<em>*<\/em><em><br \/>\n*Se dieron de baja del torneo<br \/>\n*Todos los equipos que enfrenten a Dep. Barber\u00e1n y Bariloche FC se adjudicar\u00e1n los tres puntos<\/em><\/p>\n<p><em><strong>Foto: Gentileza Marcos Jara<\/strong><\/em><\/p>\n<p><em><img loading=\"lazy\" decoding=\"async\" class=\"aligncenter wp-image-20488 size-full\" src=\"https:\/\/www.sportchaco.com.ar\/wp-content\/uploads\/2025\/06\/BANNER-WEB-CHACO-JUEGA_300x250.gif\" alt=\"\" width=\"626\" height=\"522\" \/><\/em><\/p>\n","protected":false},"excerpt":{"rendered":"<p>16-09-2025 El torneo Oficial de la Primera B de la Liga Chaque\u00f1a de F\u00fatbol complet\u00f3 este martes la 22\u00aa fecha con los dos encuentros pendientes del fin de semana. Dogos venci\u00f3 a Uni\u00f3n del Sur en cancha de Chaco Hebr\u00f3n y asegur\u00f3 su lugar en el Reducido. Lo propio consigui\u00f3 Deportivo Zona Sur tras ganarle &hellip;<\/p>\n","protected":false},"author":3,"featured_media":25521,"comment_status":"open","ping_status":"open","sticky":false,"template":"","format":"standard","meta":{"footnotes":""},"categories":[5],"tags":[],"class_list":["post-25520","post","type-post","status-publish","format-standard","has-post-thumbnail","hentry","category-futbol"],"_links":{"self":[{"href":"https:\/\/www.sportchaco.com.ar\/index.php?rest_route=\/wp\/v2\/posts\/25520","targetHints":{"allow":["GET"]}}],"collection":[{"href":"https:\/\/www.sportchaco.com.ar\/index.php?rest_route=\/wp\/v2\/posts"}],"about":[{"href":"https:\/\/www.sportchaco.com.ar\/index.php?rest_route=\/wp\/v2\/types\/post"}],"author":[{"embeddable":true,"href":"https:\/\/www.sportchaco.com.ar\/index.php?rest_route=\/wp\/v2\/users\/3"}],"replies":[{"embeddable":true,"href":"https:\/\/www.sportchaco.com.ar\/index.php?rest_route=%2Fwp%2Fv2%2Fcomments&post=25520"}],"version-history":[{"count":1,"href":"https:\/\/www.sportchaco.com.ar\/index.php?rest_route=\/wp\/v2\/posts\/25520\/revisions"}],"predecessor-version":[{"id":25522,"href":"https:\/\/www.sportchaco.com.ar\/index.php?rest_route=\/wp\/v2\/posts\/25520\/revisions\/25522"}],"wp:featuredmedia":[{"embeddable":true,"href":"https:\/\/www.sportchaco.com.ar\/index.php?rest_route=\/wp\/v2\/media\/25521"}],"wp:attachment":[{"href":"https:\/\/www.sportchaco.com.ar\/index.php?rest_route=%2Fwp%2Fv2%2Fmedia&parent=25520"}],"wp:term":[{"taxonomy":"category","embeddable":true,"href":"https:\/\/www.sportchaco.com.ar\/index.php?rest_route=%2Fwp%2Fv2%2Fcategories&post=25520"},{"taxonomy":"post_tag","embeddable":true,"href":"https:\/\/www.sportchaco.com.ar\/index.php?rest_route=%2Fwp%2Fv2%2Ftags&post=25520"}],"curies":[{"name":"wp","href":"https:\/\/api.w.org\/{rel}","templated":true}]}}