{"id":25523,"date":"2025-09-16T22:37:18","date_gmt":"2025-09-17T01:37:18","guid":{"rendered":"https:\/\/www.sportchaco.com.ar\/?p=25523"},"modified":"2025-09-16T22:37:18","modified_gmt":"2025-09-17T01:37:18","slug":"central-benitez-se-impuso-en-margarita-belen","status":"publish","type":"post","link":"https:\/\/www.sportchaco.com.ar\/?p=25523","title":{"rendered":"Central Ben\u00edtez se impuso en Margarita Bel\u00e9n"},"content":{"rendered":"<p><strong>16-09-2025<\/strong><\/p>\n<p><img loading=\"lazy\" decoding=\"async\" class=\"aligncenter size-large wp-image-19472\" src=\"https:\/\/www.sportchaco.com.ar\/wp-content\/uploads\/2025\/05\/Red-de-empeleos-1200x200-1-1024x171.gif\" alt=\"\" width=\"1024\" height=\"171\" srcset=\"https:\/\/www.sportchaco.com.ar\/wp-content\/uploads\/2025\/05\/Red-de-empeleos-1200x200-1-1024x171.gif 1024w, https:\/\/www.sportchaco.com.ar\/wp-content\/uploads\/2025\/05\/Red-de-empeleos-1200x200-1-300x50.gif 300w, https:\/\/www.sportchaco.com.ar\/wp-content\/uploads\/2025\/05\/Red-de-empeleos-1200x200-1-768x128.gif 768w, https:\/\/www.sportchaco.com.ar\/wp-content\/uploads\/2025\/05\/Red-de-empeleos-1200x200-1-1536x256.gif 1536w, https:\/\/www.sportchaco.com.ar\/wp-content\/uploads\/2025\/05\/Red-de-empeleos-1200x200-1-2048x341.gif 2048w\" sizes=\"auto, (max-width: 1024px) 100vw, 1024px\" \/><\/p>\n<p>Por la 1\u00aa fecha de la zona \u00abA\u00bb del torneo Clausura de la Liga Chaque\u00f1a, este martes por la noche, Central Ben\u00edtez derrot\u00f3 de visitante a Municipal de Margarita Bel\u00e9n por 1 a 0 gracias al gol convertido en el complemento por Jordan Maciel.<\/p>\n<p>De esta manera el \u00abcanalla\u00bb se qued\u00f3 con el cl\u00e1sico y arranca con el pie derecho el campeonato, dejando a \u00abMuni\u00bb con un panorama complicado para mantenerse en la categor\u00eda.<\/p>\n<p>Este mi\u00e9rcoles completar\u00e1n la fecha Policiales y Resistencia Central, tambi\u00e9n por la zona \u00abA\u00bb, en cancha de V\u00e9lez.<\/p>\n<p><strong>EL PARTIDO<\/strong><br \/>\nEl primer tiempo fue muy flojo, poco de Central Ben\u00edtez y casi nada de Municipal solo aproximaciones por ambos lados, pero nada que inquiete a los arqueros que fueron espectadores de la primera parte. 0 a 0 y al descanso.<\/p>\n<p>El complemento arranc\u00f3 algo activo, buen pasaje de \u00abtricolor\u00bb que encontr\u00f3 conexi\u00f3n en el medio, pero Alvarenga no pudo definir en las dos oportunidades que tuvo.<\/p>\n<p>Para a los 11 minutos llegar\u00eda la \u00fanica emoci\u00f3n de la noche en los pies de Jordan Maciel de tiro libre; 1 a 0 para Central Ben\u00edtez. Sin fuerzas el equipo de Valenzuela busc\u00f3 por distintos medios el empate, pero no pudo quebrar la resistencia de la defensa \u00abcanalla\u00bb.<\/p>\n<p>Sobre el final la mala noticia de la noche se dio con Szulhaty que cay\u00f3 solo y se retir\u00f3 muy dolorido con aparente lesi\u00f3n. Fue final en Margarita Bel\u00e9n, el triunfo fue para Central Ben\u00edtez por la m\u00edmina y se qued\u00f3 con el cl\u00e1sico de las localidades.<\/p>\n<p><em><strong>Diego Pegoraro<\/strong><\/em><\/p>\n<p><strong>MUNICIPAL (0):<\/strong> Dami\u00e1n Leguizam\u00f3n; Sebasti\u00e1n Abatte, Diego Mourglia, David Silva y Juli\u00e1n Sotelo; Lucas Oviedo, Alejandro Paniagua y Lucio G\u00f3mez; Nicol\u00e1s Abatte, Juan Mart\u00edn Alvarenga y Manuel Molina. <strong>DT:<\/strong> Mario Valenzuela.<br \/>\n<strong>CENTRAL BEN\u00cdTEZ (1):<\/strong> Juli\u00e1n Ojeda; Sebasti\u00e1n Soto, Lautaro Gesino, Nahuel Arg\u00fcello y Bautista Szulhaty; Nahuel Barbetti, V\u00edctor Valoriani, Daniel L\u00f3pez y Jordan Maciel; Enzo Jara y Agust\u00edn Arg\u00fcello. <strong>DT:<\/strong> Miguel Alsina.<br \/>\n<strong>Gol:<\/strong> 11ST Jordan Maciel (CB).<br \/>\n<strong>Incidencia:<\/strong> 45ST se retir\u00f3 lesionado Bautista Szulhaty (CB).<br \/>\n<strong>Cambios:<\/strong> 4ST Nahuel Mierez por S. Abatte (M). 17ST Nicol\u00e1s Gamarra Baz\u00e1n por Paniagua (M). 20ST Federico Gonz\u00e1lez y Ulises L\u00f3pez por Barbetti y D. L\u00f3pez (CB). 33ST Sergio Abatte por Maciel (CB). 33ST Iv\u00e1n S\u00e1nchez por Mourglia (M). 45ST Jerem\u00edas Romero por Szulhaty (CB).<br \/>\n<strong>\u00c1rbitro:<\/strong> Dami\u00e1n Amarilla. <strong>Asistentes:<\/strong> Franco Dos Santos y Luz Alonso. <strong>Tercera Divisi\u00f3n:<\/strong> Municipal 1 &#8211; Central Ben\u00edtez 1. <strong>Estadio:<\/strong> Mart\u00edn \u00abBuky\u00bb Falc\u00f3n, de Municipal.<\/p>\n<p><em><strong>Foto: Gentileza Celena G\u00f3mez<\/strong><\/em><\/p>\n<p><img loading=\"lazy\" decoding=\"async\" class=\"aligncenter size-large wp-image-17160\" src=\"https:\/\/www.sportchaco.com.ar\/wp-content\/uploads\/2025\/03\/gob-makalle-821x1024.jpg\" alt=\"\" width=\"821\" height=\"1024\" srcset=\"https:\/\/www.sportchaco.com.ar\/wp-content\/uploads\/2025\/03\/gob-makalle-821x1024.jpg 821w, https:\/\/www.sportchaco.com.ar\/wp-content\/uploads\/2025\/03\/gob-makalle-240x300.jpg 240w, https:\/\/www.sportchaco.com.ar\/wp-content\/uploads\/2025\/03\/gob-makalle-768x958.jpg 768w, https:\/\/www.sportchaco.com.ar\/wp-content\/uploads\/2025\/03\/gob-makalle-1231x1536.jpg 1231w, https:\/\/www.sportchaco.com.ar\/wp-content\/uploads\/2025\/03\/gob-makalle.jpg 1440w\" sizes=\"auto, (max-width: 821px) 100vw, 821px\" \/><\/p>\n","protected":false},"excerpt":{"rendered":"<p>16-09-2025 Por la 1\u00aa fecha de la zona \u00abA\u00bb del torneo Clausura de la Liga Chaque\u00f1a, este martes por la noche, Central Ben\u00edtez derrot\u00f3 de visitante a Municipal de Margarita Bel\u00e9n por 1 a 0 gracias al gol convertido en el complemento por Jordan Maciel. De esta manera el \u00abcanalla\u00bb se qued\u00f3 con el cl\u00e1sico &hellip;<\/p>\n","protected":false},"author":3,"featured_media":25524,"comment_status":"open","ping_status":"open","sticky":false,"template":"","format":"standard","meta":{"footnotes":""},"categories":[5],"tags":[],"class_list":["post-25523","post","type-post","status-publish","format-standard","has-post-thumbnail","hentry","category-futbol"],"_links":{"self":[{"href":"https:\/\/www.sportchaco.com.ar\/index.php?rest_route=\/wp\/v2\/posts\/25523","targetHints":{"allow":["GET"]}}],"collection":[{"href":"https:\/\/www.sportchaco.com.ar\/index.php?rest_route=\/wp\/v2\/posts"}],"about":[{"href":"https:\/\/www.sportchaco.com.ar\/index.php?rest_route=\/wp\/v2\/types\/post"}],"author":[{"embeddable":true,"href":"https:\/\/www.sportchaco.com.ar\/index.php?rest_route=\/wp\/v2\/users\/3"}],"replies":[{"embeddable":true,"href":"https:\/\/www.sportchaco.com.ar\/index.php?rest_route=%2Fwp%2Fv2%2Fcomments&post=25523"}],"version-history":[{"count":1,"href":"https:\/\/www.sportchaco.com.ar\/index.php?rest_route=\/wp\/v2\/posts\/25523\/revisions"}],"predecessor-version":[{"id":25525,"href":"https:\/\/www.sportchaco.com.ar\/index.php?rest_route=\/wp\/v2\/posts\/25523\/revisions\/25525"}],"wp:featuredmedia":[{"embeddable":true,"href":"https:\/\/www.sportchaco.com.ar\/index.php?rest_route=\/wp\/v2\/media\/25524"}],"wp:attachment":[{"href":"https:\/\/www.sportchaco.com.ar\/index.php?rest_route=%2Fwp%2Fv2%2Fmedia&parent=25523"}],"wp:term":[{"taxonomy":"category","embeddable":true,"href":"https:\/\/www.sportchaco.com.ar\/index.php?rest_route=%2Fwp%2Fv2%2Fcategories&post=25523"},{"taxonomy":"post_tag","embeddable":true,"href":"https:\/\/www.sportchaco.com.ar\/index.php?rest_route=%2Fwp%2Fv2%2Ftags&post=25523"}],"curies":[{"name":"wp","href":"https:\/\/api.w.org\/{rel}","templated":true}]}}