{"id":25526,"date":"2025-09-16T22:57:37","date_gmt":"2025-09-17T01:57:37","guid":{"rendered":"https:\/\/www.sportchaco.com.ar\/?p=25526"},"modified":"2025-09-16T22:57:37","modified_gmt":"2025-09-17T01:57:37","slug":"racing-vencio-1-0-a-velez-en-liniers-por-los-cuartos-de-la-copa-libertadores","status":"publish","type":"post","link":"https:\/\/www.sportchaco.com.ar\/?p=25526","title":{"rendered":"Racing venci\u00f3 1-0 a V\u00e9lez en Liniers por los cuartos de la Copa Libertadores"},"content":{"rendered":"<div class=\"section-detail-header-lbp\">\n<div class=\"container\">\n<div class=\"row detail-header-lbp\">\n<div class=\"detail-header-lbp-wrapper-title col-12\"><\/div>\n<div class=\"gallery lite\">\n<div class=\"itemGallery classid8127740\">\n<div class=\"gallery-slide\">\n<figure class=\"gallery-figure\">\n<div class=\"gallery-nav\"><\/div>\n<\/figure>\n<\/div>\n<div class=\"figure-caption\"><\/div>\n<\/div>\n<\/div>\n<div class=\"news-page-breadcrum-item\"><\/div>\n<div class=\"detail-header-lbp-wrapper-copete col-12\">\n<h5 class=\"ignore-parser\">El cruce de argentinos en busca de un lugar en las semifinales del certamen continental tuvo de todo, pero qued\u00f3 abierto y se define la pr\u00f3xima semana en Avellaneda. Racing gan\u00f3 en Liniers a Velezs por uno a cero con gol de Maravilla Mart\u00ednez y pol\u00e9micas-<\/h5>\n<\/div>\n<div class=\"col-md-6 col-12 d-flex detail-header-lbp-wrapper-date\"><\/div>\n<\/div>\n<\/div>\n<\/div>\n<div class=\"container note\">\n<div class=\"row\">\n<div class=\"col-12 col-sm-4\">\n<div class=\"timeline\" data-td-script-src=\"https:\/\/www.minutouno.com\/vendor\/cms\/lbp-share-min-version-1757995704.js\">\n<div class=\"timeline-wrapper\">\n<p>&nbsp;<\/p>\n<\/div>\n<\/div>\n<\/div>\n<div class=\"col-12 col-sm-8\">\n<section class=\"detail-body first-paragraph\">\n<section id=\"note-body\" class=\"body-content-lbp note-body content-protected-false\" data-twitter-link=\"https:\/\/twitter.com\/intent\/tweet?url=https:\/\/www.minutouno.com\/c6190820&amp;v\u00eda=Ambitocom&amp;related=MinutoUno&amp;text=\"><strong>V\u00e9lez<\/strong>\u00a0y\u00a0<strong>Racing<\/strong>\u00a0protagonizaron este martes en\u00a0<strong>Liniers<\/strong>\u00a0un duelo copero de alto vuelto, en el marco del partido de ida por los cuartos de final de la\u00a0<strong>Copa Libertadores 2025<\/strong>, que fue triunfo por la m\u00ednima para la <span style=\"color: #000000;\">\u00abAcademia\u00bb, que tendr\u00e1 que defender de local la pr\u00f3xima semana.<\/span><\/p>\n<\/section>\n<\/section>\n<section class=\"detail-body second-paragraph\">\n<section class=\"body-content-lbp note-body content-protected-false\"><span style=\"color: #000000;\">El encuentro, \u00fanico duelo entre argentinos de esta instancia, se jueg\u00f3 en\u00a0estadio Jose Amalfitani\u00a0y lo tuvo al \u00e1rbitro brasile\u00f1o Wilton Sampaio como uno de los grandes protagonistas:\u00a0<a style=\"color: #000000;\" href=\"https:\/\/www.minutouno.com\/deportes\/lisandro-magallan-fue-expulsado-velez-y-se-pierde-la-revancha-racing-avellaneda-n6191251\" target=\"_blank\" rel=\"follow noopener\">expuls\u00f3 a Lisandro Magall\u00e1n por doble amarilla<\/a>\u00a0en el primer tiempo, le anul\u00f3 el empate al \u00abFort\u00edn\u00bb y tras mostrarle la roja a Juan Nardoni en el final, luego rectific\u00f3 v\u00eda VAR.<\/span><\/p>\n<\/section>\n<\/section>\n<section class=\"detail-body\">\n<section class=\"body-content-lbp note-body content-protected-false\"><span style=\"color: #000000;\">El\u00a0<a style=\"color: #000000;\" href=\"https:\/\/www.minutouno.com\/deportes\/copa-libertadores-el-gol-adrian-maravilla-martinez-racing-velez-los-cuartos-final-n6191264\" target=\"_blank\" rel=\"follow noopener\">\u00fanico tanto de la noche fue de\u00a0Adri\u00e1n \u00abMaravilla\u00bb Mart\u00ednez<\/a>\u00a0en el inicio de la segunda mitad, luego de una buena jugada de Santiago Solari. En ese momento, el due\u00f1o de casa ya jugaba con uno menos por la expulsi\u00f3n del defensor central.<\/span><\/p>\n<p><img loading=\"lazy\" decoding=\"async\" class=\"gallery-figure-img img-fluid\" title=\"Serie abierta y con pol\u00e9micas: Racing venci\u00f3 1-0 a V\u00e9lez en Liniers por los cuartos de la Copa Libertadores\" src=\"https:\/\/media.minutouno.com\/p\/3cce42633110056113559bfc5f031d7b\/adjuntos\/150\/imagenes\/042\/770\/0042770249\/velez-racing.jpg\" alt=\"Serie abierta y con pol\u00e9micas: Racing venci\u00f3 1-0 a V\u00e9lez en Liniers por los cuartos de la Copa Libertadores\" width=\"1200\" height=\"675\" data-td-src-property=\"https:\/\/media.minutouno.com\/p\/3cce42633110056113559bfc5f031d7b\/adjuntos\/150\/imagenes\/042\/770\/0042770249\/velez-racing.jpg\" \/><\/p>\n<\/section>\n<\/section>\n<section class=\"detail-body\">\n<section class=\"body-content-lbp note-body content-protected-false\">La gran pol\u00e9mica de la noche, que desat\u00f3 la bronca del entrenador\u00a0<strong>Guillermo Barros Schelotto<\/strong>, lleg\u00f3 cuando su equipo alcanzaba la igualdad con el tanto de Quiroz, pero el VAR llam\u00f3 a Sampaio para que revisar al acci\u00f3n. El \u00e1rbitro finalmente anul\u00f3 la conquista al considerar que la pelota, tras el env\u00edo del tiro de esquina, hab\u00eda salido del terreno de juego.<\/p>\n<p><iframe loading=\"lazy\" title=\"LA ACADEMIA SE QUED\u00d3 CON LA IDA ANTE EL FORT\u00cdN EN EL AMALFITANI | V\u00e9lez 0-1 Racing | RESUMEN\" width=\"500\" height=\"281\" src=\"https:\/\/www.youtube.com\/embed\/j5U4e40M48s?feature=oembed\" frameborder=\"0\" allow=\"accelerometer; autoplay; clipboard-write; encrypted-media; gyroscope; picture-in-picture; web-share\" referrerpolicy=\"strict-origin-when-cross-origin\" allowfullscreen><\/iframe><\/p>\n<\/section>\n<\/section>\n<\/div>\n<\/div>\n<\/div>\n","protected":false},"excerpt":{"rendered":"<p>El cruce de argentinos en busca de un lugar en las semifinales del certamen continental tuvo de todo, pero qued\u00f3 abierto y se define la pr\u00f3xima semana en Avellaneda. Racing gan\u00f3 en Liniers a Velezs por uno a cero con gol de Maravilla Mart\u00ednez y pol\u00e9micas- &nbsp; V\u00e9lez\u00a0y\u00a0Racing\u00a0protagonizaron este martes en\u00a0Liniers\u00a0un duelo copero de alto &hellip;<\/p>\n","protected":false},"author":2,"featured_media":25527,"comment_status":"open","ping_status":"open","sticky":false,"template":"","format":"standard","meta":{"footnotes":""},"categories":[6],"tags":[],"class_list":["post-25526","post","type-post","status-publish","format-standard","has-post-thumbnail","hentry","category-internacionales"],"_links":{"self":[{"href":"https:\/\/www.sportchaco.com.ar\/index.php?rest_route=\/wp\/v2\/posts\/25526","targetHints":{"allow":["GET"]}}],"collection":[{"href":"https:\/\/www.sportchaco.com.ar\/index.php?rest_route=\/wp\/v2\/posts"}],"about":[{"href":"https:\/\/www.sportchaco.com.ar\/index.php?rest_route=\/wp\/v2\/types\/post"}],"author":[{"embeddable":true,"href":"https:\/\/www.sportchaco.com.ar\/index.php?rest_route=\/wp\/v2\/users\/2"}],"replies":[{"embeddable":true,"href":"https:\/\/www.sportchaco.com.ar\/index.php?rest_route=%2Fwp%2Fv2%2Fcomments&post=25526"}],"version-history":[{"count":1,"href":"https:\/\/www.sportchaco.com.ar\/index.php?rest_route=\/wp\/v2\/posts\/25526\/revisions"}],"predecessor-version":[{"id":25528,"href":"https:\/\/www.sportchaco.com.ar\/index.php?rest_route=\/wp\/v2\/posts\/25526\/revisions\/25528"}],"wp:featuredmedia":[{"embeddable":true,"href":"https:\/\/www.sportchaco.com.ar\/index.php?rest_route=\/wp\/v2\/media\/25527"}],"wp:attachment":[{"href":"https:\/\/www.sportchaco.com.ar\/index.php?rest_route=%2Fwp%2Fv2%2Fmedia&parent=25526"}],"wp:term":[{"taxonomy":"category","embeddable":true,"href":"https:\/\/www.sportchaco.com.ar\/index.php?rest_route=%2Fwp%2Fv2%2Fcategories&post=25526"},{"taxonomy":"post_tag","embeddable":true,"href":"https:\/\/www.sportchaco.com.ar\/index.php?rest_route=%2Fwp%2Fv2%2Ftags&post=25526"}],"curies":[{"name":"wp","href":"https:\/\/api.w.org\/{rel}","templated":true}]}}