{"id":25530,"date":"2025-09-16T23:16:46","date_gmt":"2025-09-17T02:16:46","guid":{"rendered":"https:\/\/www.sportchaco.com.ar\/?p=25530"},"modified":"2025-09-17T06:55:04","modified_gmt":"2025-09-17T09:55:04","slug":"villa-san-martin-esta-de-pretemporada","status":"publish","type":"post","link":"https:\/\/www.sportchaco.com.ar\/?p=25530","title":{"rendered":"Villa San Mart\u00edn est\u00e1 de pretemporada"},"content":{"rendered":"<p><strong>17-09-2025<\/strong><\/p>\n<p><img loading=\"lazy\" decoding=\"async\" class=\"aligncenter size-large wp-image-20161\" src=\"https:\/\/www.sportchaco.com.ar\/wp-content\/uploads\/2025\/06\/BANNER-WEB-CHACO-JUEGA_720x90-1024x128.gif\" alt=\"\" width=\"1024\" height=\"128\" srcset=\"https:\/\/www.sportchaco.com.ar\/wp-content\/uploads\/2025\/06\/BANNER-WEB-CHACO-JUEGA_720x90-1024x128.gif 1024w, https:\/\/www.sportchaco.com.ar\/wp-content\/uploads\/2025\/06\/BANNER-WEB-CHACO-JUEGA_720x90-300x38.gif 300w, https:\/\/www.sportchaco.com.ar\/wp-content\/uploads\/2025\/06\/BANNER-WEB-CHACO-JUEGA_720x90-768x96.gif 768w\" sizes=\"auto, (max-width: 1024px) 100vw, 1024px\" \/><\/p>\n<p class=\"story-title entry-title\"><span style=\"font-size: 16px; font-weight: 400;\">De cara al arranque de la pretemporada, de cara justamente para la 2025\/26, Villa San Mart\u00edn cerr\u00f3 la plantilla de jugadores que representar\u00e1n a la instituci\u00f3n \u201ctricolor\u201d esta temporada, siendo a su vez \u00fanico representante del nordeste en la segunda categor\u00eda del pa\u00eds.<\/span><\/p>\n<div id=\"right-content\" class=\"relative\">\n<div id=\"content-area\" class=\"left relative\">\n<div id=\"tps_slideContainer_28536\" class=\"theiaPostSlider_slides\">\n<p><img decoding=\"async\" src=\"https:\/\/scontent.fcnq2-1.fna.fbcdn.net\/v\/t39.30808-6\/547942573_3687813224861704_5027451235127402646_n.jpg?_nc_cat=107&amp;ccb=1-7&amp;_nc_sid=127cfc&amp;_nc_ohc=-RJKOprka_4Q7kNvwFks_-L&amp;_nc_oc=AdkKRiAZhU7Y_VxJubYaPc2mIuzGe3-77FNXohqk2UgOhLBk7lGiso4n072ysMlyLJ8&amp;_nc_zt=23&amp;_nc_ht=scontent.fcnq2-1.fna&amp;_nc_gid=papq8PGw-6WNl1ApezK8Ug&amp;oh=00_AfbcxcLnQJf90JBpgn0zuY_N4h0LK3-GjkNNIRn1rhotDw&amp;oe=68CFDB20\" alt=\"Puede ser una imagen de 5 personas y personas jugando al b\u00e1squet\" \/><\/p>\n<p>En este marco, en las \u00faltimas horas se confirm\u00f3 el regreso a Villa San Mart\u00edn de Maximiliano Bottaro, jugador que viene de Regatas Corrientes y que disput\u00f3 con el \u201cfantasma\u201d las competencias locales y la Liga de Desarrollo.<\/p>\n<p>Con respecto al jugador, tiene 19 a\u00f1os de edad, mide 1,95 metros y se desempe\u00f1a en la posici\u00f3n de ala\u2013pivote. Con la llegada del joven jugador, Villa San Mart\u00edn complet\u00f3 plantilla patra est\u00e1 temporada, estando Est\u00e9fano \u201cTato\u201d Simondi (ala-pivote), el regreso del joven Emir P\u00e9rez Barrios (base), los extranjeros R\u00f3mulo Gusmao (pivote) y Eli\u00e1n Centeno (pivote), el base Santiago Rath (base\/escolta) y el escolta Agust\u00edn Camisasca. Tambi\u00e9n llegaron Facundo Gago (base y Lautaro Florito (escolta); contin\u00faan Favio Vieta (base\/escolta) y Maximiliano Mart\u00edn (alero), todos bajo la conducci\u00f3n del experimentado entrenador Eduardo J\u00e1pez.<\/p>\n<p><img decoding=\"async\" src=\"https:\/\/scontent.fcnq2-1.fna.fbcdn.net\/v\/t39.30808-6\/549402911_3687813271528366_9141048061689391558_n.jpg?_nc_cat=100&amp;ccb=1-7&amp;_nc_sid=127cfc&amp;_nc_ohc=wiiRvoUxyEEQ7kNvwFIjbJX&amp;_nc_oc=AdmBvEdEb-aYlg9uV1_P3oZGyh66XidQTmv5FW1nn1-AggrXlj5jHiuju03nKUlhqu8&amp;_nc_zt=23&amp;_nc_ht=scontent.fcnq2-1.fna&amp;_nc_gid=s3Klb_bl4-Yy3iqngXb2vA&amp;oh=00_AfZDfjBXJqqQxyAfrtqbsbP8KG0iQR2l5deL7kckaXldyg&amp;oe=68CFE76D\" alt=\"Puede ser una imagen de 6 personas, personas jugando al b\u00e1squet y personas jugando al voleibol\" \/>\n<\/div>\n<\/div>\n<div><strong>MAXIMILIANO BOTTARO<\/strong><\/div>\n<\/div>\n<div>\n<div id=\"feat-img-reg\" class=\"relative\"><img decoding=\"async\" class=\"lazyloaded aligncenter\" src=\"https:\/\/baskettotal.com.ar\/wp-content\/uploads\/2025\/09\/IMG-20250914-WA0084-1000x600.jpg\" data-src=\"https:\/\/baskettotal.com.ar\/wp-content\/uploads\/2025\/09\/IMG-20250914-WA0084-1000x600.jpg\" \/><\/div>\n<div><\/div>\n<div class=\"relative\">\u201cLas expectativas son las mejores, conf\u00edo en el trabajo que vengo haciendo hace varios a\u00f1os, quiero tratar de sumar minutos y rodaje en la categor\u00eda y seguir desarroll\u00e1ndome como jugador\u201d, expres\u00f3 el ala\u2013pivote que viene de jugar en Regatas Corrientes.<\/div>\n<\/div>\n<div><\/div>\n<div><\/div>\n<div><img loading=\"lazy\" decoding=\"async\" class=\"aligncenter size-full wp-image-19784\" src=\"https:\/\/www.sportchaco.com.ar\/wp-content\/uploads\/2025\/05\/250x250-2.gif\" alt=\"\" width=\"522\" height=\"521\" \/><\/div>\n","protected":false},"excerpt":{"rendered":"<p>17-09-2025 De cara al arranque de la pretemporada, de cara justamente para la 2025\/26, Villa San Mart\u00edn cerr\u00f3 la plantilla de jugadores que representar\u00e1n a la instituci\u00f3n \u201ctricolor\u201d esta temporada, siendo a su vez \u00fanico representante del nordeste en la segunda categor\u00eda del pa\u00eds. En este marco, en las \u00faltimas horas se confirm\u00f3 el regreso &hellip;<\/p>\n","protected":false},"author":2,"featured_media":25537,"comment_status":"open","ping_status":"open","sticky":false,"template":"","format":"standard","meta":{"footnotes":""},"categories":[3],"tags":[],"class_list":["post-25530","post","type-post","status-publish","format-standard","has-post-thumbnail","hentry","category-basquetbol"],"_links":{"self":[{"href":"https:\/\/www.sportchaco.com.ar\/index.php?rest_route=\/wp\/v2\/posts\/25530","targetHints":{"allow":["GET"]}}],"collection":[{"href":"https:\/\/www.sportchaco.com.ar\/index.php?rest_route=\/wp\/v2\/posts"}],"about":[{"href":"https:\/\/www.sportchaco.com.ar\/index.php?rest_route=\/wp\/v2\/types\/post"}],"author":[{"embeddable":true,"href":"https:\/\/www.sportchaco.com.ar\/index.php?rest_route=\/wp\/v2\/users\/2"}],"replies":[{"embeddable":true,"href":"https:\/\/www.sportchaco.com.ar\/index.php?rest_route=%2Fwp%2Fv2%2Fcomments&post=25530"}],"version-history":[{"count":5,"href":"https:\/\/www.sportchaco.com.ar\/index.php?rest_route=\/wp\/v2\/posts\/25530\/revisions"}],"predecessor-version":[{"id":25546,"href":"https:\/\/www.sportchaco.com.ar\/index.php?rest_route=\/wp\/v2\/posts\/25530\/revisions\/25546"}],"wp:featuredmedia":[{"embeddable":true,"href":"https:\/\/www.sportchaco.com.ar\/index.php?rest_route=\/wp\/v2\/media\/25537"}],"wp:attachment":[{"href":"https:\/\/www.sportchaco.com.ar\/index.php?rest_route=%2Fwp%2Fv2%2Fmedia&parent=25530"}],"wp:term":[{"taxonomy":"category","embeddable":true,"href":"https:\/\/www.sportchaco.com.ar\/index.php?rest_route=%2Fwp%2Fv2%2Fcategories&post=25530"},{"taxonomy":"post_tag","embeddable":true,"href":"https:\/\/www.sportchaco.com.ar\/index.php?rest_route=%2Fwp%2Fv2%2Ftags&post=25530"}],"curies":[{"name":"wp","href":"https:\/\/api.w.org\/{rel}","templated":true}]}}