{"id":2555,"date":"2023-11-05T23:13:32","date_gmt":"2023-11-06T02:13:32","guid":{"rendered":"https:\/\/www.sportchaco.com.ar\/?p=2555"},"modified":"2023-11-05T23:15:50","modified_gmt":"2023-11-06T02:15:50","slug":"2555","status":"publish","type":"post","link":"https:\/\/www.sportchaco.com.ar\/?p=2555","title":{"rendered":"Jorge Almir\u00f3n renuncio como DT de Boca"},"content":{"rendered":"<h1><\/h1>\n<p class=\"description\">Tras la derrota en la final de la Copa Libertadores, el entrenador le comunic\u00f3 a Riquelme que dejar\u00e1 su cargo. Ma\u00f1ana se despedir\u00eda del plantel.<\/p>\n<div class=\"article-info\">\n<div class=\"article-info-left\">\n<div class=\"article-autor-info\">\n<div class=\"article-autor-name\"><\/div>\n<\/div>\n<\/div>\n<\/div>\n<figure class=\"rat16x9\"><img decoding=\"async\" title=\"Almir\u00f3n\" src=\"https:\/\/media.tycsports.com\/files\/2023\/11\/05\/642295\/almiron_416x234.webp?v=4\" srcset=\"https:\/\/media.tycsports.com\/files\/2023\/11\/05\/642295\/almiron_416x234.webp?v=4 480w ,https:\/\/media.tycsports.com\/files\/2023\/11\/05\/642295\/almiron_862x485.webp?v=4 1080w \" alt=\"Almir\u00f3n\" \/><\/figure>\n<p class=\"capital\"><span style=\"color: #000000;\">Bombazo en Boca: renunci\u00f3 Jorge Almir\u00f3n.\u00a0Despu\u00e9s de la derrota en la final de la Copa Libertadores ante Fluminense y un<a style=\"color: #000000;\" href=\"https:\/\/www.tycsports.com\/boca-juniors\/clima-caliente-vestuario-boca-enojo-jugadores-jorge-almiron-id545808.html\" target=\"_blank\" rel=\"noopener\">\u00a0vestuario caldeado en donde hubo reproches de parte de los jugadores hacia el entrenador<\/a>, el nacido en San Miguel\u00a0le comunic\u00f3 a Juan Rom\u00e1n Riquelme que deja su cargo.\u00a0De no mediar cambios, ma\u00f1ana se despedir\u00e1 del plantel en el regreso a las pr\u00e1cticas en Ezeiza.<\/span><\/p>\n<div class=\"watchto-wrap\">\n<div class=\"watchto\"><\/div>\n<\/div>\n<p>Despu\u00e9s de una reuni\u00f3n corta entre el plantel, Almir\u00f3n y Riquelme en la que el vicepresidente le dio su apoyo a todos para buscar terminar el a\u00f1o de la mejor manera posible tras el palazo de la derrota,\u00a0el t\u00e9cnico le pidi\u00f3 unos minutos a solas al ex-enganche y all\u00ed le dio a conocer su decisi\u00f3n de irse del club.<\/p>\n<p>Rom\u00e1n acept\u00f3 la renuncia de Almir\u00f3n sin mediar muchas m\u00e1s palabras y ahora es un hecho que\u00a0quien asumir\u00e1 las riendas del equipo para lo que se viene es Mariano Herr\u00f3n, DT de la Reserva\u00a0que ya sabe lo que es estar a cargo de la Primera (dirigi\u00f3 un pu\u00f1ado de partidos cuando se fue Hugo Benjam\u00edn Ibarra).<\/p>\n<p><u><strong>\u00bfEn qu\u00e9 hizo h<\/strong>incapi\u00e9 Riquelme en esa charla previa al bombazo de Almir\u00f3n?<\/u><\/p>\n<p>En primer lugar, le agradeci\u00f3 al plantel por haber llegado a la final e \u00abilusionar\u00bb otra vez al hincha de Boca; luego, les remarc\u00f3 que la posici\u00f3n en el campeonato era \u00abvergonzosa\u00bb y hab\u00eda que ganar los partidos que quedaban; Y por \u00faltimo, les dijo sin anestesia que ten\u00edan que consagrarse en la Copa Argentina.<\/p>\n<p>&nbsp;<\/p>\n<figure class=\"w-100\"><\/figure>\n<div class=\"watchto-wrap\">\n<div class=\"watchto\">\n<div class=\"watchto-text\"><strong>Fuente TyC Sports<\/strong><\/div>\n<div class=\"watchto-btn-view\"><\/div>\n<\/div>\n<\/div>\n<h2>El reproche de los jugadores que desencaden\u00f3 en la renuncia de Almir\u00f3n de Boca<\/h2>\n<p>El clima del vestuario tras el pitazo de Wilmar Rold\u00e1n se torn\u00f3 tenso y caliente.\u00a0Seg\u00fan lo que pudo averiguar TyC Sports, hubo reproches de los jugadores al DT por el planteo con el que Boca sali\u00f3 a la cancha, sobre todo en el primer tiempo, y las extra\u00f1as modificaciones que realiz\u00f3 en el complemento. De hecho, el enojo de Nicol\u00e1s Figal al ser reemplazado por el paraguayo Bruno Valdez qued\u00f3 en evidencia frente a las c\u00e1maras de la transmisi\u00f3n oficial.<\/p>\n<p>Toda esta situaci\u00f3n conflictiva que se vivi\u00f3 en el Maracan\u00e1, que seg\u00fan cuentan puertas adentro implic\u00f3 una especie de\u00a0ruptura en el v\u00ednculo jugadores-DT, llev\u00f3 a la decisi\u00f3n final de Almir\u00f3n de comunicarle a Riquelme que se va de Boca.<\/p>\n<div class=\"watchto-wrap\">\n<div class=\"watchto\">\n<div class=\"watchto-btn-view\"><\/div>\n<\/div>\n<\/div>\n<p>&nbsp;<\/p>\n<h2>Los n\u00fameros del ciclo Almir\u00f3n en Boca y su m\u00e1xima deuda<\/h2>\n<p>Desde su debut ante San Lorenzo el 12 de abril de este a\u00f1o, Jorge Almir\u00f3n dirigi\u00f3 42 partidos a Boca y alcanz\u00f3 una efectividad del 50%, producto de 17 ganados, 12 empates y 13 derrotas. Su m\u00e1xima deuda radica en los partidos fuera de La Bombonera, donde posee un 36% de puntos obtenidos en 23 encuentros: apenas seis triunfos y siete empates, con 10 ca\u00eddas.<\/p>\n<p>Adem\u00e1s de lo que fue la final de Libertadores perdida, lo que le cuestionar\u00e1 siempre el hincha de Boca a Jorge Almir\u00f3n es haber perdido los dos Supercl\u00e1sicos del a\u00f1o: el primero 1-0 en el Monumental, con gol del colombiano Miguel Borja -de penal- por la Liga Profesional, y el segundo 2-0 en La Bombonera, con goles del venezolano Salom\u00f3n Rond\u00f3n y Enzo D\u00edaz por la Copa de la Liga en la antesala a la vuelta con Palmeiras.<\/p>\n<p>&nbsp;<\/p>\n<p>Foto de Jorge Almir\u00f3n que se fue de Boca<\/p>\n<p>&nbsp;<\/p>\n","protected":false},"excerpt":{"rendered":"<p>Tras la derrota en la final de la Copa Libertadores, el entrenador le comunic\u00f3 a Riquelme que dejar\u00e1 su cargo. Ma\u00f1ana se despedir\u00eda del plantel. Bombazo en Boca: renunci\u00f3 Jorge Almir\u00f3n.\u00a0Despu\u00e9s de la derrota en la final de la Copa Libertadores ante Fluminense y un\u00a0vestuario caldeado en donde hubo reproches de parte de los jugadores &hellip;<\/p>\n","protected":false},"author":2,"featured_media":2556,"comment_status":"open","ping_status":"open","sticky":false,"template":"","format":"standard","meta":{"footnotes":""},"categories":[5,47],"tags":[],"class_list":["post-2555","post","type-post","status-publish","format-standard","has-post-thumbnail","hentry","category-futbol","category-nacionales"],"_links":{"self":[{"href":"https:\/\/www.sportchaco.com.ar\/index.php?rest_route=\/wp\/v2\/posts\/2555","targetHints":{"allow":["GET"]}}],"collection":[{"href":"https:\/\/www.sportchaco.com.ar\/index.php?rest_route=\/wp\/v2\/posts"}],"about":[{"href":"https:\/\/www.sportchaco.com.ar\/index.php?rest_route=\/wp\/v2\/types\/post"}],"author":[{"embeddable":true,"href":"https:\/\/www.sportchaco.com.ar\/index.php?rest_route=\/wp\/v2\/users\/2"}],"replies":[{"embeddable":true,"href":"https:\/\/www.sportchaco.com.ar\/index.php?rest_route=%2Fwp%2Fv2%2Fcomments&post=2555"}],"version-history":[{"count":3,"href":"https:\/\/www.sportchaco.com.ar\/index.php?rest_route=\/wp\/v2\/posts\/2555\/revisions"}],"predecessor-version":[{"id":2559,"href":"https:\/\/www.sportchaco.com.ar\/index.php?rest_route=\/wp\/v2\/posts\/2555\/revisions\/2559"}],"wp:featuredmedia":[{"embeddable":true,"href":"https:\/\/www.sportchaco.com.ar\/index.php?rest_route=\/wp\/v2\/media\/2556"}],"wp:attachment":[{"href":"https:\/\/www.sportchaco.com.ar\/index.php?rest_route=%2Fwp%2Fv2%2Fmedia&parent=2555"}],"wp:term":[{"taxonomy":"category","embeddable":true,"href":"https:\/\/www.sportchaco.com.ar\/index.php?rest_route=%2Fwp%2Fv2%2Fcategories&post=2555"},{"taxonomy":"post_tag","embeddable":true,"href":"https:\/\/www.sportchaco.com.ar\/index.php?rest_route=%2Fwp%2Fv2%2Ftags&post=2555"}],"curies":[{"name":"wp","href":"https:\/\/api.w.org\/{rel}","templated":true}]}}