{"id":25570,"date":"2025-09-17T18:44:26","date_gmt":"2025-09-17T21:44:26","guid":{"rendered":"https:\/\/www.sportchaco.com.ar\/?p=25570"},"modified":"2025-09-17T18:44:26","modified_gmt":"2025-09-17T21:44:26","slug":"resi-central-cerro-la-fecha-con-una-goleada-a-su-favor","status":"publish","type":"post","link":"https:\/\/www.sportchaco.com.ar\/?p=25570","title":{"rendered":"\u00abResi\u00bb Central cerr\u00f3 la fecha con una goleada a su favor"},"content":{"rendered":"<p><strong>17-09-2025<\/strong><\/p>\n<p><img loading=\"lazy\" decoding=\"async\" class=\"aligncenter size-large wp-image-19472\" src=\"https:\/\/www.sportchaco.com.ar\/wp-content\/uploads\/2025\/05\/Red-de-empeleos-1200x200-1-1024x171.gif\" sizes=\"auto, (max-width: 1024px) 100vw, 1024px\" srcset=\"https:\/\/www.sportchaco.com.ar\/wp-content\/uploads\/2025\/05\/Red-de-empeleos-1200x200-1-1024x171.gif 1024w, https:\/\/www.sportchaco.com.ar\/wp-content\/uploads\/2025\/05\/Red-de-empeleos-1200x200-1-300x50.gif 300w, https:\/\/www.sportchaco.com.ar\/wp-content\/uploads\/2025\/05\/Red-de-empeleos-1200x200-1-768x128.gif 768w, https:\/\/www.sportchaco.com.ar\/wp-content\/uploads\/2025\/05\/Red-de-empeleos-1200x200-1-1536x256.gif 1536w, https:\/\/www.sportchaco.com.ar\/wp-content\/uploads\/2025\/05\/Red-de-empeleos-1200x200-1-2048x341.gif 2048w\" alt=\"\" width=\"1024\" height=\"171\" \/><\/p>\n<p>Este mi\u00e9rcoles por la tarde se complet\u00f3 la 1\u00aa fecha del torneo Clausura de la Liga Chaque\u00f1a de F\u00fatbol. Por la zona \u00abA\u00bb, en cancha de V\u00e9lez, Resistencia Central gole\u00f3 a Policiales y sum\u00f3 sus primeros puntos.<\/p>\n<p>De esta manera el \u00abalbo\u00bb comparte ahora el primer lugar de la zona \u00abA\u00bb con Central Ben\u00edtez, que el martes gan\u00f3 su partido ante Municipal de Margarita Bel\u00e9n y Deportivo Luj\u00e1n que ya hab\u00eda ganado el fin de semana.<\/p>\n<p>Tanto que en la zona \u00abB\u00bb, son cuatro los punteros: Central Norte, Defensores, Deportivo Itat\u00ed y Don Orione; todos con tres unidades.<\/p>\n<p>La segunda fecha comenzar\u00e1 este viernes con dos encuentros, el grueso de la jornada estar\u00e1 el d\u00eda s\u00e1bado donde se disputar\u00e1n otros seis partidos y estar\u00e1 terminando el d\u00eda domingo con los restantes dos.<\/p>\n<p><strong>ZONA \u00abA\u00bb<br \/>\n1\u00aa FECHA<\/strong><br \/>\n<strong>Martes 16-09<\/strong><br \/>\nMunicipal (MB) 0 \u2013 Central Ben\u00edtez 1<\/p>\n<p><strong>Mi\u00e9rcoles 17-09<\/strong><br \/>\nPoliciales 1 \u2013 Rcia. Central 5, en V\u00e9lez<\/p>\n<p><strong>Pr\u00f3xima fecha (2\u00aa)<\/strong><br \/>\n<strong>S\u00e1bado 20-09<\/strong><br \/>\nA las 15:30, Dep. Luj\u00e1n &#8211; Estudiantes<br \/>\nA las 15:30, Rcia. Central &#8211; San Mart\u00edn (MB)<br \/>\nA las 16, Municipal (MB) &#8211; Sarmiento<br \/>\nA las 16:30, Bancarios &#8211; Policiales<\/p>\n<p><strong>Domingo 21-09<\/strong><br \/>\nA las 15:30, Central Ben\u00edtez &#8211; Juventud<\/p>\n<p><strong>Libre:<\/strong> Indep. Tirol<\/p>\n<p><strong>ZONA \u00abB\u00bb<\/strong><br \/>\n<strong>Pr\u00f3xima fecha (2\u00aa)<\/strong><br \/>\n<strong>Viernes 19-09<\/strong><br \/>\nA las 15:30, For Ever &#8211; El Nacional, en C. E. de Comercio<br \/>\nA las 16, Central Norte &#8211; Defensores<\/p>\n<p><strong>S\u00e1bado 20-09<\/strong><br \/>\nA las 15:30, Don Orione &#8211; Tiro FC<br \/>\nA las 15:30, Fontana &#8211; Villa Alvear<\/p>\n<p><strong>Domingo 21-09<\/strong><br \/>\nA las 15:30, Dep. Itat\u00ed &#8211; Regional, en Estudiantes<\/p>\n<p><strong>Libre:<\/strong> CUNE<\/p>\n<p><strong>POSICIONES<\/strong><br \/>\n<strong>ZONA \u00abA\u00bb<\/strong><br \/>\nCentral Ben\u00edtez 3<br \/>\nDep. Luj\u00e1n 3<br \/>\nRcia. Central 3<br \/>\nBancarios 1<br \/>\nIndep. Tirol 1<br \/>\nJuventud 1<br \/>\nSarmiento 1<br \/>\nMunicipal (MB) 0<br \/>\nPoliciales 0<br \/>\nSan Mart\u00edn (MB) 0<br \/>\nEstudiantes \u2013<\/p>\n<p><strong>ZONA \u00abB\u00bb<\/strong><br \/>\nCentral Norte 3<br \/>\nDefensores 3<br \/>\nDep. Itat\u00ed 3<br \/>\nDon Orione 3<br \/>\nFontana 1<br \/>\nRegional 1<br \/>\nCUNE 0<br \/>\nEl Nacional 0<br \/>\nFor Ever 0<br \/>\nTiro FC 0<br \/>\nVilla Alvear \u2013<\/p>\n<p><em><strong>Foto: Gentileza \u00abpanchito\u00bb Gural<\/strong><\/em><\/p>\n<p><img loading=\"lazy\" decoding=\"async\" class=\"aligncenter size-large wp-image-17160\" src=\"https:\/\/www.sportchaco.com.ar\/wp-content\/uploads\/2025\/03\/gob-makalle-821x1024.jpg\" sizes=\"auto, (max-width: 821px) 100vw, 821px\" srcset=\"https:\/\/www.sportchaco.com.ar\/wp-content\/uploads\/2025\/03\/gob-makalle-821x1024.jpg 821w, https:\/\/www.sportchaco.com.ar\/wp-content\/uploads\/2025\/03\/gob-makalle-240x300.jpg 240w, https:\/\/www.sportchaco.com.ar\/wp-content\/uploads\/2025\/03\/gob-makalle-768x958.jpg 768w, https:\/\/www.sportchaco.com.ar\/wp-content\/uploads\/2025\/03\/gob-makalle-1231x1536.jpg 1231w, https:\/\/www.sportchaco.com.ar\/wp-content\/uploads\/2025\/03\/gob-makalle.jpg 1440w\" alt=\"\" width=\"821\" height=\"1024\" \/><\/p>\n<div class=\"post-bottom-meta post-bottom-edit\">\n<div class=\"post-bottom-meta-title\"><\/div>\n<\/div>\n","protected":false},"excerpt":{"rendered":"<p>17-09-2025 Este mi\u00e9rcoles por la tarde se complet\u00f3 la 1\u00aa fecha del torneo Clausura de la Liga Chaque\u00f1a de F\u00fatbol. Por la zona \u00abA\u00bb, en cancha de V\u00e9lez, Resistencia Central gole\u00f3 a Policiales y sum\u00f3 sus primeros puntos. De esta manera el \u00abalbo\u00bb comparte ahora el primer lugar de la zona \u00abA\u00bb con Central Ben\u00edtez, &hellip;<\/p>\n","protected":false},"author":3,"featured_media":25571,"comment_status":"open","ping_status":"open","sticky":false,"template":"","format":"standard","meta":{"footnotes":""},"categories":[5],"tags":[],"class_list":["post-25570","post","type-post","status-publish","format-standard","has-post-thumbnail","hentry","category-futbol"],"_links":{"self":[{"href":"https:\/\/www.sportchaco.com.ar\/index.php?rest_route=\/wp\/v2\/posts\/25570","targetHints":{"allow":["GET"]}}],"collection":[{"href":"https:\/\/www.sportchaco.com.ar\/index.php?rest_route=\/wp\/v2\/posts"}],"about":[{"href":"https:\/\/www.sportchaco.com.ar\/index.php?rest_route=\/wp\/v2\/types\/post"}],"author":[{"embeddable":true,"href":"https:\/\/www.sportchaco.com.ar\/index.php?rest_route=\/wp\/v2\/users\/3"}],"replies":[{"embeddable":true,"href":"https:\/\/www.sportchaco.com.ar\/index.php?rest_route=%2Fwp%2Fv2%2Fcomments&post=25570"}],"version-history":[{"count":1,"href":"https:\/\/www.sportchaco.com.ar\/index.php?rest_route=\/wp\/v2\/posts\/25570\/revisions"}],"predecessor-version":[{"id":25572,"href":"https:\/\/www.sportchaco.com.ar\/index.php?rest_route=\/wp\/v2\/posts\/25570\/revisions\/25572"}],"wp:featuredmedia":[{"embeddable":true,"href":"https:\/\/www.sportchaco.com.ar\/index.php?rest_route=\/wp\/v2\/media\/25571"}],"wp:attachment":[{"href":"https:\/\/www.sportchaco.com.ar\/index.php?rest_route=%2Fwp%2Fv2%2Fmedia&parent=25570"}],"wp:term":[{"taxonomy":"category","embeddable":true,"href":"https:\/\/www.sportchaco.com.ar\/index.php?rest_route=%2Fwp%2Fv2%2Fcategories&post=25570"},{"taxonomy":"post_tag","embeddable":true,"href":"https:\/\/www.sportchaco.com.ar\/index.php?rest_route=%2Fwp%2Fv2%2Ftags&post=25570"}],"curies":[{"name":"wp","href":"https:\/\/api.w.org\/{rel}","templated":true}]}}