{"id":25573,"date":"2025-09-17T19:18:32","date_gmt":"2025-09-17T22:18:32","guid":{"rendered":"https:\/\/www.sportchaco.com.ar\/?p=25573"},"modified":"2025-09-17T19:18:32","modified_gmt":"2025-09-17T22:18:32","slug":"la-ultima-fecha-del-ascenso-la-abrio-la-victoria-de-upcp","status":"publish","type":"post","link":"https:\/\/www.sportchaco.com.ar\/?p=25573","title":{"rendered":"La \u00faltima fecha del ascenso la abri\u00f3 la victoria de UPCP"},"content":{"rendered":"<p><strong>17-09-2025<\/strong><\/p>\n<p><img loading=\"lazy\" decoding=\"async\" class=\"aligncenter wp-image-20490 size-full\" src=\"https:\/\/www.sportchaco.com.ar\/wp-content\/uploads\/2025\/06\/728x90-1.gif\" alt=\"\" width=\"1518\" height=\"189\" \/><\/p>\n<p>El torneo Oficial de la Primera B de la Liga Chaque\u00f1a de F\u00fatbol inici\u00f3, este mi\u00e9rcoles, la 23\u00aa y \u00faltima fecha con el triunfo de UPCP ante FC Barber\u00e1n por la m\u00ednima diferencia. Los dos equipos se encuentran en zona de Reducido y ahora deber\u00e1n esperar el final de la jornada para saber sus rivales.<\/p>\n<p>La actividad continuar\u00e1 este jueves donde Parque Patricios, puntero, jugar\u00e1 ante Uni\u00f3n del Sur; sus escoltas, Los L\u00edricos y Centro de Empleados de Comercio jugar\u00e1n ante Dogos y Canallas del Sur, respectivamente.<\/p>\n<p>Una vez finalizado el campeonato, el campe\u00f3n ascender\u00e1 a Primera directamente; quien termine segundo se asegura jugar una de las Promociones con los equipos de la \u00abA\u00bb y del 3\u00ba al 18\u00ba disputar\u00e1n un Reducido hasta que dos equipos queden para completar las llaves de Promociones.<\/p>\n<p><b><strong>TORNEO OFICIAL \u00abADRI\u00c1N DAR\u00cdO PARRA\u00bb<br \/>\n<\/strong><\/b><strong>TODA LA 23\u00aa FECHA<br \/>\nMi\u00e9rcoles 17-09<\/strong><br \/>\nUPCP 1 \u2013 FC Barber\u00e1n 0, en Regional<\/p>\n<p><strong>Jueves 18-09<\/strong><br \/>\nA las 15:30, Uni\u00f3n del Sur \u2013 Parque Patricios, en Regional<br \/>\nA las 15:30, Canallas del Sur \u2013 C. E. de Comercio<br \/>\nA las 15:30, Los L\u00edricos \u2013 Dogos, en Indep. Tirol<\/p>\n<p><strong>Domingo 21-09<\/strong><br \/>\nA las 15:30, Chaco Hebr\u00f3n \u2013 DEF<br \/>\nA las 15:30, Camioneros \u2013 Dep. Sameep<br \/>\nA las 15:30, Dep. Esperanza \u2013 V\u00e9lez, en Bancarios<br \/>\nA las 15:30, Dep. G\u00fciraldes \u2013 Dep. Zona Sur, en Regional<br \/>\nA las 16, Confraternidad \u2013 San Fernando, en Defensores<\/p>\n<p>Bariloche FC \u2013 Municipales\u00a0<em>(suspendido)<br \/>\n*Bariloche FC se dio de baja de la Liga Chaque\u00f1a\u00a0<\/em><\/p>\n<p>Dep. Barber\u00e1n \u2013 Centauro FC\u00a0<em>(suspendido)<br \/>\n*Dep. Barber\u00e1n lo dieron de baja de la Liga Chaque\u00f1a\u00a0<\/em><\/p>\n<p><strong>Libre:\u00a0<\/strong>Banfield<\/p>\n<p><strong>POSICIONES<\/strong><br \/>\nParque Patricios 50<br \/>\nC. E. de Comercio 49<br \/>\nLos L\u00edricos 49<br \/>\nDep. Esperanza 43<br \/>\nUPCP 41<br \/>\nDep. G\u00fciraldes 40<br \/>\nSan Fernando 37<br \/>\nCanallas del Sur 34<br \/>\nBanfield 33<br \/>\nFC Barber\u00e1n 32<br \/>\nDep. Sameep 29<br \/>\nMunicipales 29<br \/>\nDep. Zona Sur 28<br \/>\nDogos 27<br \/>\nV\u00e9lez 26<br \/>\nCamioneros 24<br \/>\nUni\u00f3n del Sur 23<br \/>\nDEF 20<br \/>\nConfraternidad 19<br \/>\nChaco Hebr\u00f3n 18<br \/>\nDep. Barber\u00e1n 14<em>*<\/em><br \/>\nCentauro FC 13<br \/>\nBariloche FC 6<em>*<\/em><em><br \/>\n*Se dieron de baja del torneo<br \/>\n*Todos los equipos que enfrenten a Dep. Barber\u00e1n y Bariloche FC se adjudicar\u00e1n los tres puntos<\/em><\/p>\n<p><em><strong>Foto: Futbol Criollo\u00a0<\/strong><\/em><\/p>\n<p><em><img loading=\"lazy\" decoding=\"async\" class=\"aligncenter wp-image-20488 size-full\" src=\"https:\/\/www.sportchaco.com.ar\/wp-content\/uploads\/2025\/06\/BANNER-WEB-CHACO-JUEGA_300x250.gif\" alt=\"\" width=\"626\" height=\"522\" \/><\/em><\/p>\n","protected":false},"excerpt":{"rendered":"<p>17-09-2025 El torneo Oficial de la Primera B de la Liga Chaque\u00f1a de F\u00fatbol inici\u00f3, este mi\u00e9rcoles, la 23\u00aa y \u00faltima fecha con el triunfo de UPCP ante FC Barber\u00e1n por la m\u00ednima diferencia. Los dos equipos se encuentran en zona de Reducido y ahora deber\u00e1n esperar el final de la jornada para saber sus &hellip;<\/p>\n","protected":false},"author":3,"featured_media":25574,"comment_status":"open","ping_status":"open","sticky":false,"template":"","format":"standard","meta":{"footnotes":""},"categories":[5],"tags":[],"class_list":["post-25573","post","type-post","status-publish","format-standard","has-post-thumbnail","hentry","category-futbol"],"_links":{"self":[{"href":"https:\/\/www.sportchaco.com.ar\/index.php?rest_route=\/wp\/v2\/posts\/25573","targetHints":{"allow":["GET"]}}],"collection":[{"href":"https:\/\/www.sportchaco.com.ar\/index.php?rest_route=\/wp\/v2\/posts"}],"about":[{"href":"https:\/\/www.sportchaco.com.ar\/index.php?rest_route=\/wp\/v2\/types\/post"}],"author":[{"embeddable":true,"href":"https:\/\/www.sportchaco.com.ar\/index.php?rest_route=\/wp\/v2\/users\/3"}],"replies":[{"embeddable":true,"href":"https:\/\/www.sportchaco.com.ar\/index.php?rest_route=%2Fwp%2Fv2%2Fcomments&post=25573"}],"version-history":[{"count":1,"href":"https:\/\/www.sportchaco.com.ar\/index.php?rest_route=\/wp\/v2\/posts\/25573\/revisions"}],"predecessor-version":[{"id":25575,"href":"https:\/\/www.sportchaco.com.ar\/index.php?rest_route=\/wp\/v2\/posts\/25573\/revisions\/25575"}],"wp:featuredmedia":[{"embeddable":true,"href":"https:\/\/www.sportchaco.com.ar\/index.php?rest_route=\/wp\/v2\/media\/25574"}],"wp:attachment":[{"href":"https:\/\/www.sportchaco.com.ar\/index.php?rest_route=%2Fwp%2Fv2%2Fmedia&parent=25573"}],"wp:term":[{"taxonomy":"category","embeddable":true,"href":"https:\/\/www.sportchaco.com.ar\/index.php?rest_route=%2Fwp%2Fv2%2Fcategories&post=25573"},{"taxonomy":"post_tag","embeddable":true,"href":"https:\/\/www.sportchaco.com.ar\/index.php?rest_route=%2Fwp%2Fv2%2Ftags&post=25573"}],"curies":[{"name":"wp","href":"https:\/\/api.w.org\/{rel}","templated":true}]}}