{"id":25576,"date":"2025-09-17T22:37:37","date_gmt":"2025-09-18T01:37:37","guid":{"rendered":"https:\/\/www.sportchaco.com.ar\/?p=25576"},"modified":"2025-09-17T22:37:37","modified_gmt":"2025-09-18T01:37:37","slug":"belgrano-avanza-en-la-copa-argentina","status":"publish","type":"post","link":"https:\/\/www.sportchaco.com.ar\/?p=25576","title":{"rendered":"Belgrano avanza en la Copa Argentina"},"content":{"rendered":"<div class=\"content-article-title\">\n<div class=\"wrapper-layout center-content center_story max-width\">\n<h5 class=\"article__title font__display\"><span style=\"font-size: 16px; font-weight: 400;\">17-09-2025<\/span><\/h5>\n<h5 class=\"col-content\">Belgrano lo dio vuelta, le gan\u00f3 a Newell\u2019s en San Luis y pas\u00f3 a semis de la Copa Argentina. <span style=\"font-size: 24px;\">El Pirata se impuso con autoridad por 3 a 1 ante la Lepra en La Pedrera de Villa Mercedes por los cuartos de final del torneo \u201cm\u00e1s federal\u201d. Jara, por duplicado, y Lisandro L\u00f3pez, los goles de la B.<\/span><\/h5>\n<\/div>\n<\/div>\n<div class=\"common-layout wrapper-layout center-content center_story max-width story article\">\n<div class=\"col-content\"><main class=\"col-content\"><\/p>\n<div class=\"article__header article__story article__article\">\n<div class=\"article__head\">\n<div class=\"article__lead-art article__lead-art-photo\" data-testid=\"LeadArtPhoto\">\n<figure class=\"\" data-testid=\"figure-testid\">\n<div class=\"aspect_ratio__container\"><picture class=\"responsive-image\"><source srcset=\"https:\/\/eldoce.tv\/resizer\/v2\/belgrano-gano-y-paso-a-semifinales-de-la-copa-argentina-GAWNSPY62ZBTXM7JUIPTP5JVKU.jpg?auth=10fad37b65cecaac486ccb7f79225566edd6a13af44eed00bbb49a3309430cc0&amp;width=767\" type=\"image\/jpg\" media=\"(max-width: 728px)\" \/><source srcset=\"https:\/\/eldoce.tv\/resizer\/v2\/belgrano-gano-y-paso-a-semifinales-de-la-copa-argentina-GAWNSPY62ZBTXM7JUIPTP5JVKU.jpg?auth=10fad37b65cecaac486ccb7f79225566edd6a13af44eed00bbb49a3309430cc0&amp;width=1023\" type=\"image\/jpg\" media=\"(max-width: 1023px)\" \/><source srcset=\"https:\/\/eldoce.tv\/resizer\/v2\/belgrano-gano-y-paso-a-semifinales-de-la-copa-argentina-GAWNSPY62ZBTXM7JUIPTP5JVKU.jpg?auth=10fad37b65cecaac486ccb7f79225566edd6a13af44eed00bbb49a3309430cc0&amp;width=1440\" type=\"image\/jpg\" \/><img decoding=\"async\" class=\"width_full height_full article__lead-art-photo image_placeholder\" src=\"https:\/\/eldoce.tv\/resizer\/v2\/belgrano-gano-y-paso-a-semifinales-de-la-copa-argentina-GAWNSPY62ZBTXM7JUIPTP5JVKU.jpg?auth=10fad37b65cecaac486ccb7f79225566edd6a13af44eed00bbb49a3309430cc0&amp;width=767\" alt=\"Belgrano gan\u00f3 y pas\u00f3 a semifinales de la Copa Argentina.\" \/><\/picture><\/div><figcaption class=\"caption_image\" data-testid=\"figcaption-testid\">\n<div class=\"image_caption font__body\">Belgrano gan\u00f3 con autoridad y pas\u00f3 a semifinales de la Copa Argentina.<span class=\"credits_image\">Por:\u00a0<b>Prensa Copa Argentina<\/b><\/span><\/div>\n<\/figcaption><\/figure>\n<\/div>\n<\/div>\n<div class=\"horizontal-share\" data-testid=\"share-toolbar\">\n<div class=\"tooltip__wrapper relative\"><\/div>\n<div class=\"tooltip__wrapper relative\"><\/div>\n<div class=\"tooltip__wrapper relative\"><\/div>\n<div class=\"tooltip__wrapper relative\"><\/div>\n<div class=\"tooltip__wrapper relative\"><\/div>\n<\/div>\n<\/div>\n<div class=\"default-article-color article__body article__article\">\n<p class=\"left paragraph font__body-regular\">Los hinchas de\u00a0<b>Belgrano\u00a0<\/b>tomaron el duelo ante\u00a0<b>Newell\u2019s por cuartos de final de Copa Argentina<\/b>\u00a0como \u201cel partido m\u00e1s importante en lo que va de 2025\u2033. No era para menos ya que pasar a semifinales del certamen \u201cm\u00e1s federal\u201d significaba un paso importante y un envi\u00f3n an\u00edmico considerable de cara al resto del semestre.<\/p>\n<p class=\"left paragraph font__body-regular\">En ese marco de expectativa, el Pirata lo dio vuelta y le gan\u00f3 con autoridad por 3 a 1 a la Lepra\u00a0<b>en el estadio La Pedrera de Villa Mercedes<\/b>, San Luis, que cont\u00f3 con la presencia de ambas hinchadas.\u00a0<b>Carlos Gonz\u00e1lez<\/b>\u00a0marc\u00f3 para el Rojinegro, pero\u00a0<b>Franco Jara, por duplicado,<\/b>\u00a0<b>y Lisandro L\u00f3pez<\/b>\u00a0remontaron para la B.<\/p>\n<p class=\"left paragraph font__body-regular\">Ahora el equipo del\u00a0<b>Ruso Zielinski<\/b>\u00a0se enfrentar\u00e1 a\u00a0<b>Argentinos Juniors<\/b>, que derrot\u00f3 1 a 0 a Lan\u00fas en la cancha de Racing de Avellaneda.<\/p>\n<figure class=\"\" data-testid=\"figure-testid\">\n<div class=\"aspect_ratio__container\"><picture class=\"responsive-image\"><source srcset=\"https:\/\/eldoce.tv\/resizer\/v2\/la-multitud-de-belgrano-en-la-pedrera-6CVR47LYDBCEBHD4BSNYURREEM.jpeg?auth=0f30545679df26d8e9a70eced529ebd646e49d073e7845a9d6a70785f3cf7d51&amp;width=767\" type=\"image\/jpg\" media=\"(max-width: 728px)\" \/><source srcset=\"https:\/\/eldoce.tv\/resizer\/v2\/la-multitud-de-belgrano-en-la-pedrera-6CVR47LYDBCEBHD4BSNYURREEM.jpeg?auth=0f30545679df26d8e9a70eced529ebd646e49d073e7845a9d6a70785f3cf7d51&amp;width=1023\" type=\"image\/jpg\" media=\"(max-width: 1023px)\" \/><source srcset=\"https:\/\/eldoce.tv\/resizer\/v2\/la-multitud-de-belgrano-en-la-pedrera-6CVR47LYDBCEBHD4BSNYURREEM.jpeg?auth=0f30545679df26d8e9a70eced529ebd646e49d073e7845a9d6a70785f3cf7d51&amp;width=1440\" type=\"image\/jpg\" \/><img loading=\"lazy\" decoding=\"async\" class=\"image content-image image_placeholder\" src=\"https:\/\/eldoce.tv\/resizer\/v2\/la-multitud-de-belgrano-en-la-pedrera-6CVR47LYDBCEBHD4BSNYURREEM.jpeg?auth=0f30545679df26d8e9a70eced529ebd646e49d073e7845a9d6a70785f3cf7d51&amp;width=767\" alt=\"La multitud de Belgrano en La Pedrera.\" width=\"767\" height=\"431\" data-testid=\"loading-testid\" \/><\/picture><\/div><figcaption class=\"caption_image\" data-testid=\"figcaption-testid\">\n<div class=\"image_caption \">La multitud de Belgrano en La Pedrera. <span class=\"credits_image\">Por:\u00a0<b>Emmanuel Cuestas |\u00a0<\/b><\/span><\/div>\n<\/figcaption><\/figure>\n<p class=\"left paragraph font__body-regular\">Belgrano llegaba de capa ca\u00edda luego de cuatro partidos sin ganar por el Clausura, en los que marc\u00f3 un solo gol. No obstante, se llev\u00f3 puesto al Rojinegro, se repuso a la adversidad y gan\u00f3 siendo muy superior. Lo \u00fanico que qued\u00f3 en el \u201cdebe\u201d fue haber errado muchos goles ante el conjunto de\u00a0<b>Cristian Fabbiani.<\/b><\/p>\n<\/div>\n<p><\/main><\/div>\n<\/div>\n","protected":false},"excerpt":{"rendered":"<p>17-09-2025 Belgrano lo dio vuelta, le gan\u00f3 a Newell\u2019s en San Luis y pas\u00f3 a semis de la Copa Argentina. El Pirata se impuso con autoridad por 3 a 1 ante la Lepra en La Pedrera de Villa Mercedes por los cuartos de final del torneo \u201cm\u00e1s federal\u201d. Jara, por duplicado, y Lisandro L\u00f3pez, los &hellip;<\/p>\n","protected":false},"author":2,"featured_media":25577,"comment_status":"open","ping_status":"open","sticky":false,"template":"","format":"standard","meta":{"footnotes":""},"categories":[47],"tags":[],"class_list":["post-25576","post","type-post","status-publish","format-standard","has-post-thumbnail","hentry","category-nacionales"],"_links":{"self":[{"href":"https:\/\/www.sportchaco.com.ar\/index.php?rest_route=\/wp\/v2\/posts\/25576","targetHints":{"allow":["GET"]}}],"collection":[{"href":"https:\/\/www.sportchaco.com.ar\/index.php?rest_route=\/wp\/v2\/posts"}],"about":[{"href":"https:\/\/www.sportchaco.com.ar\/index.php?rest_route=\/wp\/v2\/types\/post"}],"author":[{"embeddable":true,"href":"https:\/\/www.sportchaco.com.ar\/index.php?rest_route=\/wp\/v2\/users\/2"}],"replies":[{"embeddable":true,"href":"https:\/\/www.sportchaco.com.ar\/index.php?rest_route=%2Fwp%2Fv2%2Fcomments&post=25576"}],"version-history":[{"count":1,"href":"https:\/\/www.sportchaco.com.ar\/index.php?rest_route=\/wp\/v2\/posts\/25576\/revisions"}],"predecessor-version":[{"id":25578,"href":"https:\/\/www.sportchaco.com.ar\/index.php?rest_route=\/wp\/v2\/posts\/25576\/revisions\/25578"}],"wp:featuredmedia":[{"embeddable":true,"href":"https:\/\/www.sportchaco.com.ar\/index.php?rest_route=\/wp\/v2\/media\/25577"}],"wp:attachment":[{"href":"https:\/\/www.sportchaco.com.ar\/index.php?rest_route=%2Fwp%2Fv2%2Fmedia&parent=25576"}],"wp:term":[{"taxonomy":"category","embeddable":true,"href":"https:\/\/www.sportchaco.com.ar\/index.php?rest_route=%2Fwp%2Fv2%2Fcategories&post=25576"},{"taxonomy":"post_tag","embeddable":true,"href":"https:\/\/www.sportchaco.com.ar\/index.php?rest_route=%2Fwp%2Fv2%2Ftags&post=25576"}],"curies":[{"name":"wp","href":"https:\/\/api.w.org\/{rel}","templated":true}]}}