{"id":25579,"date":"2025-09-17T23:40:41","date_gmt":"2025-09-18T02:40:41","guid":{"rendered":"https:\/\/www.sportchaco.com.ar\/?p=25579"},"modified":"2025-09-17T23:44:45","modified_gmt":"2025-09-18T02:44:45","slug":"efemerides-del-18-de-septiembre","status":"publish","type":"post","link":"https:\/\/www.sportchaco.com.ar\/?p=25579","title":{"rendered":"Efem\u00e9rides del 18 de septiembre"},"content":{"rendered":"<div class=\"container fullwidth-entry-title-wrapper\">\n<div class=\"container-wrapper fullwidth-entry-title\">\n<header class=\"entry-header-outer\">\n<div class=\"entry-header\">\n<h1 class=\"post-title entry-title\"><\/h1>\n<div class=\"single-post-meta post-meta clearfix\"><\/div>\n<\/div>\n<\/header>\n<\/div>\n<\/div>\n<div id=\"content\" class=\"site-content container\">\n<div id=\"main-content-row\" class=\"tie-row main-content-row\">\n<div class=\"main-content tie-col-md-8 tie-col-xs-12\" role=\"main\">\n<article id=\"the-post\" class=\"container-wrapper post-content tie-standard\">\n<div class=\"featured-area\">\n<div class=\"featured-area-inner\"><\/div>\n<\/div>\n<div class=\"entry-content entry clearfix\">\n<h5><strong>Esta es la Efem\u00e9rides del Deporte en el Chaco de un 18 de septiembre del periodista Luis Dar\u00edo Molodezky.<\/strong><\/h5>\n<p><img loading=\"lazy\" decoding=\"async\" class=\"alignnone size-full wp-image-25479 aligncenter\" src=\"https:\/\/www.sportchaco.com.ar\/wp-content\/uploads\/2025\/09\/Luis-carita-287x300-1.jpg\" alt=\"\" width=\"287\" height=\"300\" \/><\/p>\n<p><strong>1933\u00a0<\/strong>\/ Se funda el Club Ciclista Octavio Bottecchia. Los primeros 48 a\u00f1os tuvo como presidente a don Leo Parzianello y fue reemplazado por Ram\u00f3n Pardo. Este club organizaba la carrera ciclista alrededor de la Plaza 25 de Mayo (de cuatro manzanas) como un evento m\u00e1s en las fechas patrias. A la primera organizada se la denomin\u00f3 \u201cLa Vuelta de Italia\u201d y fue ganada por Luis Fabre. Durante su larga vinculaci\u00f3n con el ciclismo, don \u201cLeo\u201d Parzianello organiz\u00f3 la tradicional Vuelta al Chaco, una de las m\u00e1s duras pruebas para los ciclistas en caminos de tierra. La primera se realiz\u00f3 en el a\u00f1o 1947, y en total fueron siete bajo su tutela. Otro de los cl\u00e1sicos era la doble Basail. La Asociaci\u00f3n Cicl\u00edstica de Resistencia lleva el nombre de \u201cLeo Parzianello\u201d.<\/p>\n<p><strong>1935 \/<\/strong>\u00a0Nace en Resistencia Julio C\u00e9sar Cubillas, \u00abBaby\u00bb para la gente. Fue futbolista, basquetbolista y boxeador, adem\u00e1s gran bailar\u00edn. Practic\u00f3 b\u00e1squetbol en Villa con los hermanos Margosa, el negro Prado Lima, Aguilar (Pocholo), Penny Corbal\u00e1n, \u00abP\u00f3tolo\u00bb S\u00e1nchez, Chiche Dosso \u00abCarlucho\u00bb Lutringer entre otros. Practic\u00f3 boxeo dirigido por Domingo D\u00b4Elia (padre), Su primera pelea fue con Coco Torres subiendo al ring de apuro porque su rival no lleg\u00f3. Le sac\u00f3 el invicto a Omar Gaetano. Practic\u00f3 los dos deportes hasta que en 1959 lleg\u00f3 el f\u00fatbol, jugando para For Ever. Fue integrante el equipo de For Ever que jug\u00f3 en la Bombonera frente a Boca quedando en la historia luego de ganar el Regional. Falleci\u00f3 el 18 de mayo del 2023 a los 88 a\u00f1os.<\/p>\n<p><strong>1977 \/\u00a0<\/strong>Guillermo Galassi le cort\u00f3 una racha de 14 victorias consecutivas a Enrique Urrutia, en la Clase D del Zonal, competencia disputada de Bella Vista. Tambien ganaron Capitanich, Szimnasky y Cossani en las otras categor\u00edas.<\/p>\n<p><img loading=\"lazy\" decoding=\"async\" class=\"size-medium wp-image-25582 aligncenter\" src=\"https:\/\/www.sportchaco.com.ar\/wp-content\/uploads\/2025\/09\/Galassi-93-300x225.jpg\" alt=\"\" width=\"300\" height=\"225\" srcset=\"https:\/\/www.sportchaco.com.ar\/wp-content\/uploads\/2025\/09\/Galassi-93-300x225.jpg 300w, https:\/\/www.sportchaco.com.ar\/wp-content\/uploads\/2025\/09\/Galassi-93-1024x768.jpg 1024w, https:\/\/www.sportchaco.com.ar\/wp-content\/uploads\/2025\/09\/Galassi-93-768x576.jpg 768w, https:\/\/www.sportchaco.com.ar\/wp-content\/uploads\/2025\/09\/Galassi-93-1536x1152.jpg 1536w, https:\/\/www.sportchaco.com.ar\/wp-content\/uploads\/2025\/09\/Galassi-93-2048x1536.jpg 2048w\" sizes=\"auto, (max-width: 300px) 100vw, 300px\" \/><\/p>\n<p><strong>1983\u00a0<\/strong>\/ Se presenta en el Aut\u00f3dromo Regional del Nordeste del Chaco el CAM, con sus coches Datsun. Result\u00f3 ganador Ernesto Bessone, de punta a punta a un promedio de 114,342 km. por hora. Segundo Osvaldo L\u00f3pez y tercero Pisandelli. La organizaci\u00f3n estuvo a cargo de la Asociaci\u00f3n de Volantes del Nordeste. Se vendieron 8.500 entradas.<\/p>\n<p><strong>1985\u00a0<\/strong>\/ Da una charla en el sal\u00f3n de actos de la UTN el reconocido periodista deportivo Osvaldo Ardizzone, ante un lleno completo. Dej\u00f3 una excelente impresi\u00f3n por sus conocimientos y capacidad oratoria.<\/p>\n<p><strong>2005\u00a0<\/strong>\/ En Rosario, Carolina Bejarano se consagra subcampeona nacional Juvenil de Lanzamiento de Jabalina, estableciendo r\u00e9cord provincial con 40,39 metros, en el marco del 35\u00ba Campeonato Nacional de Juveniles Sub-20.<\/p>\n<p><img loading=\"lazy\" decoding=\"async\" class=\"alignnone size-medium wp-image-25580\" src=\"https:\/\/www.sportchaco.com.ar\/wp-content\/uploads\/2025\/09\/CUBILLA-BABY-2-780x470-1-300x181.jpg\" alt=\"\" width=\"300\" height=\"181\" srcset=\"https:\/\/www.sportchaco.com.ar\/wp-content\/uploads\/2025\/09\/CUBILLA-BABY-2-780x470-1-300x181.jpg 300w, https:\/\/www.sportchaco.com.ar\/wp-content\/uploads\/2025\/09\/CUBILLA-BABY-2-780x470-1-768x463.jpg 768w, https:\/\/www.sportchaco.com.ar\/wp-content\/uploads\/2025\/09\/CUBILLA-BABY-2-780x470-1.jpg 780w\" sizes=\"auto, (max-width: 300px) 100vw, 300px\" \/><\/p>\n<p><strong>Foto portada: Baby Cubillas recibe el trofeo de manos del Toro Salvaje de las Pampas, Luis Angel Firme, en el Anfiteatro Todaro<\/strong><\/p>\n<\/div>\n<p>&nbsp;<\/p>\n<div class=\"entry-content entry clearfix\">\n<div class=\"ng-tns-c37251539-200\">\n<section id=\"processing-state-16\" class=\"processing-state_container ng-tns-c37251539-200 is-gpi-avatar ng-trigger ng-trigger-processingStateShowHide ng-star-inserted is-done-processing\">\n<div id=\"processing-state-16-summary\" class=\"processing-state_details ng-trigger ng-trigger-menuExpansion ng-tns-c37251539-200 is-gpi-avatar ng-star-inserted\" aria-hidden=\"true\">\n<ul class=\"ng-tns-c37251539-200 is-gpi-avatar ng-star-inserted\">\n<li class=\"ng-tns-c37251539-200 ng-star-inserted\">\n<div class=\"tool-summary ng-tns-c37251539-200\">\n<div class=\"tool-summary-message ng-tns-c37251539-200 gds-body-l ng-star-inserted\"><\/div>\n<\/div>\n<\/li>\n<\/ul>\n<\/div>\n<\/section>\n<\/div>\n<div class=\"response-content ng-tns-c732415350-199\">\n<div id=\"model-response-message-contentr_03a1f4315c84c84b\" class=\"markdown markdown-main-panel enable-updated-hr-color\" dir=\"ltr\">\n<p>&nbsp;<\/p>\n<h3>En Argentina<\/h3>\n<p>&nbsp;<\/p>\n<ul>\n<li><b>2015 &#8211; Regreso de Carlos T\u00e9vez a Boca Juniors:<\/b> El delantero Carlos T\u00e9vez regresa a Boca Juniors despu\u00e9s de 11 a\u00f1os en el exterior, jugando su primer partido en su segunda etapa con el club, en una victoria 2 a 1 contra Quilmes.<\/li>\n<li><b>1948 &#8211; Primera \u00abVuelta del Chaco\u00bb de Turismo Carretera (TC):<\/b> Se realiza esta carrera automovil\u00edstica en la provincia del Chaco, un evento in\u00e9dito que reuni\u00f3 a los mejores pilotos del pa\u00eds y marc\u00f3 el inicio del \u00abChaco Automotor Club\u00bb.<\/li>\n<li><b>Nacimientos destacados:<\/b>\n<ul>\n<li><b>1975:<\/b> Nace <b>Sebasti\u00e1n Vignolo<\/b>, reconocido periodista deportivo y relator de f\u00fatbol.<\/li>\n<li><b>1987:<\/b> Nace <b>Claudio Yacob<\/b>, futbolista argentino.<\/li>\n<li><b>2002:<\/b> Nace <b>Alexis Ch\u00e1vez<\/b>, atleta argentino.<\/li>\n<\/ul>\n<\/li>\n<\/ul>\n<p>&nbsp;<\/p>\n<h3>En el Mundo<\/h3>\n<p>&nbsp;<\/p>\n<ul>\n<li><b>1930 &#8211; Inauguraci\u00f3n del Estadio Centenario:<\/b> Se inaugura el Estadio Centenario de Montevideo, Uruguay, con un partido del Mundial de 1930 (Uruguay 1 &#8211; Per\u00fa 0). El estadio fue declarado por la FIFA como <b>Monumento Hist\u00f3rico del F\u00fatbol Mundial<\/b> en 1983.<\/li>\n<li><b>1976 &#8211; Nadia Comaneci logra el 10 perfecto:<\/b> En los Juegos Ol\u00edmpicos de Montreal, la gimnasta rumana <b>Nadia Comaneci<\/b> se convierte en la primera mujer en la historia en obtener una puntuaci\u00f3n perfecta de <b>10<\/b> en barras asim\u00e9tricas. Un hito que repiti\u00f3 otras seis veces durante el torneo.<\/li>\n<li><b>Nacimientos destacados:<\/b>\n<ul>\n<li><b>1990:<\/b> Nace <b>Sa\u00fal \u00abCanelo\u00bb \u00c1lvarez<\/b>, boxeador mexicano, campe\u00f3n mundial en m\u00faltiples categor\u00edas.<\/li>\n<\/ul>\n<\/li>\n<\/ul>\n<\/div>\n<\/div>\n<\/div>\n<\/article>\n<\/div>\n<\/div>\n<\/div>\n","protected":false},"excerpt":{"rendered":"<p>Esta es la Efem\u00e9rides del Deporte en el Chaco de un 18 de septiembre del periodista Luis Dar\u00edo Molodezky. 1933\u00a0\/ Se funda el Club Ciclista Octavio Bottecchia. Los primeros 48 a\u00f1os tuvo como presidente a don Leo Parzianello y fue reemplazado por Ram\u00f3n Pardo. Este club organizaba la carrera ciclista alrededor de la Plaza 25 &hellip;<\/p>\n","protected":false},"author":2,"featured_media":25581,"comment_status":"open","ping_status":"open","sticky":false,"template":"","format":"standard","meta":{"footnotes":""},"categories":[45,39],"tags":[],"class_list":["post-25579","post","type-post","status-publish","format-standard","has-post-thumbnail","hentry","category-efemerides-dia-por-dia","category-septiembre"],"_links":{"self":[{"href":"https:\/\/www.sportchaco.com.ar\/index.php?rest_route=\/wp\/v2\/posts\/25579","targetHints":{"allow":["GET"]}}],"collection":[{"href":"https:\/\/www.sportchaco.com.ar\/index.php?rest_route=\/wp\/v2\/posts"}],"about":[{"href":"https:\/\/www.sportchaco.com.ar\/index.php?rest_route=\/wp\/v2\/types\/post"}],"author":[{"embeddable":true,"href":"https:\/\/www.sportchaco.com.ar\/index.php?rest_route=\/wp\/v2\/users\/2"}],"replies":[{"embeddable":true,"href":"https:\/\/www.sportchaco.com.ar\/index.php?rest_route=%2Fwp%2Fv2%2Fcomments&post=25579"}],"version-history":[{"count":3,"href":"https:\/\/www.sportchaco.com.ar\/index.php?rest_route=\/wp\/v2\/posts\/25579\/revisions"}],"predecessor-version":[{"id":25591,"href":"https:\/\/www.sportchaco.com.ar\/index.php?rest_route=\/wp\/v2\/posts\/25579\/revisions\/25591"}],"wp:featuredmedia":[{"embeddable":true,"href":"https:\/\/www.sportchaco.com.ar\/index.php?rest_route=\/wp\/v2\/media\/25581"}],"wp:attachment":[{"href":"https:\/\/www.sportchaco.com.ar\/index.php?rest_route=%2Fwp%2Fv2%2Fmedia&parent=25579"}],"wp:term":[{"taxonomy":"category","embeddable":true,"href":"https:\/\/www.sportchaco.com.ar\/index.php?rest_route=%2Fwp%2Fv2%2Fcategories&post=25579"},{"taxonomy":"post_tag","embeddable":true,"href":"https:\/\/www.sportchaco.com.ar\/index.php?rest_route=%2Fwp%2Fv2%2Ftags&post=25579"}],"curies":[{"name":"wp","href":"https:\/\/api.w.org\/{rel}","templated":true}]}}