{"id":25616,"date":"2025-09-18T20:54:02","date_gmt":"2025-09-18T23:54:02","guid":{"rendered":"https:\/\/www.sportchaco.com.ar\/?p=25616"},"modified":"2025-09-18T20:54:54","modified_gmt":"2025-09-18T23:54:54","slug":"sin-sus-grandes-figuras-argentina-en-el-mundial-sub-20","status":"publish","type":"post","link":"https:\/\/www.sportchaco.com.ar\/?p=25616","title":{"rendered":"Sin sus grandes figuras Argentina en el Mundial Sub-20"},"content":{"rendered":"<div class=\"section-2-col article-header\">\n<div class=\"col 2-col\">\n<h1><\/h1>\n<h5 class=\"h3 ff-20px-w400\">La competencia comienza el 27 de septiembre pr\u00f3ximo en Chile. Las figuras que no estar\u00e1n en el plantel que dirige Diego Placente por negativa de sus clubes.<\/h5>\n<div class=\"author\">\n<div class=\"author-inner\">\n<div class=\"author-thumbnail\"><\/div>\n<\/div>\n<\/div>\n<\/div>\n<\/div>\n<div class=\"section-2-col article-main-image\">\n<div class=\"col 2-col\">\n<div class=\"article-main-media-image__container\">\n<div class=\"image-wrapper\">\n<figure><figcaption><strong>Foto portada: El t\u00e9cnico del seleccionado juvenil Diego Placente. Imagen: Prensa<\/strong><\/figcaption><\/figure>\n<\/div>\n<\/div>\n<\/div>\n<\/div>\n<div class=\"section-2-col article-main-content\">\n<div class=\"col 1-col cxense-articles\"><\/div>\n<div class=\"col 2-col\">\n<div class=\"article-main-content article-text \">\n<p>La Selecci\u00f3n Argentina Sub-20 se prepara para disputar el Mundial de esa categor\u00eda en Chile desde el s\u00e1bado 27 de septiembre hasta el 19 de octubre. El torneo marcar\u00e1 el regreso de esta competencia al pa\u00eds trasandino despu\u00e9s de 38 a\u00f1os, cuando fue sede por primera vez en 1987, a\u00f1o que\u00a0<b>se consagr\u00f3 campe\u00f3n Yugoslavia,<\/b>\u00a0con uno de los mejores equipos de la historia de la competici\u00f3n, en el que figuraban futuras leyendas del f\u00fatbol de la talla de Igor Stimac, Robert Jarni, Zvonimir Boban, Robert Prosinecki,\u00a0<b>Predrag Mijatovic y Davor Suker,\u00a0<\/b>entre otros.<\/p>\n<p>El elenco argentino comandado por\u00a0<b>Diego Placente<\/b>\u00a0disputar\u00e1 los tres partidos del Grupo D en el estadio El\u00edas Figueroa de Valpara\u00edso, desde las 20 hora local. Debutar\u00e1 el domingo 28 ante Cuba. Cuatro d\u00edas m\u00e1s tarde, se medir\u00e1 contra Australia y cerrar\u00e1 su participaci\u00f3n el 4 de octubre frente a\u00a0<b>Italia subcampe\u00f3n de la \u00faltima edici\u00f3n\u00a0<\/b>realizada en la Argentina. Tras los enfrentamientos entre los equipos de los seis grupos, los dos mejores de cada zona avanzar\u00e1n a la fase de eliminaci\u00f3n directa, junto con los cuatro mejores terceros clasificados. Luego, los seleccionados se emparejar\u00e1n en cruces a partido \u00fanico, en un camino que va desde los octavos de final hasta la gran final, programada para el 19 de octubre en el Nacional de Santiago.<\/p>\n<div id=\"talkFireEvent\"><\/div>\n<div class=\"slot-available\"><\/div>\n<p>El entrenador argentino presentar\u00e1 en las pr\u00f3ximas horas la lista de 21 elegidos con\u00a0<b>varias bajas importantes que se destacan en el exterior,<\/b>\u00a0debido a la decisi\u00f3n de sus clubes de no prestar a los jugadores. La competencia no forma parte del calendario FIFA oficial de mayores, lo que significa que las instituciones no est\u00e1n obligadas a ceder a sus futbolistas. A pesar de que el torneo coincide con una fecha FIFA de octubre, lo que reduce el tiempo de ausencia de los futbolistas, algunos clubes decidieron no autorizarlos.<\/p>\n<p>La primera baja sensible tiene que ver con un futbolista muy importante para la estructura de Placente, porque el\u00a0<b>Bayer Leverkusen decidi\u00f3 no autorizar a Claudio Echeverri,\u00a0<\/b>que se encuentra a pr\u00e9stamo a ese equipo alem\u00e1n, aunque su ficha pertenece al Manchester City ingl\u00e9s. Entre ambos clubes europeos, hubo un acuerdo de palabra para que el argentino permanezca en Alemania y no viaje a Chile para sumarse al elenco albiceleste. Por ahora, apenas sum\u00f3 35 minutos.\u00a0<b>Sim\u00f3n Rolfes, el director deportivo del conjunto alem\u00e1n\u00a0<\/b>dej\u00f3 en claro en declaraciones a la prensa que el \u00abDiablito\u00bb se quedar\u00e1 en Europa. \u00abVamos a necesitar al jugador. Se queda. Esa es nuestra opini\u00f3n y tambi\u00e9n la del City\u00bb, sentenci\u00f3, baj\u00e1ndole el pulgar.<\/p>\n<div class=\"slot-available\"><\/div>\n<p>La segunda cara importante que no estar\u00e1 es\u00a0<b>Franco Mastantuono.<\/b>\u00a0El Real Madrid tom\u00f3 la decisi\u00f3n de que el talentoso zurdo se quede a jugar la Liga de Espa\u00f1a y la Champions League por pedido de\u00a0<b>Xabi Alonso.\u00a0<\/b>El entrenador espa\u00f1ol remarc\u00f3 que el joven de 18 a\u00f1os no ser\u00e1 cedido, ya que el club invirti\u00f3 45 millones de euros en su fichaje y prefiere preservarlo. La \u00abCasa Blanca\u00bb ni siquiera abri\u00f3 di\u00e1logo con AFA para poder negociar por el ex River Plate. Se plant\u00f3 de entrada para no cederlo al Sub-20, aunque estar\u00eda en condiciones de prestarlo para los amistosos de la Selecci\u00f3n de<b>\u00a0Lionel Scaloni<\/b>\u00a0en octubre, ya que en Madrid consideran que es un jugador \u00fanicamente para la Mayor.<\/p>\n<div class=\"medium-insert-embeds\">\n<figure>\n<div class=\"medium-insert-embed\">\n<div align=\"center\">\n<figure class=\"caption caption-drupal-entity\" role=\"group\">\n<div class=\"embedded-entity\" data-embed-button=\"media_image_button\" data-entity-embed-display=\"view_mode:media.single_media_image_460\" data-entity-type=\"media\" data-entity-uuid=\"917984c3-bf36-43d0-a761-191eaf1c18c9\" data-langcode=\"es\" data-entity-embed-display-settings=\"[]\">\n<article class=\"media media--type-image media--view-mode-single-media-image-460\">\n<div class=\"field field--name-field-media-image field--type-image field--label-hidden field__item\"><img loading=\"lazy\" decoding=\"async\" class=\"image-style-width960\" src=\"https:\/\/images.pagina12.com.ar\/styles\/width960\/public\/2025-09\/973271-30b-efe.jpg?itok=5vVj2xPx\" width=\"960\" height=\"640\" \/><\/div>\n<\/article>\n<\/div><figcaption>Franco Mastantuono se quedar\u00e1 en su club y no jugar\u00e1 el Mundial. Imagen:\u00a0 EFE<\/figcaption><\/figure>\n<\/div>\n<\/div>\n<\/figure>\n<div class=\"medium-insert-embeds-overlay\"><\/div>\n<\/div>\n<div class=\"slot-available\"><\/div>\n<p>La misma situaci\u00f3n corre para\u00a0<b>Gianluca Prestianni,\u00a0<\/b>quien se destaca en el Benfica de Portugal, equipo que no lo prestar\u00e1 con la intenci\u00f3n de utilizarlo en el torneo portugu\u00e9s.<\/p>\n<p>En tanto,\u00a0<b>Santiago Castro<\/b>\u00a0es figura y titular en el Bologna, pero la lesi\u00f3n de Ciro Inmobile hizo que se quede a disputar la Serie A.\u00a0<b>Valent\u00edn Carboni,\u00a0<\/b>por su parte, es otro futbolista que no disputar\u00e1 el Mundial. El mediocampista ofensivo est\u00e1 a pr\u00e9stamo en el Genoa, pero su pase pertenece al\u00a0<b>Inter de Mil\u00e1n.\u00a0<\/b>Su presente en el rojiazul es bueno, ya que jug\u00f3 tres partidos y marc\u00f3 un tanto tras recuperarse de una lesi\u00f3n ligamentaria. El hijo de Ezequiel \u00abKily\u00bb Carboni fue parte del Mundial Sub-20 de 2023 y Placente lo considera importante, pero no podr\u00e1 contar con \u00e9l.<\/p>\n<div class=\"slot-available\"><\/div>\n<p>En tanto,<b>\u00a0Tomas P\u00e9rez,\u00a0<\/b>mediocampista del Porto, hab\u00eda sido autorizado para sumarse al seleccionado juvenil, pero la dirigencia portuguesa meti\u00f3 marcha atr\u00e1s, ya que su equipo de Primera sufri\u00f3 varios lesionados, entre ellos,\u00a0<b>Nehu\u00e9n P\u00e9rez,<\/b>\u00a0quien padece la rotura del tend\u00f3n de aquiles. De esta manera, el volante tuvo que regresar a Oporto luego de hacer escala en Madrid y no se unir\u00e1 al seleccionado nacional. P\u00e9rez debut\u00f3 en Newell&#8217;s en julio de 2024, en el empate sin goles contra Independiente Rivadavia de Mendoza. En octubre del mismo a\u00f1o, fue convocado por\u00a0<b>Javier Mascherano\u00a0<\/b>para disputar amistosos con el Sub-20 argentino.<\/p>\n<p>Otro que no estar\u00e1 es\u00a0<b>Aar\u00f3n Anselmino del Borussia Dortmund,<\/b>\u00a0club que decidi\u00f3 no cederlo para que juegue en la liga alemana. El tampoco fue cedido para disputar el Sudamericano de Venezuela, cuando entonces era defensor del Chelsea de Inglaterra.<\/p>\n<div class=\"slot-available\"><\/div>\n<p>El \u00fanico jugador de la Selecci\u00f3n Mayor que integra la lista definitiva del Sub-20 es\u00a0<b>Julio Soler, lateral izquierdo\u00a0<\/b>que defiende la camiseta del Bournemouth de la Premier League, en donde jug\u00f3 muy pocos minutos. El defensor fue liberado, ya que en su contrato hay una cl\u00e1usula que exige jugar con la Selecci\u00f3n Juvenil.<\/p>\n<p>No obstante, de los que juegan en el exterior fue convocado Alejo Sarco, delantero del Bayer Leverkusen, que hab\u00eda quedado libre en V\u00e9lez a principio de a\u00f1o y se fue al f\u00fatbol europeo, aunque todav\u00eda no sum\u00f3 minutos en Alemania. Tambi\u00e9n,\u00a0<b>el arquero Alain G\u00f3mez Santill\u00e1n, del Valencia de Espa\u00f1a.<\/b>\u00a0El juvenil de 17 a\u00f1os naci\u00f3 en esa ciudad espa\u00f1ola, m\u00e1s precisamente en Candelaria, un municipio perteneciente a la provincia de Santa Cruz, en la isla de Tenerife. Su padre es venezolano y su madre argentina, lo que le permite ser parte de la Selecci\u00f3n Argentina y\u00a0<b>tambi\u00e9n ser elegible para la Vinotinto.\u00a0<\/b>Su presencia es imponente: mide 1,90 metros, una caracter\u00edstica que lo distingue bajo los tres palos. En la \u00faltima temporada con la Academia del conjunto Che, el guardameta sum\u00f3 360 minutos, dado que fue convocado en 16 oportunidades, en las que solo jug\u00f3 cuatro veces.<\/p>\n<div class=\"medium-insert-embeds\">\n<figure>\n<div class=\"medium-insert-embed\">\n<div align=\"center\">\n<figure class=\"caption caption-drupal-entity\" role=\"group\">\n<div class=\"embedded-entity\" data-embed-button=\"media_image_button\" data-entity-embed-display=\"view_mode:media.single_media_image_460\" data-entity-type=\"media\" data-entity-uuid=\"da3d1834-d739-493a-ba42-0bc3b3f0a409\" data-langcode=\"es\" data-entity-embed-display-settings=\"[]\">\n<article class=\"media media--type-image media--view-mode-single-media-image-460\">\n<div class=\"field field--name-field-media-image field--type-image field--label-hidden field__item\"><img loading=\"lazy\" decoding=\"async\" class=\"image-style-width960\" src=\"https:\/\/images.pagina12.com.ar\/styles\/width960\/public\/2025-09\/973271-web-prensa-20afa.jpg?itok=f5feBxV_\" width=\"960\" height=\"640\" \/>Los juveniles se entrenan en Ezeiza. Imagen: Prensa AFA<\/div>\n<\/article>\n<\/div>\n<\/figure>\n<\/div>\n<\/div><figcaption class=\"\"><\/figcaption><\/figure>\n<div class=\"medium-insert-embeds-overlay\"><\/div>\n<\/div>\n<div class=\"slot-available\"><\/div>\n<p>En el \u00e1mbito local, hay un acuerdo verbal entre los clubes argentinos y la AFA para no obstaculizar la cesi\u00f3n de juveniles, aunque puede haber negociaciones caso por caso. V\u00e9lez Sarsfield ceder\u00e1 a un joven con futuro europeo:\u00a0<b>Maher Carrizo disputar\u00e1 la Copa del Mundo Sub-20<\/b>\u00a0por pedido del propio jugador.<\/p>\n<p>Seg\u00fan pudo saber\u00a0<b>P\u00e1gina\/12,<\/b>\u00a0el conjunto de Liniers pidi\u00f3 que Carrizo est\u00e9 presente en la vuelta contra Racing por los octavos de final de la Copa Libertadores a jugarse el martes que viene, cinco d\u00edas antes del debut del seleccionado juvenil en el pa\u00eds vecino. Para\u00a0<b>Guillermo Barros Schelotto,<\/b>\u00a0el zurdo mediocampista es una de las figuras del equipo por su muy buen presente, por eso lo quiere tener para la revancha. Adem\u00e1s, el DT velezano podr\u00e1 contar con\u00a0<b>Alvaro Busso,<\/b>\u00a0y luego ambos se sumar\u00e1n al seleccionado juvenil.<\/p>\n<div class=\"slot-available\"><\/div>\n<p>Tambi\u00e9n, ser\u00edan citados\u00a0<b>Santino Barbi (Talleres),\u00a0<\/b>Dylan Gorosito (Boca), Santiago Fern\u00e1ndez (Talleres), Tob\u00edas Ram\u00edrez (Argentinos Juniors), Valente Pierani (Estudiantes de La Plata),\u00a0<b>Juan Villalba (Gimnasia y Esgrima La Plata),<\/b>\u00a0Teo Rodr\u00edguez Pagano (San Lorenzo), Milton Delgado (Boca), Valentino Acu\u00f1a (Newell&#8217;s), Ian Subiabre (River) y\u00a0<b>Santino Andino (Godoy Cruz).<\/b><\/p>\n<p>A lo largo de su historia, el equipo albiceleste se consagr\u00f3\u00a0<b>campe\u00f3n en seis ocasiones:<\/b>\u00a01979, 1995, 1997, 2001, 2005 y 2007. Los jugadores dirigidos por Placente buscar\u00e1n tener un nuevo t\u00edtulo. La \u00faltima edici\u00f3n del Mundial Sub-20 se disput\u00f3 en Argentina durante 2023, donde\u00a0<b>Uruguay conquist\u00f3 su primer t\u00edtulo en la categor\u00eda<\/b>\u00a0al vencer a Italia por 1-0 en la final disputada en La Plata. Como anfitri\u00f3n, la Selecci\u00f3n Argentina particip\u00f3 directamente del torneo y logr\u00f3 superar la fase de grupos con tres victorias, aunque\u00a0<b>su camino se trunc\u00f3 en octavos de final<\/b>\u00a0tras caer ante Nigeria por 2-0.<\/p>\n<p>Fuente<\/p>\n<div class=\"author\">\n<div class=\"author-inner\">\n<div class=\"author-thumbnail\"><picture><source srcset=\"https:\/\/images.pagina12.com.ar\/styles\/width470\/public\/media\/users\/4291\/lucas-20gatti.png?itok=KYz9Yatq\" media=\"(width &lt;= 768px)\" \/><img loading=\"lazy\" decoding=\"async\" class=\" image\" src=\"https:\/\/images.pagina12.com.ar\/styles\/width470\/public\/media\/users\/4291\/lucas-20gatti.png?itok=KYz9Yatq\" alt=\"function body_3(chk,ctx){return chk.f(ctx.getPath(false, [&quot;author&quot;,&quot;title&quot;]),ctx,&quot;h&quot;);}\" width=\"51\" height=\"42\" \/> <\/picture><span class=\"ff-w400\">Por<\/span> Lucas Gatti &#8211; P\u00e1gina 12 &#8211; 18 de septiembre de 2025<\/div>\n<\/div>\n<\/div>\n<\/div>\n<\/div>\n<\/div>\n","protected":false},"excerpt":{"rendered":"<p>La competencia comienza el 27 de septiembre pr\u00f3ximo en Chile. Las figuras que no estar\u00e1n en el plantel que dirige Diego Placente por negativa de sus clubes. Foto portada: El t\u00e9cnico del seleccionado juvenil Diego Placente. Imagen: Prensa La Selecci\u00f3n Argentina Sub-20 se prepara para disputar el Mundial de esa categor\u00eda en Chile desde el &hellip;<\/p>\n","protected":false},"author":2,"featured_media":25617,"comment_status":"open","ping_status":"open","sticky":false,"template":"","format":"standard","meta":{"footnotes":""},"categories":[6],"tags":[],"class_list":["post-25616","post","type-post","status-publish","format-standard","has-post-thumbnail","hentry","category-internacionales"],"_links":{"self":[{"href":"https:\/\/www.sportchaco.com.ar\/index.php?rest_route=\/wp\/v2\/posts\/25616","targetHints":{"allow":["GET"]}}],"collection":[{"href":"https:\/\/www.sportchaco.com.ar\/index.php?rest_route=\/wp\/v2\/posts"}],"about":[{"href":"https:\/\/www.sportchaco.com.ar\/index.php?rest_route=\/wp\/v2\/types\/post"}],"author":[{"embeddable":true,"href":"https:\/\/www.sportchaco.com.ar\/index.php?rest_route=\/wp\/v2\/users\/2"}],"replies":[{"embeddable":true,"href":"https:\/\/www.sportchaco.com.ar\/index.php?rest_route=%2Fwp%2Fv2%2Fcomments&post=25616"}],"version-history":[{"count":2,"href":"https:\/\/www.sportchaco.com.ar\/index.php?rest_route=\/wp\/v2\/posts\/25616\/revisions"}],"predecessor-version":[{"id":25619,"href":"https:\/\/www.sportchaco.com.ar\/index.php?rest_route=\/wp\/v2\/posts\/25616\/revisions\/25619"}],"wp:featuredmedia":[{"embeddable":true,"href":"https:\/\/www.sportchaco.com.ar\/index.php?rest_route=\/wp\/v2\/media\/25617"}],"wp:attachment":[{"href":"https:\/\/www.sportchaco.com.ar\/index.php?rest_route=%2Fwp%2Fv2%2Fmedia&parent=25616"}],"wp:term":[{"taxonomy":"category","embeddable":true,"href":"https:\/\/www.sportchaco.com.ar\/index.php?rest_route=%2Fwp%2Fv2%2Fcategories&post=25616"},{"taxonomy":"post_tag","embeddable":true,"href":"https:\/\/www.sportchaco.com.ar\/index.php?rest_route=%2Fwp%2Fv2%2Ftags&post=25616"}],"curies":[{"name":"wp","href":"https:\/\/api.w.org\/{rel}","templated":true}]}}