{"id":25628,"date":"2025-09-19T12:09:08","date_gmt":"2025-09-19T15:09:08","guid":{"rendered":"https:\/\/www.sportchaco.com.ar\/?p=25628"},"modified":"2025-09-19T14:47:18","modified_gmt":"2025-09-19T17:47:18","slug":"su-otra-vida-y-pasionpeco-tissembaum-y-sus-vivencias-tuercas","status":"publish","type":"post","link":"https:\/\/www.sportchaco.com.ar\/?p=25628","title":{"rendered":"\u201cPeco\u201d Tissembaum y sus vivencias tuercas"},"content":{"rendered":"<blockquote><p><strong>Hace poco m\u00e1s de un a\u00f1o, el 26 de junio, se apag\u00f3 a los 92 a\u00f1os la vida del doctor Edwin Eric Tissembaum, m\u00e1s conocido como \u201cPeco\u201d. La memoria chaque\u00f1a lo recuerda como un activista de los Derechos Humanos, un pol\u00edtico de raza, siempre comprometido con los m\u00e1s humildes y con los presos pol\u00edticos a quienes defendi\u00f3 con coraje. Esa es una parte de su historia. La otra, menos conocida pero igualmente intensa, fue su pasi\u00f3n por los fierros, por las motos y los autos, por ese universo \u201ctuerca\u201d que lo marc\u00f3 para siempre.\u00a0<\/strong><\/p><\/blockquote>\n<p>Por eso este homenaje busca recuperar al <strong>Peco deportista<\/strong>, al hombre que detr\u00e1s de la toga de abogado guardaba un coraz\u00f3n de corredor.<\/p>\n<p>Naci\u00f3 en Santa Fe el 14 de febrero de 1932 y, apenas recibido de abogado, eligi\u00f3 radicarse en el Chaco. El automovilismo lo atrap\u00f3 temprano, y aunque un accidente posterior lo dejar\u00eda con secuelas f\u00edsicas durante m\u00e1s de 45 a\u00f1os, nunca perdi\u00f3 el brillo en los ojos cuando hablaba de aquellas aventuras.<\/p>\n<p><img loading=\"lazy\" decoding=\"async\" class=\"alignnone size-medium wp-image-25633 aligncenter\" src=\"https:\/\/www.sportchaco.com.ar\/wp-content\/uploads\/2025\/09\/Peco-Tissembam-300x176.jpg\" alt=\"\" width=\"300\" height=\"176\" srcset=\"https:\/\/www.sportchaco.com.ar\/wp-content\/uploads\/2025\/09\/Peco-Tissembam-300x176.jpg 300w, https:\/\/www.sportchaco.com.ar\/wp-content\/uploads\/2025\/09\/Peco-Tissembam.jpg 615w\" sizes=\"auto, (max-width: 300px) 100vw, 300px\" \/><\/p>\n<p><strong>Los primeros rugidos de motor<\/strong><\/p>\n<p>\u201cMis primeras incursiones en el deporte tuerca las hice en el motociclismo, all\u00e1 por 1958, con una <strong>Gilera 150<\/strong>\u201d, evocaba con nostalgia. En las pistas se entreveraba con grandes pilotos de la \u00e9poca como los correntinos Santini y Stornini o el local Enzo Belotti.<\/p>\n<p>Corr\u00edan en la Costanera de Corrientes, en el Parque 2 de Febrero o en el m\u00edtico Tri\u00e1ngulo de Resistencia. De aquella \u00e9poca le qued\u00f3 un recuerdo especial: una carrera en Corrientes donde, puntero con su Gilera, el motor se trab\u00f3 y termin\u00f3 en un espectacular porrazo. \u201cFue mi mejor recuerdo, porque pese al accidente no me pas\u00f3 nada, y porque iba primero\u201d, contaba con una sonrisa.<\/p>\n<p><strong>El salto al automovilismo<\/strong><\/p>\n<p>El cofre de los recuerdos de Peco se abr\u00eda siempre con naturalidad. \u201cMi primera carrera en auto fue con un <strong>Ford Falcon<\/strong>, en un circuito mixto de tierra y pavimento en Makall\u00e9, all\u00e1 por 1961\u201d, relataba. No gan\u00f3, pero se clasific\u00f3 bien gracias a los abandonos, y aquello le bast\u00f3 para quedar atrapado.<\/p>\n<p>Despu\u00e9s lleg\u00f3 el <strong>Peugeot 404<\/strong>, preparado por el equipo Dorrego y acompa\u00f1ado por el inseparable \u201cVasco\u201d Echebarne. Con ellos se lanz\u00f3 al Campeonato Argentino, formando equipo con <strong>Paco Mayorga<\/strong> y <strong>Norberto Casta\u00f1\u00f3n<\/strong>. Fueron a\u00f1os de gloria y fraternidad.<\/p>\n<p><strong>Amistad sobre ruedas<\/strong><\/p>\n<p>Peco sol\u00eda decir que m\u00e1s all\u00e1 de los resultados lo que distingu\u00eda aquella \u00e9poca era la <strong>camarader\u00eda<\/strong>:<br \/>\n\u201c\u00c9ramos amigos antes y despu\u00e9s de correr. Hab\u00eda una franca amistad. Yo mismo llegu\u00e9 a remolcar autos de colegas que no ten\u00edan medios. Nunca lo vivimos como una guerra, sino como un juego compartido\u201d, recordaba.<\/p>\n<p>Nombraba a sus compa\u00f1eros de ruta: Lolo Carauni, Belotti, Ad\u00e1n Pedrini y los pioneros como Yaco Guarnieri, los Facal, los Silva. Y evocaba las pe\u00f1as, los mec\u00e1nicos que se ayudaban entre s\u00ed y esa fraternidad que hoy parece lejana.<\/p>\n<p><img loading=\"lazy\" decoding=\"async\" class=\"alignnone size-full wp-image-25632 aligncenter\" src=\"https:\/\/www.sportchaco.com.ar\/wp-content\/uploads\/2025\/09\/PECO-EL-DIARIO.jpg\" alt=\"\" width=\"237\" height=\"212\" \/><\/p>\n<p><strong>\u00c9xitos, accidentes y despedida<\/strong><\/p>\n<p>No se consideraba un piloto de primera l\u00ednea, sino un <strong>vocacional<\/strong>. Pero atesoraba logros, como el <strong>segundo puesto en Ober\u00e1<\/strong> o aquella carrera del <strong>\u201cPatito Endiablado\u201d<\/strong> en Resistencia, donde se impuso entre los zonales con un 404 afilado.<\/p>\n<p>Tambi\u00e9n recordaba las \u201csalvadas\u201d, como el accidente en Misiones cuando el volante del motor se parti\u00f3 y volaron bajo un alambrado. \u201cEl auto qued\u00f3 en la chacarita, pero nosotros salimos ilesos\u201d, contaba entre risas.<\/p>\n<p>El final lleg\u00f3 en <strong>Posadas<\/strong>, en el circuito de Santa In\u00e9s, cuando un accidente a m\u00e1s de 180 km\/h lo dej\u00f3 al borde de la muerte. Estuvo en terapia intensiva y luego en el Hospital Italiano de Buenos Aires. Las lesiones fueron graves y lo obligaron a abandonar la actividad. \u201cEse fue mi final, porque si no me frenaban las heridas, lo hac\u00eda mi se\u00f1ora\u201d, admit\u00eda con iron\u00eda.<\/p>\n<p><img loading=\"lazy\" decoding=\"async\" class=\"alignnone size-medium wp-image-25631\" src=\"https:\/\/www.sportchaco.com.ar\/wp-content\/uploads\/2025\/09\/pECO-PESCA-246x300.jpg\" alt=\"\" width=\"246\" height=\"300\" srcset=\"https:\/\/www.sportchaco.com.ar\/wp-content\/uploads\/2025\/09\/pECO-PESCA-246x300.jpg 246w, https:\/\/www.sportchaco.com.ar\/wp-content\/uploads\/2025\/09\/pECO-PESCA.jpg 326w\" sizes=\"auto, (max-width: 246px) 100vw, 246px\" \/><\/p>\n<p><strong>Recorriendo zonas dif\u00edciles a bordo de una canoa, para asistir a gente que lo neceistaba.<\/strong><\/p>\n<p><strong>El caballero de las pistas<\/strong><\/p>\n<p>Peco Tissembaum fue mucho m\u00e1s que un corredor: fue un hombre de principios que tambi\u00e9n traslad\u00f3 al deporte sus convicciones. \u201cEl que corre no debe olvidar que el de al lado es un compa\u00f1ero, no un enemigo. Detr\u00e1s de cada piloto hay una familia. Y uno, sentado en el auto, tiene m\u00e1s por vivir de lo que ya vivi\u00f3\u201d, dec\u00eda como una ense\u00f1anza.<\/p>\n<p>Sus amigos lo recordaban como un <strong>caballero del automovilismo<\/strong>, un hombre que incluso \u2014dec\u00edan en broma\u2014 <strong>\u201ccorr\u00eda descalzo\u201d<\/strong>, pero siempre con nobleza y humildad.<\/p>\n<p><strong>Una foto con sabor a fierros<\/strong><\/p>\n<p>&nbsp;<\/p>\n<p><img decoding=\"async\" src=\"https:\/\/www.sportchaco.com.ar\/wp-content\/uploads\/2025\/09\/foto-peco.jpg\" \/><br \/>\n\u201cPeco\u201d Tissembaum junto a <strong>Norberto Casta\u00f1\u00f3n<\/strong> y <strong>Roberto Pedelaborde<\/strong>, al lado del Peugeot 404 N\u00b039 de Casta\u00f1\u00f3n, en un parque cerrado.<\/p>\n<p><img loading=\"lazy\" decoding=\"async\" class=\"alignnone wp-image-25630\" src=\"https:\/\/www.sportchaco.com.ar\/wp-content\/uploads\/2025\/09\/Luis-carita-287x300-2.jpg\" alt=\"\" width=\"59\" height=\"62\" \/> \u00a0<strong>Por Luis Dar\u00edo Molodezky<\/strong><\/p>\n","protected":false},"excerpt":{"rendered":"<p>Hace poco m\u00e1s de un a\u00f1o, el 26 de junio, se apag\u00f3 a los 92 a\u00f1os la vida del doctor Edwin Eric Tissembaum, m\u00e1s conocido como \u201cPeco\u201d. La memoria chaque\u00f1a lo recuerda como un activista de los Derechos Humanos, un pol\u00edtico de raza, siempre comprometido con los m\u00e1s humildes y con los presos pol\u00edticos a &hellip;<\/p>\n","protected":false},"author":2,"featured_media":25629,"comment_status":"open","ping_status":"open","sticky":false,"template":"","format":"standard","meta":{"footnotes":""},"categories":[1],"tags":[],"class_list":["post-25628","post","type-post","status-publish","format-standard","has-post-thumbnail","hentry","category-fotos-del-recuerdo"],"_links":{"self":[{"href":"https:\/\/www.sportchaco.com.ar\/index.php?rest_route=\/wp\/v2\/posts\/25628","targetHints":{"allow":["GET"]}}],"collection":[{"href":"https:\/\/www.sportchaco.com.ar\/index.php?rest_route=\/wp\/v2\/posts"}],"about":[{"href":"https:\/\/www.sportchaco.com.ar\/index.php?rest_route=\/wp\/v2\/types\/post"}],"author":[{"embeddable":true,"href":"https:\/\/www.sportchaco.com.ar\/index.php?rest_route=\/wp\/v2\/users\/2"}],"replies":[{"embeddable":true,"href":"https:\/\/www.sportchaco.com.ar\/index.php?rest_route=%2Fwp%2Fv2%2Fcomments&post=25628"}],"version-history":[{"count":3,"href":"https:\/\/www.sportchaco.com.ar\/index.php?rest_route=\/wp\/v2\/posts\/25628\/revisions"}],"predecessor-version":[{"id":25653,"href":"https:\/\/www.sportchaco.com.ar\/index.php?rest_route=\/wp\/v2\/posts\/25628\/revisions\/25653"}],"wp:featuredmedia":[{"embeddable":true,"href":"https:\/\/www.sportchaco.com.ar\/index.php?rest_route=\/wp\/v2\/media\/25629"}],"wp:attachment":[{"href":"https:\/\/www.sportchaco.com.ar\/index.php?rest_route=%2Fwp%2Fv2%2Fmedia&parent=25628"}],"wp:term":[{"taxonomy":"category","embeddable":true,"href":"https:\/\/www.sportchaco.com.ar\/index.php?rest_route=%2Fwp%2Fv2%2Fcategories&post=25628"},{"taxonomy":"post_tag","embeddable":true,"href":"https:\/\/www.sportchaco.com.ar\/index.php?rest_route=%2Fwp%2Fv2%2Ftags&post=25628"}],"curies":[{"name":"wp","href":"https:\/\/api.w.org\/{rel}","templated":true}]}}