{"id":25640,"date":"2025-09-19T12:32:53","date_gmt":"2025-09-19T15:32:53","guid":{"rendered":"https:\/\/www.sportchaco.com.ar\/?p=25640"},"modified":"2025-09-19T12:32:53","modified_gmt":"2025-09-19T15:32:53","slug":"colapinto-enfadado-con-el-rendimiento-del-alpine","status":"publish","type":"post","link":"https:\/\/www.sportchaco.com.ar\/?p=25640","title":{"rendered":"Colapinto enfadado con el rendimiento del Alpine"},"content":{"rendered":"<div class=\"c-stack b-right-rail__full-width-1\" data-style-direction=\"vertical\" data-style-justification=\"start\" data-style-alignment=\"unset\" data-style-inline=\"false\" data-style-wrap=\"nowrap\">\n<h5 class=\"b-headline\">Franco Colapinto se fue de boca contra su Alpine tras el flojo rendimiento en el GP de Azerbaiy\u00e1n. <span style=\"font-size: 24px;\">El piloto argentino Franco Colapinto no ocult\u00f3 su frustraci\u00f3n tras quedar \u00faltimo en la segunda sesi\u00f3n de entrenamientos del Gran Premio de Bak\u00fa y lanz\u00f3 una cr\u00edtica directa al rendimiento del Alpine.<\/span><\/h5>\n<\/div>\n<div class=\"c-grid b-right-rail__rail-container\">\n<div class=\"c-stack b-right-rail__main-interior-item\" data-style-direction=\"vertical\" data-style-justification=\"start\" data-style-alignment=\"unset\" data-style-inline=\"false\" data-style-wrap=\"nowrap\">\n<div class=\"c-stack b-double-chain\" data-style-direction=\"vertical\" data-style-justification=\"start\" data-style-alignment=\"unset\" data-style-inline=\"false\" data-style-wrap=\"nowrap\">\n<div class=\"c-grid b-double-chain__children-grid\">\n<div class=\"c-stack b-double-chain__child-item\" data-style-direction=\"vertical\" data-style-justification=\"start\" data-style-alignment=\"unset\" data-style-inline=\"false\" data-style-wrap=\"nowrap\"><time class=\"c-date b-date\" datetime=\"2025-09-19T14:42:54.629Z\">19 de septiembre de 2025 a las 11:42 a.\u00a0m.<\/time><\/div>\n<div class=\"c-stack b-double-chain__child-item\" data-style-direction=\"vertical\" data-style-justification=\"start\" data-style-alignment=\"unset\" data-style-inline=\"false\" data-style-wrap=\"nowrap\">\n<div class=\"c-stack b-share-bar\" data-position=\"inherit\" data-design=\"designCustom\" data-justift-content=\"end\" data-style-direction=\"horizontal\" data-style-justification=\"center\" data-style-alignment=\"center\" data-style-inline=\"false\" data-style-wrap=\"nowrap\"><button id=\"whatsapp\" class=\"c-button c-button--medium c-button--default logo-visible\" type=\"button\" aria-label=\"whatsapp\"><span class=\"visually-hidden\">whatsapp<\/span><\/button><button id=\"facebook\" class=\"c-button c-button--medium c-button--default logo-visible\" type=\"button\" aria-label=\"facebook\"><span class=\"visually-hidden\">facebook<\/span><\/button><button id=\"twitter\" class=\"c-button c-button--medium c-button--default logo-visible\" type=\"button\" aria-label=\"twitter\"><span class=\"visually-hidden\">twitter<\/span><\/button><button id=\"email\" class=\"c-button c-button--medium c-button--default logo-visible\" type=\"button\" aria-label=\"email\"><span class=\"visually-hidden\">email<\/span><\/button><button id=\"copy\" class=\"c-button c-button--medium c-button--default logo-visible\" type=\"button\" aria-label=\"copy\"><span class=\"visually-hidden\">copy<\/span><\/button><\/div>\n<\/div>\n<\/div>\n<\/div>\n<div>\n<div class=\"marfeel-recommender-bajada\"><\/div>\n<\/div>\n<article class=\"b-article-body\">\n<div class=\"genoa-story-video-placeholder\"><img decoding=\"async\" class=\"c-image\" src=\"https:\/\/thumbs.vodgc.net\/13-255-ioyMYf1758292080713_1080P.jpg\" alt=\"Franco Colapinto\" \/><\/p>\n<div class=\"genoa-story-video-placeholder-button\"><\/div>\n<\/div>\n<p class=\"c-paragraph\">Despu\u00e9s de una jornada marcada por la irregularidad en\u00a0<a title=\"https:\/\/radiomitre.cienradios.com\/deportes\/el-desafio-entre-franco-colapinto-y-pierre-gasly-que-se-robo-las-miradas-en-azerbaiyan\/\" href=\"https:\/\/radiomitre.cienradios.com\/deportes\/el-desafio-entre-franco-colapinto-y-pierre-gasly-que-se-robo-las-miradas-en-azerbaiyan\/\" target=\"_blank\" rel=\"noopener noreferrer\">el circuito callejero de Azerbaiy\u00e1n,\u00a0<b>Franco Colapinto<\/b><\/a>\u00a0termin\u00f3 en el \u00faltimo lugar en la\u00a0<b>FP2<\/b>\u00a0y se mostr\u00f3 autocr\u00edtico con el desempe\u00f1o del auto. El joven piloto argentino, que corre para Alpine, habl\u00f3 sin filtro sobre lo que fue su viernes en\u00a0<b>Bak\u00fa<\/b>\u00a0y dej\u00f3 en claro que el panorama es preocupante de cara al fin de semana de carrera.<\/p>\n<h2 class=\"b-article-body__h2\"><\/h2>\n<p class=\"c-paragraph\">Con 22 a\u00f1os y toda la expectativa puesta en su crecimiento dentro de la F\u00f3rmula 1,\u00a0<b>Franco Colapinto<\/b>\u00a0cerr\u00f3 el segundo entrenamiento del viernes en el\u00a0<b>puesto 20<\/b>, tras haber quedado 19\u00b0 en la primera tanda. En total, gir\u00f3 34 veces al trazado urbano y registr\u00f3 un tiempo de 1:43.322 en su mejor vuelta, a m\u00e1s de medio segundo de su compa\u00f1ero de equipo,\u00a0<b>Pierre Gasly<\/b>, y a m\u00e1s de tres d\u00e9cimas de\u00a0<b>Fernando Alonso<\/b>, el pen\u00faltimo en la tabla.<\/p>\n<figure class=\"c-media-item b-article-body__image\"><img loading=\"lazy\" decoding=\"async\" class=\"c-image\" src=\"https:\/\/radiomitre.cienradios.com\/resizer\/v2\/FXEBATK4RNFZJN4KK7CEF2P4BI.jpg?auth=d13c2a4b54430f5e89e4c1266da271c5c1cc948769c3c7017f6d9c9b4585dd40&amp;width=800&amp;height=400\" srcset=\"https:\/\/radiomitre.cienradios.com\/resizer\/v2\/FXEBATK4RNFZJN4KK7CEF2P4BI.jpg?auth=d13c2a4b54430f5e89e4c1266da271c5c1cc948769c3c7017f6d9c9b4585dd40&amp;width=274&amp;height=137 274w, https:\/\/radiomitre.cienradios.com\/resizer\/v2\/FXEBATK4RNFZJN4KK7CEF2P4BI.jpg?auth=d13c2a4b54430f5e89e4c1266da271c5c1cc948769c3c7017f6d9c9b4585dd40&amp;width=400&amp;height=200 400w, https:\/\/radiomitre.cienradios.com\/resizer\/v2\/FXEBATK4RNFZJN4KK7CEF2P4BI.jpg?auth=d13c2a4b54430f5e89e4c1266da271c5c1cc948769c3c7017f6d9c9b4585dd40&amp;width=768&amp;height=384 768w, https:\/\/radiomitre.cienradios.com\/resizer\/v2\/FXEBATK4RNFZJN4KK7CEF2P4BI.jpg?auth=d13c2a4b54430f5e89e4c1266da271c5c1cc948769c3c7017f6d9c9b4585dd40&amp;width=1024&amp;height=512 1024w, https:\/\/radiomitre.cienradios.com\/resizer\/v2\/FXEBATK4RNFZJN4KK7CEF2P4BI.jpg?auth=d13c2a4b54430f5e89e4c1266da271c5c1cc948769c3c7017f6d9c9b4585dd40&amp;width=1440&amp;height=720 1440w\" alt=\"Franco Colapinto se fue de boca contra su Alpine tras el flojo rendimiento en el GP de Azerbaiy\u00e1n\" width=\"800\" height=\"400\" data-chromatic=\"ignore\" \/><figcaption class=\"c-media-item__fig-caption\"><span class=\"c-media-item__title\">Franco Colapinto se fue de boca contra su Alpine tras el flojo rendimiento en el GP de Azerbaiy\u00e1n<\/span><\/figcaption><\/figure>\n<p class=\"c-paragraph\"><b>\u201cNos est\u00e1 costando mucho en esta pista, estamos muy lejos. No encontramos el ritmo, ni con neum\u00e1ticos medios ni con blandos\u201d<\/b>, expres\u00f3 Colapinto luego de bajarse del monoplaza. Su sinceridad refleja la tensi\u00f3n interna en Alpine, que tuvo una jornada discreta en t\u00e9rminos generales.<\/p>\n<h2 class=\"b-article-body__h2\">El argentino buscar\u00e1 mejorar en la tercera pr\u00e1ctica antes de la clasificaci\u00f3n<\/h2>\n<p class=\"c-paragraph\">Este s\u00e1bado desde las 5.30 de la ma\u00f1ana (hora argentina) se correr\u00e1 la\u00a0<b>FP3<\/b>, \u00faltima sesi\u00f3n de ensayo antes de la clasificaci\u00f3n, que comenzar\u00e1 a las 9. All\u00ed se definir\u00e1 el orden de largada para la carrera del domingo, que tiene horario de inicio a las 8. Colapinto sabe que necesita un cambio importante para aspirar a un mejor resultado.<\/p>\n<p class=\"c-paragraph\"><b>\u201cVamos a revisar todo esta noche. Necesitamos encontrar una soluci\u00f3n porque as\u00ed no tenemos chances de pelear con nadie\u201d<\/b>, agreg\u00f3 con firmeza.<\/p>\n<p class=\"c-paragraph\">M\u00e1s all\u00e1 del mal rendimiento, el corredor argentino valor\u00f3 la experiencia:\u00a0<b>\u201cCada vuelta en este tipo de circuitos me sirve, pero queremos estar m\u00e1s adelante\u201d<\/b>.<\/p>\n<\/article>\n<\/div>\n<\/div>\n","protected":false},"excerpt":{"rendered":"<p>Franco Colapinto se fue de boca contra su Alpine tras el flojo rendimiento en el GP de Azerbaiy\u00e1n. El piloto argentino Franco Colapinto no ocult\u00f3 su frustraci\u00f3n tras quedar \u00faltimo en la segunda sesi\u00f3n de entrenamientos del Gran Premio de Bak\u00fa y lanz\u00f3 una cr\u00edtica directa al rendimiento del Alpine. 19 de septiembre de 2025 &hellip;<\/p>\n","protected":false},"author":2,"featured_media":25641,"comment_status":"open","ping_status":"open","sticky":false,"template":"","format":"standard","meta":{"footnotes":""},"categories":[2],"tags":[],"class_list":["post-25640","post","type-post","status-publish","format-standard","has-post-thumbnail","hentry","category-automovilismo"],"_links":{"self":[{"href":"https:\/\/www.sportchaco.com.ar\/index.php?rest_route=\/wp\/v2\/posts\/25640","targetHints":{"allow":["GET"]}}],"collection":[{"href":"https:\/\/www.sportchaco.com.ar\/index.php?rest_route=\/wp\/v2\/posts"}],"about":[{"href":"https:\/\/www.sportchaco.com.ar\/index.php?rest_route=\/wp\/v2\/types\/post"}],"author":[{"embeddable":true,"href":"https:\/\/www.sportchaco.com.ar\/index.php?rest_route=\/wp\/v2\/users\/2"}],"replies":[{"embeddable":true,"href":"https:\/\/www.sportchaco.com.ar\/index.php?rest_route=%2Fwp%2Fv2%2Fcomments&post=25640"}],"version-history":[{"count":1,"href":"https:\/\/www.sportchaco.com.ar\/index.php?rest_route=\/wp\/v2\/posts\/25640\/revisions"}],"predecessor-version":[{"id":25642,"href":"https:\/\/www.sportchaco.com.ar\/index.php?rest_route=\/wp\/v2\/posts\/25640\/revisions\/25642"}],"wp:featuredmedia":[{"embeddable":true,"href":"https:\/\/www.sportchaco.com.ar\/index.php?rest_route=\/wp\/v2\/media\/25641"}],"wp:attachment":[{"href":"https:\/\/www.sportchaco.com.ar\/index.php?rest_route=%2Fwp%2Fv2%2Fmedia&parent=25640"}],"wp:term":[{"taxonomy":"category","embeddable":true,"href":"https:\/\/www.sportchaco.com.ar\/index.php?rest_route=%2Fwp%2Fv2%2Fcategories&post=25640"},{"taxonomy":"post_tag","embeddable":true,"href":"https:\/\/www.sportchaco.com.ar\/index.php?rest_route=%2Fwp%2Fv2%2Ftags&post=25640"}],"curies":[{"name":"wp","href":"https:\/\/api.w.org\/{rel}","templated":true}]}}