{"id":2565,"date":"2023-11-06T12:29:21","date_gmt":"2023-11-06T15:29:21","guid":{"rendered":"https:\/\/www.sportchaco.com.ar\/?p=2565"},"modified":"2023-11-06T12:29:21","modified_gmt":"2023-11-06T15:29:21","slug":"los-primeros-candidatos-para-boca-milito-palermo-gago-y-el-melli","status":"publish","type":"post","link":"https:\/\/www.sportchaco.com.ar\/?p=2565","title":{"rendered":"Los primeros candidatos para Boca: Milito, Palermo, Gago y el melli"},"content":{"rendered":"<h1><\/h1>\n<p class=\"description\">Si bien su nombre aparece entre los posibles sucesores de Jorge Almir\u00f3n, el ext\u00e9cnico de Argentinos rechazar\u00eda un ofrecimiento.<\/p>\n<div class=\"article-info\">\n<div class=\"article-info-left\">\n<div class=\"article-autor-info\">\n<div class=\"article-autor-name\"><\/div>\n<\/div>\n<\/div>\n<\/div>\n<figure class=\"rat16x9\"><img decoding=\"async\" title=\"Riquelme - Boca\" src=\"https:\/\/media.tycsports.com\/files\/2023\/09\/25\/622480\/riquelme-boca_416x234.webp?v=1\" srcset=\"https:\/\/media.tycsports.com\/files\/2023\/09\/25\/622480\/riquelme-boca_416x234.webp?v=1 480w ,https:\/\/media.tycsports.com\/files\/2023\/09\/25\/622480\/riquelme-boca_862x485.webp?v=1 1080w \" alt=\"Riquelme - Boca\" \/><\/figure>\n<p class=\"capital\">La\u00a0<a href=\"https:\/\/www.tycsports.com\/boca-juniors\/por-que-renuncia-jorge-almiron-boca-motivos-id545932.html\" target=\"_blank\" rel=\"noopener\">renuncia de\u00a0Jorge Almir\u00f3n\u00a0como t\u00e9cnico de\u00a0Boca<\/a>, tras la ca\u00edda con\u00a0Fluminense\u00a0en la final de la\u00a0Copa Libertadores, abri\u00f3 un nuevo foco de tormenta en el club, que tendr\u00e1 como interino\u00a0Mariano Herr\u00f3n\u00a0para terminar lo que resta de\u00a0Copa de la Liga Profesional\u00a0y\u00a0Copa Argentina, donde el Xeneize est\u00e1 en semifinales.<\/p>\n<div class=\"watchto-wrap\">\n<div class=\"watchto\"><\/div>\n<\/div>\n<p>Entre los nombres que suenan est\u00e1\u00a0<b>Gabriel Milito<\/b>, quien se encuentra sin trabajo luego de su salida de Argentinos Juniors, tras un ciclo exitoso de dos a\u00f1os y medio que el entrenador decidi\u00f3 finalizar luego de quedar afuera en octavos de final de Copa Argentina ante San Mart\u00edn de San Juan.<\/p>\n<p>Sin embargo, transcendi\u00f3 que\u00a0<b>el DT dir\u00eda que no ante un eventual llamado de Boca<\/b>\u00a0porque su idea es pegar el salto para dirigir en Europa. De hecho podr\u00eda tener una chance en breve en Zaragoza, club en el que es \u00eddolo, que no logra levantar cabeza en la segunda divisi\u00f3n de Espa\u00f1a.<\/p>\n<figure class=\"rat16x9\"><img decoding=\"async\" title=\"Gabriel Milito\" src=\"https:\/\/media.tycsports.com\/files\/2023\/08\/31\/612330\/gabriel-milito_416x234.webp\" srcset=\"https:\/\/media.tycsports.com\/files\/2023\/08\/31\/612330\/gabriel-milito_416x234.webp 480w, https:\/\/media.tycsports.com\/files\/2023\/08\/31\/612330\/gabriel-milito_862x485.webp 1080w\" alt=\"Gabriel Milito\" data-src=\"https:\/\/media.tycsports.com\/files\/2023\/08\/31\/612330\/gabriel-milito_416x234.webp\" data-srcset=\"https:\/\/media.tycsports.com\/files\/2023\/08\/31\/612330\/gabriel-milito_416x234.webp 480w, https:\/\/media.tycsports.com\/files\/2023\/08\/31\/612330\/gabriel-milito_862x485.webp 1080w\" \/><\/figure>\n<h2><a href=\"https:\/\/www.tycsports.com\/boca-juniors\/principales-candidatos-dt-boca-salida-almiron-id545934.html\" target=\"_blank\" rel=\"noopener\"><span style=\"color: #000000;\">Los principales candidatos para dirigir a Boca<\/span><\/a><\/h2>\n<p>Tras la salida de Almir\u00f3n toman fuerza los nombres de varios hist\u00f3ricos del Xeneize, entre los que est\u00e1n\u00a0Guillermo Barros Schelotto,\u00a0Fernando Gago\u00a0y hasta\u00a0Mart\u00edn Palermo, si no contin\u00faa en Platense para 2024.<\/p>\n<p>&nbsp;<\/p>\n<p>Foto de Martin Palermo con la camiseta de Boca, como m\u00e1ximo artillero en la historia xeneise.<\/p>\n","protected":false},"excerpt":{"rendered":"<p>Si bien su nombre aparece entre los posibles sucesores de Jorge Almir\u00f3n, el ext\u00e9cnico de Argentinos rechazar\u00eda un ofrecimiento. La\u00a0renuncia de\u00a0Jorge Almir\u00f3n\u00a0como t\u00e9cnico de\u00a0Boca, tras la ca\u00edda con\u00a0Fluminense\u00a0en la final de la\u00a0Copa Libertadores, abri\u00f3 un nuevo foco de tormenta en el club, que tendr\u00e1 como interino\u00a0Mariano Herr\u00f3n\u00a0para terminar lo que resta de\u00a0Copa de la Liga &hellip;<\/p>\n","protected":false},"author":2,"featured_media":2566,"comment_status":"open","ping_status":"open","sticky":false,"template":"","format":"standard","meta":{"footnotes":""},"categories":[47],"tags":[],"class_list":["post-2565","post","type-post","status-publish","format-standard","has-post-thumbnail","hentry","category-nacionales"],"_links":{"self":[{"href":"https:\/\/www.sportchaco.com.ar\/index.php?rest_route=\/wp\/v2\/posts\/2565","targetHints":{"allow":["GET"]}}],"collection":[{"href":"https:\/\/www.sportchaco.com.ar\/index.php?rest_route=\/wp\/v2\/posts"}],"about":[{"href":"https:\/\/www.sportchaco.com.ar\/index.php?rest_route=\/wp\/v2\/types\/post"}],"author":[{"embeddable":true,"href":"https:\/\/www.sportchaco.com.ar\/index.php?rest_route=\/wp\/v2\/users\/2"}],"replies":[{"embeddable":true,"href":"https:\/\/www.sportchaco.com.ar\/index.php?rest_route=%2Fwp%2Fv2%2Fcomments&post=2565"}],"version-history":[{"count":1,"href":"https:\/\/www.sportchaco.com.ar\/index.php?rest_route=\/wp\/v2\/posts\/2565\/revisions"}],"predecessor-version":[{"id":2567,"href":"https:\/\/www.sportchaco.com.ar\/index.php?rest_route=\/wp\/v2\/posts\/2565\/revisions\/2567"}],"wp:featuredmedia":[{"embeddable":true,"href":"https:\/\/www.sportchaco.com.ar\/index.php?rest_route=\/wp\/v2\/media\/2566"}],"wp:attachment":[{"href":"https:\/\/www.sportchaco.com.ar\/index.php?rest_route=%2Fwp%2Fv2%2Fmedia&parent=2565"}],"wp:term":[{"taxonomy":"category","embeddable":true,"href":"https:\/\/www.sportchaco.com.ar\/index.php?rest_route=%2Fwp%2Fv2%2Fcategories&post=2565"},{"taxonomy":"post_tag","embeddable":true,"href":"https:\/\/www.sportchaco.com.ar\/index.php?rest_route=%2Fwp%2Fv2%2Ftags&post=2565"}],"curies":[{"name":"wp","href":"https:\/\/api.w.org\/{rel}","templated":true}]}}