{"id":25668,"date":"2025-09-20T11:30:55","date_gmt":"2025-09-20T14:30:55","guid":{"rendered":"https:\/\/www.sportchaco.com.ar\/?p=25668"},"modified":"2025-09-20T12:22:20","modified_gmt":"2025-09-20T15:22:20","slug":"finalizo-la-sexta-fecha-del-provincial-de-basquet","status":"publish","type":"post","link":"https:\/\/www.sportchaco.com.ar\/?p=25668","title":{"rendered":"Finaliz\u00f3 la sexta fecha del provincial de b\u00e1squet"},"content":{"rendered":"<p><strong>20-09-2025<\/strong><\/p>\n<div id=\"right-content\" class=\"relative\">\n<div id=\"content-area\" class=\"left relative\">\n<div id=\"tps_slideContainer_28518\" class=\"theiaPostSlider_slides\">\n<p><img loading=\"lazy\" decoding=\"async\" class=\"aligncenter size-large wp-image-20253\" src=\"https:\/\/www.sportchaco.com.ar\/wp-content\/uploads\/2025\/06\/Campo-720x90-13-1024x128.gif\" sizes=\"auto, (max-width: 1024px) 100vw, 1024px\" srcset=\"https:\/\/www.sportchaco.com.ar\/wp-content\/uploads\/2025\/06\/Campo-720x90-13-1024x128.gif 1024w, https:\/\/www.sportchaco.com.ar\/wp-content\/uploads\/2025\/06\/Campo-720x90-13-300x38.gif 300w, https:\/\/www.sportchaco.com.ar\/wp-content\/uploads\/2025\/06\/Campo-720x90-13-768x96.gif 768w\" alt=\"\" width=\"1024\" height=\"128\" \/><\/p>\n<p>Este viernes se llev\u00f3 adelante de manera \u00edntegra la 6\u00aa fecha del torneo Pre-Federal de mayores de la Federaci\u00f3n Chaque\u00f1a de B\u00e1squet.<\/p>\n<p>En la zona \u00abA\u00bb, ganaron los dos punteros. Regatas Resistencia venci\u00f3 de visitante a Social de Las Bre\u00f1as por 83-55 y Cultural en Santa Sylvina super\u00f3 a Acci\u00f3n de S\u00e1enz Pe\u00f1a por un abultado 102-51. Y en Charata, en doble suplementario, H\u00e9rcules le gan\u00f3 a Don Bosco por un apretado 106-105.<\/p>\n<p>Mientras que en la zona \u00abB\u00bb, Progresista de Villa \u00c1ngela sigue marcando el camino y contin\u00faa invicto; ahora dobleg\u00f3 a Don Orione por 122 a 70. Tambi\u00e9n ganaron Alvear, que vuelve a ser escolta, ante Juventud Villa Centenario por 90 a 52 e Hind\u00fa Club que derrot\u00f3 en Resistencia a Asociaci\u00f3n Espa\u00f1ola por 81-76.<\/p>\n<p><strong>ZONA \u201cA\u201d<\/strong><br \/>\n<strong>Viernes 19-09<\/strong><br \/>\nCultural 102 \u2013 Acci\u00f3n 51<br \/>\nSocial 55 \u2013 Regatas Rcia. 83<br \/>\nH\u00e9rcules 106 \u2013 Don Bosco 105<\/p>\n<p><strong>ZONA \u201cB\u201d<\/strong><br \/>\n<strong>Viernes 19-09<\/strong><br \/>\nJuventud VC 52 \u2013 Alvear 90<br \/>\nHind\u00fa Club 81 \u2013 Asoc. Espa\u00f1ola 76<br \/>\nProgresista 122 \u2013 Don Orione 70<\/p>\n<p><strong>Pr\u00f3xima fecha (7\u00aa)<\/strong><br \/>\n<strong>Zona \u00abA\u00bb<\/strong><br \/>\nRegatas Rcia. &#8211; H\u00e9rcules<br \/>\nDon Bosco &#8211; Cultural<br \/>\nAcci\u00f3n &#8211; Social<\/p>\n<p><strong>Zona \u00abB\u00bb<\/strong><br \/>\nAlvear &#8211; Hind\u00fa Club<br \/>\nAsoc. Espa\u00f1ola &#8211; Progresista<br \/>\nDon Orione &#8211; Juventud VC<\/p>\n<p><strong>POSICIONES<\/strong><br \/>\n<strong>Zona \u00abA\u00bb<\/strong><br \/>\nCultural 11<br \/>\nRegatas Rcia. 11<br \/>\nH\u00e9rcules 10<br \/>\nDon Bosco 9<br \/>\nSocial 7<br \/>\nAcci\u00f3n 6<\/p>\n<p><strong>Zona \u00abB\u00bb<\/strong><br \/>\nProgresista 12<br \/>\nAlvear 10<br \/>\nAsoc. Espa\u00f1ola 9<br \/>\nHind\u00fa Club 9<br \/>\nDon Orione 8<br \/>\nJuventud VC 6<\/p>\n<p><img loading=\"lazy\" decoding=\"async\" class=\"aligncenter size-full wp-image-20169\" src=\"https:\/\/www.sportchaco.com.ar\/wp-content\/uploads\/2025\/06\/PARQUE-SOLAR_250x250-01.gif\" alt=\"\" width=\"300\" height=\"300\" \/><\/p>\n<h1 class=\"story-title entry-title\">Pre \u2013 Federal: Hind\u00fa sac\u00f3 un juego complicado en casa<\/h1>\n<div id=\"right-content\" class=\"relative\">\n<div id=\"content-area\" class=\"left relative\">\n<div id=\"feat-img-reg\" class=\"relative\"><img decoding=\"async\" class=\" lazyloaded\" src=\"https:\/\/baskettotal.com.ar\/wp-content\/uploads\/2025\/09\/Hindu-festejo-1000x600.jpg\" data-src=\"https:\/\/baskettotal.com.ar\/wp-content\/uploads\/2025\/09\/Hindu-festejo-1000x600.jpg\" \/><\/div>\n<div id=\"left-content-mobi\">\n<div class=\"author-info-mob-wrap\"><span class=\"vcard author\"><span class=\"author-name left fn\"><a title=\"Entradas de prensa\" href=\"https:\/\/baskettotal.com.ar\/author\/prensa\/\" rel=\"author\">prensa<\/a><\/span><\/span><\/p>\n<div class=\"post-date-wrap left relative post-date-mob\"><span class=\"post-date\"><time class=\"post-date updated\" datetime=\"2025-09-20\">20 septiembre, 2025<\/time><\/span><\/div>\n<\/div>\n<\/div>\n<div id=\"tps_slideContainer_28592\" class=\"theiaPostSlider_slides\">\n<div>\n<p>(Por Santiago Waissmann\/ Basket Total)\u00a0<strong>En un juego correspondiente a la sexta fecha de la zona B, el \u00abB\u00f3lido Verde\u00bb cumpli\u00f3 con los deberes y venci\u00f3 a Espa\u00f1ola de Charata por 81 a 76. El m\u00e1ximo anotador del partido fue Facundo De Jes\u00fas con 23 puntos.<\/strong><\/p>\n<p>&nbsp;<\/p>\n<p>EL JUEGO<br \/>\nEl juego desde el arranque present\u00f3 a dos equipos buscando imponer su juego en todo momento, donde ambos equipos mostraron sus mejores armas en ataque y en ese aspecto, por momentos Hind\u00fa sac\u00f3 a M\u00e1ximo Rath y Valentino Colman para tomar una m\u00ednima a favor (12 \u2013 10). Sin embargo, a medida que los minutos fueron pasando, el partido continu\u00f3 siendo muy parejo, donde ninguno de los dos elencos pudo imponer una ventaja clara sobre el otro y solamente las individualidades espor\u00e1dicas, como las de M\u00e1ximo Rath y Diego Picardi, ante un elenco charatense que tuvo en Federico Tapponier y Cristian Carabajal lo m\u00e1s interesante; primer cuarto en tablas, 21 iguales.<\/p>\n<p>&nbsp;<\/p>\n<p>En el segundo cuarto, Hind\u00fa comenz\u00f3 algo mejor siempre con M\u00e1ximo Rath a la cabeza junto a los aportes de Valentino Colman en la zona pintada (30 \u2013 23). Sin embargo, los minutos fueron pasando e Hind\u00fa se fue soltando un poco m\u00e1s en ataque y con resultados, teniendo m\u00e1s claridad en ataque por momentos y una buena defensa (34 \u2013 26). Los minutos fueron pasando y si bien Espa\u00f1ola se mantuvo en juego con Cristian Carabajal principalmente, el \u00abB\u00f3lido Verde\u00bb siempre encontr\u00f3 en sus ataques muchas respuestas, teniendo por momentos en Facundo De Jes\u00fas y su goleo caracter\u00edstico y Valentino Colman lo m\u00e1s claro para marcar una diferencia clara cerca del cierre del segundo cuarto (41 \u2013 30). Y lleg\u00f3 el cierre del periodo e Hind\u00fa pudo mantener la ventaja de 45 a 34 sobre Espa\u00f1ola.<\/p>\n<p>&nbsp;<\/p>\n<p>De arranque en el tercer cuarto, r\u00e1pidamente el que mejor entr\u00f3 fue Espa\u00f1ola, donde Cristian Carabajal y Leonardo Rodr\u00edguez se los vio enchufados y efectivos, obligando al entrenador local a pedir tiempo muerto (45 \u2013 41). Sin embargo, a medida que los minutos fueron pasando, el juego y score se emparejaron, aunque siempre Hind\u00fa con aportes de M\u00e1ximo Rath y Gonzalo \u00c1lvarez le dieron siempre ventaja, cerrando el tercer cuarto con ventaja para los locales de 56 a 50.<\/p>\n<figure class=\"wp-block-image size-full\"><a href=\"https:\/\/baskettotal.com.ar\/wp-content\/uploads\/2025\/09\/Salto-inicial.jpg\"><img loading=\"lazy\" decoding=\"async\" class=\"lazy wp-image-28595 lazy-loaded\" src=\"https:\/\/baskettotal.com.ar\/wp-content\/uploads\/2025\/09\/Salto-inicial.jpg\" sizes=\"auto, (max-width: 612px) 100vw, 612px\" srcset=\"https:\/\/baskettotal.com.ar\/wp-content\/uploads\/2025\/09\/Salto-inicial.jpg 612w, https:\/\/baskettotal.com.ar\/wp-content\/uploads\/2025\/09\/Salto-inicial-235x300.jpg 235w\" alt=\"\" width=\"612\" height=\"780\" data-lazy-type=\"image\" data-lazy-src=\"https:\/\/baskettotal.com.ar\/wp-content\/uploads\/2025\/09\/Salto-inicial.jpg\" data-lazy-srcset=\"https:\/\/baskettotal.com.ar\/wp-content\/uploads\/2025\/09\/Salto-inicial.jpg 612w, https:\/\/baskettotal.com.ar\/wp-content\/uploads\/2025\/09\/Salto-inicial-235x300.jpg 235w\" data-lazy-sizes=\"(max-width: 612px) 100vw, 612px\" \/><\/a><\/figure>\n<p>Y en el \u00faltimo periodo, si bien el juego fue siempre cerrado y con r\u00e1fagas tanto de un equipo como del otro, Hind\u00fa siempre pudo y logr\u00f3 mantener la ventaja en todo momento con Facundo De Jes\u00fas a la cabeza y eso fue encaminando hacia una victoria muy importante, en casa y ante un rival muy dif\u00edcil como lo es Espa\u00f1ola de Charata. El resultado final fue de 81 a 76 para el \u00abB\u00f3lido Verde\u00bb.<\/p>\n<p>S\u00cdNTESIS<br \/>\nHIND\u00da (81): Valentino Colman 18, Diego Picardi 8, M\u00e1ximo Rath 14, \u00c1lvaro Lange 2, Mateo Didier 8, Gonzalo \u00c1lvarez 6, Alejandro Fern\u00e1ndez 2, Mateo Flores 0, Facundo De Jes\u00fas 23, Juan Far\u00eda 0. ENTRENADOR: Luis Cequeira.<\/p>\n<figure class=\"wp-block-image size-large\"><a href=\"https:\/\/baskettotal.com.ar\/wp-content\/uploads\/2025\/09\/Hindu.jpg\"><img loading=\"lazy\" decoding=\"async\" class=\"lazy wp-image-28593 lazy-loaded\" src=\"https:\/\/baskettotal.com.ar\/wp-content\/uploads\/2025\/09\/Hindu-1024x562.jpg\" sizes=\"auto, (max-width: 1024px) 100vw, 1024px\" srcset=\"https:\/\/baskettotal.com.ar\/wp-content\/uploads\/2025\/09\/Hindu-1024x562.jpg 1024w, https:\/\/baskettotal.com.ar\/wp-content\/uploads\/2025\/09\/Hindu-300x165.jpg 300w, https:\/\/baskettotal.com.ar\/wp-content\/uploads\/2025\/09\/Hindu-768x422.jpg 768w, https:\/\/baskettotal.com.ar\/wp-content\/uploads\/2025\/09\/Hindu.jpg 1040w\" alt=\"\" width=\"1024\" height=\"562\" data-lazy-type=\"image\" data-lazy-src=\"https:\/\/baskettotal.com.ar\/wp-content\/uploads\/2025\/09\/Hindu-1024x562.jpg\" data-lazy-srcset=\"https:\/\/baskettotal.com.ar\/wp-content\/uploads\/2025\/09\/Hindu-1024x562.jpg 1024w, https:\/\/baskettotal.com.ar\/wp-content\/uploads\/2025\/09\/Hindu-300x165.jpg 300w, https:\/\/baskettotal.com.ar\/wp-content\/uploads\/2025\/09\/Hindu-768x422.jpg 768w, https:\/\/baskettotal.com.ar\/wp-content\/uploads\/2025\/09\/Hindu.jpg 1040w\" data-lazy-sizes=\"(max-width: 1024px) 100vw, 1024px\" \/><\/a><\/figure>\n<p>ESPA\u00d1OLA (76): arcos \u00c1lvarez 2, Leonardo Rodr\u00edguez 8, Lautaro Pereyra 2, Federico Tapponier 13, Emiliano Paz 3, Bruno Buralli 6, Maximiliano D\u00edaz 7, Cristian Carabajal 22, Lucas Camnasio 13. ENTRENADOR: Claudio Sollberg.<\/p>\n<figure class=\"wp-block-image size-large\"><a href=\"https:\/\/baskettotal.com.ar\/wp-content\/uploads\/2025\/09\/Espanola-1.jpg\"><img loading=\"lazy\" decoding=\"async\" class=\"lazy wp-image-28594 lazy-loaded\" src=\"https:\/\/baskettotal.com.ar\/wp-content\/uploads\/2025\/09\/Espanola-1-1024x731.jpg\" sizes=\"auto, (max-width: 1024px) 100vw, 1024px\" srcset=\"https:\/\/baskettotal.com.ar\/wp-content\/uploads\/2025\/09\/Espanola-1-1024x731.jpg 1024w, https:\/\/baskettotal.com.ar\/wp-content\/uploads\/2025\/09\/Espanola-1-300x214.jpg 300w, https:\/\/baskettotal.com.ar\/wp-content\/uploads\/2025\/09\/Espanola-1-768x548.jpg 768w, https:\/\/baskettotal.com.ar\/wp-content\/uploads\/2025\/09\/Espanola-1.jpg 1040w\" alt=\"\" width=\"1024\" height=\"731\" data-lazy-type=\"image\" data-lazy-src=\"https:\/\/baskettotal.com.ar\/wp-content\/uploads\/2025\/09\/Espanola-1-1024x731.jpg\" data-lazy-srcset=\"https:\/\/baskettotal.com.ar\/wp-content\/uploads\/2025\/09\/Espanola-1-1024x731.jpg 1024w, https:\/\/baskettotal.com.ar\/wp-content\/uploads\/2025\/09\/Espanola-1-300x214.jpg 300w, https:\/\/baskettotal.com.ar\/wp-content\/uploads\/2025\/09\/Espanola-1-768x548.jpg 768w, https:\/\/baskettotal.com.ar\/wp-content\/uploads\/2025\/09\/Espanola-1.jpg 1040w\" data-lazy-sizes=\"(max-width: 1024px) 100vw, 1024px\" \/><\/a><\/figure>\n<p>\u00c1RBITROS: Gustavo Ch\u00e1vez y Nicol\u00e1s Zapata.<br \/>\nCOMISIONADA T\u00c9CNICA: Nancy Filipoff.<\/p>\n<p>&nbsp;<\/p>\n<p>ESTADIO: Hind\u00fa Club.<\/p>\n<p>&nbsp;<\/p>\n<p>&nbsp;<\/p>\n<p>FOTOS: Micaela Fern\u00e1ndez (Hind\u00fa Club).<\/p>\n<\/div>\n<\/div>\n<\/div>\n<\/div>\n<\/div>\n<\/div>\n<\/div>\n","protected":false},"excerpt":{"rendered":"<p>20-09-2025 Este viernes se llev\u00f3 adelante de manera \u00edntegra la 6\u00aa fecha del torneo Pre-Federal de mayores de la Federaci\u00f3n Chaque\u00f1a de B\u00e1squet. En la zona \u00abA\u00bb, ganaron los dos punteros. Regatas Resistencia venci\u00f3 de visitante a Social de Las Bre\u00f1as por 83-55 y Cultural en Santa Sylvina super\u00f3 a Acci\u00f3n de S\u00e1enz Pe\u00f1a por &hellip;<\/p>\n","protected":false},"author":3,"featured_media":25681,"comment_status":"open","ping_status":"open","sticky":false,"template":"","format":"standard","meta":{"footnotes":""},"categories":[3],"tags":[],"class_list":["post-25668","post","type-post","status-publish","format-standard","has-post-thumbnail","hentry","category-basquetbol"],"_links":{"self":[{"href":"https:\/\/www.sportchaco.com.ar\/index.php?rest_route=\/wp\/v2\/posts\/25668","targetHints":{"allow":["GET"]}}],"collection":[{"href":"https:\/\/www.sportchaco.com.ar\/index.php?rest_route=\/wp\/v2\/posts"}],"about":[{"href":"https:\/\/www.sportchaco.com.ar\/index.php?rest_route=\/wp\/v2\/types\/post"}],"author":[{"embeddable":true,"href":"https:\/\/www.sportchaco.com.ar\/index.php?rest_route=\/wp\/v2\/users\/3"}],"replies":[{"embeddable":true,"href":"https:\/\/www.sportchaco.com.ar\/index.php?rest_route=%2Fwp%2Fv2%2Fcomments&post=25668"}],"version-history":[{"count":5,"href":"https:\/\/www.sportchaco.com.ar\/index.php?rest_route=\/wp\/v2\/posts\/25668\/revisions"}],"predecessor-version":[{"id":25685,"href":"https:\/\/www.sportchaco.com.ar\/index.php?rest_route=\/wp\/v2\/posts\/25668\/revisions\/25685"}],"wp:featuredmedia":[{"embeddable":true,"href":"https:\/\/www.sportchaco.com.ar\/index.php?rest_route=\/wp\/v2\/media\/25681"}],"wp:attachment":[{"href":"https:\/\/www.sportchaco.com.ar\/index.php?rest_route=%2Fwp%2Fv2%2Fmedia&parent=25668"}],"wp:term":[{"taxonomy":"category","embeddable":true,"href":"https:\/\/www.sportchaco.com.ar\/index.php?rest_route=%2Fwp%2Fv2%2Fcategories&post=25668"},{"taxonomy":"post_tag","embeddable":true,"href":"https:\/\/www.sportchaco.com.ar\/index.php?rest_route=%2Fwp%2Fv2%2Ftags&post=25668"}],"curies":[{"name":"wp","href":"https:\/\/api.w.org\/{rel}","templated":true}]}}