{"id":25692,"date":"2025-09-20T12:32:12","date_gmt":"2025-09-20T15:32:12","guid":{"rendered":"https:\/\/www.sportchaco.com.ar\/?p=25692"},"modified":"2025-09-20T12:32:12","modified_gmt":"2025-09-20T15:32:12","slug":"franco-colapinto-choco-y-quedo-fuera-en-la-q1-del-gran-premio-de-azerbaiyan","status":"publish","type":"post","link":"https:\/\/www.sportchaco.com.ar\/?p=25692","title":{"rendered":"Franco Colapinto choc\u00f3 y qued\u00f3 fuera en la Q1 del Gran Premio de Azerbaiy\u00e1n"},"content":{"rendered":"<div class=\"nota__heading\">\n<h1 class=\"nota__heading__title\"><\/h1>\n<h5 class=\"nota__heading__subtitle\"><strong>FRANCO COLAPINTO<\/strong>\u00a0volvi\u00f3\u00a0a la pista en el circuito callejero de Bak\u00fa para disputar la\u00a0<strong>clasificaci\u00f3n del Gran Premio de Azerbaiy\u00e1n de la F\u00f3rmula 1.\u00a0<\/strong>Luego de un buen inicio,<strong>\u00a0sufri\u00f3 un accidente en la \u00faltima vuelta de la Q1 y largar\u00e1 16\u00b0 este domingo<\/strong>. La pole position fue para Max Verstappen.Max Verstappen se qued\u00f3 con la pole en una accidentada clasificaci\u00f3n. El argentino largar\u00e1 16\u00b0.<\/h5>\n<div class=\"nota__heading__author\">\n<p>&nbsp;<\/p>\n<p>20 de septiembre de 2025<\/p><\/div>\n<\/div>\n<div class=\"nota__main-media\">\n<div class=\"nota__image\"><\/div>\n<div class=\"nota__main-media__legend\"><\/div>\n<\/div>\n<div class=\"nota__body\">\n<div class=\"container\">\n<div class=\"row\">\n<div class=\"eg-grid eg-grid--content\">\n<div class=\"eg-cell__1-1\">\n<div class=\"col-xs-24 col-sm-4 eg-social eg-social--vert\">\n<div class=\"addthis_sharing_toolbox nota_body_social\"><\/div>\n<\/div>\n<\/div>\n<div class=\"eg-cell__2-1\">\n<p>&nbsp;<\/p>\n<p>&nbsp;<\/p>\n<div class=\"nota__related\">\n<p>&nbsp;<\/p>\n<\/div>\n<p>&nbsp;<\/p>\n<p>El argentino<strong>\u00a0finaliz\u00f3 15\u00b0 el \u00faltimo ensayo libre<\/strong>, medio segundo m\u00e1s r\u00e1pido que su compa\u00f1ero Pierre Gasly (19\u00b0),\u00a0y se ilusion\u00f3\u00a0con lograr una buena ubicaci\u00f3n para la carrera de este domingo.<\/p>\n<p>Marc\u00f3 1.44.057 en su primera vuelta, a m\u00e1s de dos segundos del l\u00edder Charles Leclerc y apenas por delante de Hulkenberg.<\/p>\n<p><strong>Alex Albon toc\u00f3 el muro en el segundo giro y oblig\u00f3 a una bandera roja\u00a0<\/strong>al quedar cruzado en pista tras romper la suspensi\u00f3n delantera.<\/p>\n<p>&nbsp;<\/p>\n<div class=\"twitter-tweet twitter-tweet-rendered\"><\/div>\n<p>&nbsp;<\/p>\n<p>La Q1 se reanud\u00f3 brevemente antes que\u00a0<strong>Hulkenberg<\/strong>\u00a0chocara contra la contenci\u00f3n y la bandera roja detuviera nuevamente la acci\u00f3n, pero le dio margen a\u00a0<strong>Colapinto<\/strong>\u00a0para realizar una vuelta y meterse\u00a0<strong>10\u00b0 con 1:42.779, a menos de un segundo de la punta.<\/strong><\/p>\n<div class=\"twitter-tweet twitter-tweet-rendered\"><\/div>\n<p>&nbsp;<\/p>\n<p><strong>El argentino y Gasly salieron juntos a realizar la \u00faltima vuelta\u00a0<\/strong>en busca de acortar distancias, sobre todo para el franc\u00e9s, pero<strong>\u00a0ambos padecer\u00edan la curva 4, la misma en la que Franco choc\u00f3 en 2024 con Williams.<\/strong><\/p>\n<p><strong>Pierre pas\u00f3 de largo, no pudo mejorar su marca y finaliz\u00f3 la clasificaci\u00f3n 19\u00b0.<\/strong>\u00a0Le peor parte se la llev\u00f3\u00a0<strong>Colapinto<\/strong>, que\u00a0<strong>golpe\u00f3 de lleno contra el muro, sufri\u00f3 roturas varias en su auto y cay\u00f3 al 16\u00b0 lugar, por lo que se despidi\u00f3 en la Q1.<\/strong><\/p>\n<div class=\"twitter-tweet twitter-tweet-rendered\"><\/div>\n<p>&nbsp;<\/p>\n<p>Adem\u00e1s de los Alpine, Hulkenberg, Ocon y Albon tampoco consiguieron avanzar a la Q2.<\/p>\n<p>Los accidentes continuaron a lo largo de toda la clasificaci\u00f3n. Charles Leclerc y Oscar Piatri tambi\u00e9n los sufrieron y dieron lugar a un podio imprevisto.<\/p>\n<div class=\"twitter-tweet twitter-tweet-rendered\"><\/div>\n<p>&nbsp;<\/p>\n<p><strong>Max Verstappen -Red Bull- se qued\u00f3 con la pole position con un tiempo de 1:41.117<\/strong>, seguido por Carlos Sainz -Williams- a +0.478 y Liam Lawson -Red Bull Racing- \u00a0a +0.590.<\/p>\n<\/div>\n<\/div>\n<\/div>\n<\/div>\n<\/div>\n","protected":false},"excerpt":{"rendered":"<p>FRANCO COLAPINTO\u00a0volvi\u00f3\u00a0a la pista en el circuito callejero de Bak\u00fa para disputar la\u00a0clasificaci\u00f3n del Gran Premio de Azerbaiy\u00e1n de la F\u00f3rmula 1.\u00a0Luego de un buen inicio,\u00a0sufri\u00f3 un accidente en la \u00faltima vuelta de la Q1 y largar\u00e1 16\u00b0 este domingo. La pole position fue para Max Verstappen.Max Verstappen se qued\u00f3 con la pole en una &hellip;<\/p>\n","protected":false},"author":2,"featured_media":25693,"comment_status":"open","ping_status":"open","sticky":false,"template":"","format":"standard","meta":{"footnotes":""},"categories":[2],"tags":[],"class_list":["post-25692","post","type-post","status-publish","format-standard","has-post-thumbnail","hentry","category-automovilismo"],"_links":{"self":[{"href":"https:\/\/www.sportchaco.com.ar\/index.php?rest_route=\/wp\/v2\/posts\/25692","targetHints":{"allow":["GET"]}}],"collection":[{"href":"https:\/\/www.sportchaco.com.ar\/index.php?rest_route=\/wp\/v2\/posts"}],"about":[{"href":"https:\/\/www.sportchaco.com.ar\/index.php?rest_route=\/wp\/v2\/types\/post"}],"author":[{"embeddable":true,"href":"https:\/\/www.sportchaco.com.ar\/index.php?rest_route=\/wp\/v2\/users\/2"}],"replies":[{"embeddable":true,"href":"https:\/\/www.sportchaco.com.ar\/index.php?rest_route=%2Fwp%2Fv2%2Fcomments&post=25692"}],"version-history":[{"count":1,"href":"https:\/\/www.sportchaco.com.ar\/index.php?rest_route=\/wp\/v2\/posts\/25692\/revisions"}],"predecessor-version":[{"id":25694,"href":"https:\/\/www.sportchaco.com.ar\/index.php?rest_route=\/wp\/v2\/posts\/25692\/revisions\/25694"}],"wp:featuredmedia":[{"embeddable":true,"href":"https:\/\/www.sportchaco.com.ar\/index.php?rest_route=\/wp\/v2\/media\/25693"}],"wp:attachment":[{"href":"https:\/\/www.sportchaco.com.ar\/index.php?rest_route=%2Fwp%2Fv2%2Fmedia&parent=25692"}],"wp:term":[{"taxonomy":"category","embeddable":true,"href":"https:\/\/www.sportchaco.com.ar\/index.php?rest_route=%2Fwp%2Fv2%2Fcategories&post=25692"},{"taxonomy":"post_tag","embeddable":true,"href":"https:\/\/www.sportchaco.com.ar\/index.php?rest_route=%2Fwp%2Fv2%2Ftags&post=25692"}],"curies":[{"name":"wp","href":"https:\/\/api.w.org\/{rel}","templated":true}]}}