{"id":2571,"date":"2023-11-06T19:24:11","date_gmt":"2023-11-06T22:24:11","guid":{"rendered":"https:\/\/www.sportchaco.com.ar\/?p=2571"},"modified":"2023-11-06T19:24:11","modified_gmt":"2023-11-06T22:24:11","slug":"de-cara-a-la-temporada-2024-for-ever-volvio-a-los-entrenamientos","status":"publish","type":"post","link":"https:\/\/www.sportchaco.com.ar\/?p=2571","title":{"rendered":"De cara a la temporada 2024, For Ever volvi\u00f3 a los entrenamientos"},"content":{"rendered":"<p>El regreso para los futbolistas fue hoy las 17 horas en el estadio \u00abJuan Alberto Garc\u00eda\u00bb bajo las \u00f3rdenes del entrenador Ricardo Pancaldo.<\/p>\n<p>Si bien todav\u00eda no comenz\u00f3 la pretemporada, que se dar\u00eda reci\u00e9n a principios de diciembre, la idea del cuerpo t\u00e9cnico es empezar a poner a punto a los futbolistas desde lo f\u00edsico de cara al certamen del a\u00f1o que viene.<\/p>\n<p>Todav\u00eda no hay una fecha concreta de inicio de campeonato, ni siquiera si se repetir\u00e1 el formado de dos zonas, pero se estima que arrancar\u00eda a fines de enero o principios de febrero.<\/p>\n<p>Los jugadores que ya fueron notificados y no seguir\u00e1n en el club son los defensores Lucas Fern\u00e1ndez, Facundo Monteseir\u00edn e Ignacio Abraham; los volantes Nicol\u00e1s Ju\u00e1rez (pas\u00f3 a Sarmiento de La Banda), Enzo Bruno (Guaran\u00ed Antonio Franco de Posadas), Mateo Maccari, Emiliano Bogado, Emanuel D\u00edaz y Claudio Villagra; y el delantero Cristian Ibarra (ir\u00eda a pr\u00e9stamo a otro club ya que el pase pertenece a For Ever).<\/p>\n<p>Los directivos encabezados por el presidente H\u00e9ctor G\u00f3mez ya charlaron con Pancaldo y est\u00e1 encaminada su continuidad. M\u00e1s all\u00e1 de que todav\u00eda queda resolver el tema econ\u00f3mico, el DT ya puso primera respecto de los jugadores que quiere que sigan en el club y en los posibles refuerzos, lo cual hace indicar que seguir\u00e1 al frente del cuerpo t\u00e9cnico.<\/p>\n<p>Hay muchos jugadores a los que se les vence el contrato dentro de dos meses, el 31 de diciembre, y se hablar\u00e1 por sus continuidades. Hay otros a los que se les vence el pr\u00e9stamo como Gino Barbieri, Brian Nievas y Jonathan Dellarossa (For Ever quiere renovar pr\u00e9stamos con los tres). Y hay otros futbolistas que tienen contrato hasta fines de 2024, lo cual no significa necesariamente que sigan en el club ya que tambi\u00e9n se puede llegar a rescindir si hay acuerdo entre las partes.<\/p>\n<p>&nbsp;<\/p>\n<p><strong>EL PLANTEL HOY<\/strong><\/p>\n<p><em><strong>Arqueros:<\/strong><\/em> Gast\u00f3n Canuto y Luciano Silva.<\/p>\n<p><em><strong>Defensores:<\/strong><\/em> Juan Galetto, David Valdez, Gino Barbieri (a pr\u00e9stamo; es de Belgrano), Emir Faccioli, Ricardo Garay Lima, Yair Mar\u00edn y Marcos Fissore.<\/p>\n<p><em><strong>Volantes:<\/strong> <\/em>Alan Sombra, Santiago Valenzuela, Diego S\u00e1nchez Paredes, Javier Iritier, Brian Nievas (a pr\u00e9stamo; es de Patronato), Leandro Allende y Javier Bayk.<\/p>\n<p><em><strong>Delanteros:<\/strong> <\/em>Nicol\u00e1s Silva, Gonzalo R\u00edos, Jonathan Dellarossa (a pr\u00e9stamo; es de Instituto) y Mat\u00edas Romero.<\/p>\n<p>&nbsp;<\/p>\n<p><strong>SE FUERON<\/strong><\/p>\n<p><em><strong>Defensores:<\/strong><\/em> Lucas Fern\u00e1ndez, Facundo Monteseir\u00edn e Ignacio Abraham<\/p>\n<p><em><strong>Volantes:<\/strong><\/em> Nicol\u00e1s Ju\u00e1rez, Enzo Bruno, Mateo Maccari, Emiliano Bogado, Emanuel D\u00edaz y Claudio Villagra.<\/p>\n<p><em><strong>Delantero:<\/strong><\/em> Cristian Ibarra.<\/p>\n","protected":false},"excerpt":{"rendered":"<p>El regreso para los futbolistas fue hoy las 17 horas en el estadio \u00abJuan Alberto Garc\u00eda\u00bb bajo las \u00f3rdenes del entrenador Ricardo Pancaldo. Si bien todav\u00eda no comenz\u00f3 la pretemporada, que se dar\u00eda reci\u00e9n a principios de diciembre, la idea del cuerpo t\u00e9cnico es empezar a poner a punto a los futbolistas desde lo f\u00edsico &hellip;<\/p>\n","protected":false},"author":3,"featured_media":2572,"comment_status":"open","ping_status":"open","sticky":false,"template":"","format":"standard","meta":{"footnotes":""},"categories":[5],"tags":[],"class_list":["post-2571","post","type-post","status-publish","format-standard","has-post-thumbnail","hentry","category-futbol"],"_links":{"self":[{"href":"https:\/\/www.sportchaco.com.ar\/index.php?rest_route=\/wp\/v2\/posts\/2571","targetHints":{"allow":["GET"]}}],"collection":[{"href":"https:\/\/www.sportchaco.com.ar\/index.php?rest_route=\/wp\/v2\/posts"}],"about":[{"href":"https:\/\/www.sportchaco.com.ar\/index.php?rest_route=\/wp\/v2\/types\/post"}],"author":[{"embeddable":true,"href":"https:\/\/www.sportchaco.com.ar\/index.php?rest_route=\/wp\/v2\/users\/3"}],"replies":[{"embeddable":true,"href":"https:\/\/www.sportchaco.com.ar\/index.php?rest_route=%2Fwp%2Fv2%2Fcomments&post=2571"}],"version-history":[{"count":1,"href":"https:\/\/www.sportchaco.com.ar\/index.php?rest_route=\/wp\/v2\/posts\/2571\/revisions"}],"predecessor-version":[{"id":2573,"href":"https:\/\/www.sportchaco.com.ar\/index.php?rest_route=\/wp\/v2\/posts\/2571\/revisions\/2573"}],"wp:featuredmedia":[{"embeddable":true,"href":"https:\/\/www.sportchaco.com.ar\/index.php?rest_route=\/wp\/v2\/media\/2572"}],"wp:attachment":[{"href":"https:\/\/www.sportchaco.com.ar\/index.php?rest_route=%2Fwp%2Fv2%2Fmedia&parent=2571"}],"wp:term":[{"taxonomy":"category","embeddable":true,"href":"https:\/\/www.sportchaco.com.ar\/index.php?rest_route=%2Fwp%2Fv2%2Fcategories&post=2571"},{"taxonomy":"post_tag","embeddable":true,"href":"https:\/\/www.sportchaco.com.ar\/index.php?rest_route=%2Fwp%2Fv2%2Ftags&post=2571"}],"curies":[{"name":"wp","href":"https:\/\/api.w.org\/{rel}","templated":true}]}}