{"id":25733,"date":"2025-09-21T11:44:30","date_gmt":"2025-09-21T14:44:30","guid":{"rendered":"https:\/\/www.sportchaco.com.ar\/?p=25733"},"modified":"2025-09-21T11:44:30","modified_gmt":"2025-09-21T14:44:30","slug":"detalles-de-otra-carrera-complicada-para-colapinto","status":"publish","type":"post","link":"https:\/\/www.sportchaco.com.ar\/?p=25733","title":{"rendered":"Detalles de otra carrera complicada para Colapinto"},"content":{"rendered":"<header class=\"article-header-wrapper\">\n<div class=\"article-header\">\n<h5 id=\"radiografia-de-la-carrera-de-colapinto-en-el-gp-de-azerbaiyan-de-f1:-gran-nivel-de-manejo-hasta-que-un-toque-lo-complico\" class=\"display-block article-headline text_align_left\">Radiograf\u00eda de la carrera de Colapinto en el GP de Azerbaiy\u00e1n de F1: gran nivel de manejo hasta que un toque lo complic\u00f3 El argentino arranc\u00f3 bien, pero luego tuvo una carrera complicada con un Alpine da\u00f1ado y termin\u00f3 19\u00ba en Bak\u00fa.<\/h5>\n<div class=\"display_flex align_items_center flex_row byline\">\n<div class=\"display_flex byline-image-ctn\">\n<div class=\"author-image-header\">\n<div class=\"\"><picture><source srcset=\"https:\/\/www.infobae.com\/resizer\/v2\/https%3A%2F%2Fauthor-service-images-prod-us-east-1.publishing.aws.arc.pub%2Finfobae%2F825cc7bf-cc38-4ac7-8f91-04331bec3afd.png?auth=2167b26f469b533ade80003a51577180d3c5d5acb774695d316c1185526ba144&amp;smart=true&amp;width=40&amp;height=40&amp;quality=85\" media=\"(min-width: 80px)\" \/><img loading=\"lazy\" decoding=\"async\" class=\"global-image byline-author-image\" src=\"https:\/\/www.infobae.com\/resizer\/v2\/https%3A%2F%2Fauthor-service-images-prod-us-east-1.publishing.aws.arc.pub%2Finfobae%2F825cc7bf-cc38-4ac7-8f91-04331bec3afd.png?auth=2167b26f469b533ade80003a51577180d3c5d5acb774695d316c1185526ba144&amp;smart=true&amp;width=40&amp;height=40&amp;quality=85\" alt=\"Dar\u00edo Coronel\" width=\"1\" height=\"1\" \/><\/picture><\/div>\n<\/div>\n<\/div>\n<\/div>\n<\/div>\n<\/header>\n<article class=\"article\">\n<div class=\"sharebar-container display_flex\">\n<div class=\"sharebar-buttons-container display_flex\">\n<div class=\"sharebar-buttons button-save\" tabindex=\"0\" role=\"button\" aria-label=\"Guardar\"><\/div>\n<div class=\"sharebar-buttons-separator\"><\/div>\n<p><button class=\"sharemenu-buttons display_flex\" aria-label=\"Compartir en Telegram\"><\/button><button class=\"sharemenu-buttons display_flex\" aria-label=\"Compartir en Linkedin\"><\/button><button class=\"sharemenu-buttons display_flex\" aria-label=\"Compartir en Twitter\"><\/button><button class=\"sharemenu-buttons display_flex\" aria-label=\"Compartir en Whatsapp\"><\/button><button class=\"sharemenu-buttons display_flex\" aria-label=\"Compartir en Facebook\"><\/button><\/div>\n<\/div>\n<div class=\"body-article \">\n<div class=\"rawHTML raw_html \">\n<div class=\"container-video\"><iframe class=\"responsive-iframe-video\" title=\"video-espn\" src=\"https:\/\/www.espn.com.ar\/core\/video\/iframe?id=15706453&amp;endcard=false&amp;omniReportSuite=wdgespge\" allowfullscreen=\"allowfullscreen\" data-mce-fragment=\"1\"><\/iframe><\/div>\n<div>Por Dario Salazar de Infobae<\/div>\n<div><\/div>\n<\/div>\n<p class=\"paragraph\"><span style=\"color: #000000;\">Franco Colapinto\u00a0finaliz\u00f3 en el 19\u00ba puesto y \u00faltimo dentro de los que terminaron el\u00a0<a style=\"color: #000000;\" title=\"https:\/\/www.infobae.com\/deportes\/2025\/09\/21\/franco-colapinto-largara-desde-el-puesto-16-el-gran-premio-de-azerbaiyan-de-la-formula-1-todo-lo-que-hay-que-saber\/\" href=\"https:\/\/www.infobae.com\/deportes\/2025\/09\/21\/franco-colapinto-largara-desde-el-puesto-16-el-gran-premio-de-azerbaiyan-de-la-formula-1-todo-lo-que-hay-que-saber\/\" target=\"_blank\" rel=\"noopener noreferrer\">Gran Premio de Azerbaiy\u00e1n de F\u00f3rmula 1<\/a>\u00a0que se llev\u00f3 a cabo este domingo en el circuito callejero de\u00a0Bak\u00fa. El piloto argentino de 22 a\u00f1os hizo lo que pudo a bordo de un\u00a0Alpine A 525\u00a0que qued\u00f3 da\u00f1ado tras ser perjudicado por un toque y leve golpe contra las defensas.<\/span><\/p>\n<p class=\"paragraph\"><span style=\"color: #000000;\">Antes de la competencia en el auto de\u00a0Colapinto\u00a0reemplazaron su chasis y su caja de cambios\u00a0debido los da\u00f1os por el accidente que tuvo en la clasificaci\u00f3n. Parti\u00f3 desde el puesto 16\u00ba con gomas medias. Gan\u00f3 dos lugares, uno por el abandono de\u00a0Oscar Piastri\u00a0(McLaren) por un choque y el sobrepaso a\u00a0Oliver Bearman\u00a0(Haas).<\/span><\/p>\n<p class=\"paragraph\"><span style=\"color: #000000;\">Luego del reinicio tras la neutralizaci\u00f3n para retirar el auto de\u00a0Piastri,\u00a0Colapinto\u00a0dio cuenta de\u00a0Lance Stroll\u00a0(Aston Martin). En el giro 16\u00ba el argentino ejerci\u00f3 una gran defensa sobre el canadiense y par\u00f3 en la vuelta siguiente para hacer su primera detenci\u00f3n y le pusieron el compuesto duro de los neum\u00e1ticos, esos que tardan m\u00e1s en degradarse.<\/span><\/p>\n<p class=\"paragraph\"><span style=\"color: #000000;\">De vuelta en pista,\u00a0Franco\u00a0recibi\u00f3\u00a0<a style=\"color: #000000;\" title=\"https:\/\/www.infobae.com\/deportes\/2025\/09\/21\/el-toque-de-alex-albon-a-colapinto-que-complico-al-argentino-en-el-gp-de-azerbaiyan-de-la-formula-1\/\" href=\"https:\/\/www.infobae.com\/deportes\/2025\/09\/21\/el-toque-de-alex-albon-a-colapinto-que-complico-al-argentino-en-el-gp-de-azerbaiyan-de-la-formula-1\/\" target=\"_blank\" rel=\"noopener noreferrer\">un toque de\u00a0Alex Albon\u00a0(Williams) al llegar a una curva<\/a>. No hab\u00eda espacio y el tailand\u00e9s estaba detr\u00e1s del argentino, que hizo un trompo y toc\u00f3 levemente la defensa.\u00a0El monoposto del bonaerense qued\u00f3 da\u00f1ado\u00a0y su equipo se lo inform\u00f3 por radio. El bonaerense qued\u00f3 en la 19\u00aa colocaci\u00f3n y por esa maniobra su ex compa\u00f1ero de equipo fue\u00a0penalizado con diez segundos.<\/span><\/p>\n<p class=\"paragraph\"><span style=\"color: #000000;\">El auto de Franco careci\u00f3 de ritmo y luego del toque de\u00a0Albon\u00a0no pudo recuperar posiciones en pista. En la 36\u00aa vuelta el compa\u00f1ero de\u00a0Colapinto,\u00a0Pierre Gasly\u00a0cumpli\u00f3 con su detenci\u00f3n con su\u00a0Alpine\u00a0y perdi\u00f3 su lugar a manos de\u00a0Franco\u00a0que qued\u00f3 el 18\u00ba y pen\u00faltimo puesto.<\/span><\/p>\n<div class=\"visual__image\"><span style=\"color: #000000;\"><picture><source srcset=\"https:\/\/www.infobae.com\/resizer\/v2\/MSTFFI3NFVH6JIWC3SYAEM4JTQ.jpg?auth=9c112a932dca16902e4b663df7d781c805032eab98614d907824b209ee3d62e6&amp;smart=true&amp;width=992&amp;height=661&amp;quality=85\" media=\"(min-width: 1000px)\" \/><source srcset=\"https:\/\/www.infobae.com\/resizer\/v2\/MSTFFI3NFVH6JIWC3SYAEM4JTQ.jpg?auth=9c112a932dca16902e4b663df7d781c805032eab98614d907824b209ee3d62e6&amp;smart=true&amp;width=768&amp;height=512&amp;quality=85\" media=\"(min-width: 768px)\" \/><source srcset=\"https:\/\/www.infobae.com\/resizer\/v2\/MSTFFI3NFVH6JIWC3SYAEM4JTQ.jpg?auth=9c112a932dca16902e4b663df7d781c805032eab98614d907824b209ee3d62e6&amp;smart=true&amp;width=577&amp;height=385&amp;quality=85\" media=\"(min-width: 580px)\" \/><source srcset=\"https:\/\/www.infobae.com\/resizer\/v2\/MSTFFI3NFVH6JIWC3SYAEM4JTQ.jpg?auth=9c112a932dca16902e4b663df7d781c805032eab98614d907824b209ee3d62e6&amp;smart=true&amp;width=420&amp;height=280&amp;quality=85\" media=\"(min-width: 350px)\" \/><source srcset=\"https:\/\/www.infobae.com\/resizer\/v2\/MSTFFI3NFVH6JIWC3SYAEM4JTQ.jpg?auth=9c112a932dca16902e4b663df7d781c805032eab98614d907824b209ee3d62e6&amp;smart=true&amp;width=350&amp;height=233&amp;quality=85\" media=\"(min-width: 80px)\" \/><img loading=\"lazy\" decoding=\"async\" class=\"global-image\" src=\"https:\/\/www.infobae.com\/resizer\/v2\/MSTFFI3NFVH6JIWC3SYAEM4JTQ.jpg?auth=9c112a932dca16902e4b663df7d781c805032eab98614d907824b209ee3d62e6&amp;smart=true&amp;width=350&amp;height=233&amp;quality=85\" alt=\"Franco Colapinto pasa con su\" width=\"2000\" height=\"1333\" \/><\/picture>Franco Colapinto pasa con su Alpine en la zona del castillo con la \u00abtorre de la Doncella\u00bb en Bak\u00fa (Photo by Sam Bagnall\/Sutton Images)<\/span><\/div>\n<p class=\"paragraph\"><span style=\"color: #000000;\">Pero en el final\u00a0Colapinto\u00a0perdi\u00f3 adherencia debido a la degradaci\u00f3n de sus neum\u00e1ticos y fue superado por\u00a0Gasly\u00a0que ven\u00eda con gomas medias. El corredor pilarense cruz\u00f3 la meta en el 19\u00ba y \u00faltimo puesto entre los que llegaron al final en\u00a0Bak\u00fa.<\/span><\/p>\n<p class=\"paragraph\"><span style=\"color: #000000;\">En el mano a mano en carrera entre\u00a0Colapinto\u00a0y\u00a0Gasly, la telemetr\u00eda arroj\u00f3 que franc\u00e9s se qued\u00f3 con el tiempo de vuelta m\u00e1s r\u00e1pido con 1m45s492, luego de dos vueltas con el compuesto medio (giro 37). Mientras que el argentino marc\u00f3 su mejor crono 1m46.055, en la ronda 40\u00aa,\u00a0aunque con neum\u00e1ticos que en ese momento ten\u00edan 24 rondas.\u00a0Es decir, con el caucho m\u00e1s desgastado, Franco tuvo un ritmo similar al de Pierre.<\/span><\/p>\n<p class=\"paragraph\"><span style=\"color: #000000;\">Este fin de semana\u00a0Colapinto\u00a0volvi\u00f3 a superar a\u00a0Gasly\u00a0en la clasificaci\u00f3n y nuevamente estuvo a punto de terminar adelante en carrera. En Italia le ordenaron ceder su posici\u00f3n y este domingo sus neum\u00e1ticos daban para m\u00e1s y el franc\u00e9s lo super\u00f3 con un caucho que tuvo menos degradaci\u00f3n.<\/span><\/p>\n<p class=\"paragraph\"><span style=\"color: #000000;\">Respecto del futuro de Franco, fue un fin de semana marcado por las declaraciones del asesor ejecutivo y hombre fuerte de\u00a0Alpine,\u00a0Flavio Briatore, quien revel\u00f3 que\u00a0Colapinto\u00a0y\u00a0Paul Aron\u00a0(piloto de reserva),\u00a0<a style=\"color: #000000;\" title=\"https:\/\/www.infobae.com\/deportes\/2025\/09\/19\/flavio-briatore-termino-con-los-rumores-y-conto-cual-es-el-unico-que-piloto-que-compite-con-franco-colapinto-por-la-titularidad-de-alpine-en-2026\/\" href=\"https:\/\/www.infobae.com\/deportes\/2025\/09\/19\/flavio-briatore-termino-con-los-rumores-y-conto-cual-es-el-unico-que-piloto-que-compite-con-franco-colapinto-por-la-titularidad-de-alpine-en-2026\/\" target=\"_blank\" rel=\"noopener noreferrer\">pugnan por la segunda butaca para la pr\u00f3xima temporada<\/a>. El tema se resolver\u00e1 en\u00a0noviembre, anticip\u00f3 el empresario italiano. Cabe recordar que\u00a0Gasly\u00a0extendi\u00f3 su v\u00ednculo con la escuder\u00eda francesa hasta 2028.<\/span><\/p>\n<p class=\"paragraph\"><span style=\"color: #000000;\">El ganador de la carrera fue\u00a0Max Verstappen, que a bordo de su\u00a0Red Bull\u00a0logr\u00f3 un triunfo contundente. Segundo fue\u00a0George Russell, con\u00a0Mercedes. El podio lo complet\u00f3\u00a0Carlos Sainz, que cumpli\u00f3 con una brillante labor ya que le dio el mejor resultado a\u00a0Williams\u00a0en la temporada. En tanto que\u00a0Oscar Piastri\u00a0(McLaren) sigue liderando el campeonato pese a su abandono en el inicio por un choque.<\/span><\/p>\n<p class=\"paragraph\"><span style=\"color: #000000;\">La pr\u00f3xima fecha ser\u00e1 el 5 de octubre con el\u00a0Gran Premio de Singapur\u00a0en el circuito callejero de\u00a0Marina Bay, en una de las carreras nocturnas de la M\u00e1xima.<\/span><\/p>\n<\/div>\n<\/article>\n","protected":false},"excerpt":{"rendered":"<p>Radiograf\u00eda de la carrera de Colapinto en el GP de Azerbaiy\u00e1n de F1: gran nivel de manejo hasta que un toque lo complic\u00f3 El argentino arranc\u00f3 bien, pero luego tuvo una carrera complicada con un Alpine da\u00f1ado y termin\u00f3 19\u00ba en Bak\u00fa. Por Dario Salazar de Infobae Franco Colapinto\u00a0finaliz\u00f3 en el 19\u00ba puesto y \u00faltimo &hellip;<\/p>\n","protected":false},"author":2,"featured_media":25734,"comment_status":"open","ping_status":"open","sticky":false,"template":"","format":"standard","meta":{"footnotes":""},"categories":[2],"tags":[],"class_list":["post-25733","post","type-post","status-publish","format-standard","has-post-thumbnail","hentry","category-automovilismo"],"_links":{"self":[{"href":"https:\/\/www.sportchaco.com.ar\/index.php?rest_route=\/wp\/v2\/posts\/25733","targetHints":{"allow":["GET"]}}],"collection":[{"href":"https:\/\/www.sportchaco.com.ar\/index.php?rest_route=\/wp\/v2\/posts"}],"about":[{"href":"https:\/\/www.sportchaco.com.ar\/index.php?rest_route=\/wp\/v2\/types\/post"}],"author":[{"embeddable":true,"href":"https:\/\/www.sportchaco.com.ar\/index.php?rest_route=\/wp\/v2\/users\/2"}],"replies":[{"embeddable":true,"href":"https:\/\/www.sportchaco.com.ar\/index.php?rest_route=%2Fwp%2Fv2%2Fcomments&post=25733"}],"version-history":[{"count":1,"href":"https:\/\/www.sportchaco.com.ar\/index.php?rest_route=\/wp\/v2\/posts\/25733\/revisions"}],"predecessor-version":[{"id":25735,"href":"https:\/\/www.sportchaco.com.ar\/index.php?rest_route=\/wp\/v2\/posts\/25733\/revisions\/25735"}],"wp:featuredmedia":[{"embeddable":true,"href":"https:\/\/www.sportchaco.com.ar\/index.php?rest_route=\/wp\/v2\/media\/25734"}],"wp:attachment":[{"href":"https:\/\/www.sportchaco.com.ar\/index.php?rest_route=%2Fwp%2Fv2%2Fmedia&parent=25733"}],"wp:term":[{"taxonomy":"category","embeddable":true,"href":"https:\/\/www.sportchaco.com.ar\/index.php?rest_route=%2Fwp%2Fv2%2Fcategories&post=25733"},{"taxonomy":"post_tag","embeddable":true,"href":"https:\/\/www.sportchaco.com.ar\/index.php?rest_route=%2Fwp%2Fv2%2Ftags&post=25733"}],"curies":[{"name":"wp","href":"https:\/\/api.w.org\/{rel}","templated":true}]}}