{"id":25736,"date":"2025-09-21T23:29:10","date_gmt":"2025-09-22T02:29:10","guid":{"rendered":"https:\/\/www.sportchaco.com.ar\/?p=25736"},"modified":"2025-09-22T12:27:34","modified_gmt":"2025-09-22T15:27:34","slug":"efemerides-del-22-de-septiembre-2","status":"publish","type":"post","link":"https:\/\/www.sportchaco.com.ar\/?p=25736","title":{"rendered":"Efem\u00e9rides del 22 de septiembre"},"content":{"rendered":"<div class=\"container fullwidth-entry-title-wrapper\">\n<div class=\"container-wrapper fullwidth-entry-title\">\n<header class=\"entry-header-outer\">\n<div class=\"entry-header\">\n<h1 class=\"post-title entry-title\"><\/h1>\n<div class=\"single-post-meta post-meta clearfix\"><\/div>\n<\/div>\n<\/header>\n<\/div>\n<\/div>\n<div id=\"content\" class=\"site-content container\">\n<div id=\"main-content-row\" class=\"tie-row main-content-row\">\n<div class=\"main-content tie-col-md-8 tie-col-xs-12\" role=\"main\">\n<article id=\"the-post\" class=\"container-wrapper post-content tie-standard\">\n<div class=\"featured-area\">\n<div class=\"featured-area-inner\"><\/div>\n<\/div>\n<div class=\"entry-content entry clearfix\">\n<p>&nbsp;<\/p>\n<h5><strong>Esta es la Efem\u00e9rides del Deporte en el Chaco de un 22 de septiembre del periodista Luis Dar\u00edo Molodezky.<\/strong><\/h5>\n<p><img loading=\"lazy\" decoding=\"async\" class=\"size-medium wp-image-25737 aligncenter\" src=\"https:\/\/www.sportchaco.com.ar\/wp-content\/uploads\/2025\/09\/Luis-Dario-11-08-2025-5-300x226.jpeg\" alt=\"\" width=\"300\" height=\"226\" srcset=\"https:\/\/www.sportchaco.com.ar\/wp-content\/uploads\/2025\/09\/Luis-Dario-11-08-2025-5-300x226.jpeg 300w, https:\/\/www.sportchaco.com.ar\/wp-content\/uploads\/2025\/09\/Luis-Dario-11-08-2025-5-1024x771.jpeg 1024w, https:\/\/www.sportchaco.com.ar\/wp-content\/uploads\/2025\/09\/Luis-Dario-11-08-2025-5-768x578.jpeg 768w, https:\/\/www.sportchaco.com.ar\/wp-content\/uploads\/2025\/09\/Luis-Dario-11-08-2025-5-1536x1156.jpeg 1536w, https:\/\/www.sportchaco.com.ar\/wp-content\/uploads\/2025\/09\/Luis-Dario-11-08-2025-5.jpeg 1600w\" sizes=\"auto, (max-width: 300px) 100vw, 300px\" \/><\/p>\n<p><strong>1973<\/strong>\u00a0\/ Se coloca una placa recordatoria en la Plaza 12 de octubre, sitio de la primera cancha de F\u00fatbol del Chaco perteneciente al \u00abClub Atl\u00e9tico Sarmiento\u00bb, hecho que se remonta al a\u00f1o 1913. El acto estuvo a cargo de los se\u00f1ores Pedro Simoni dirigente y Antonio Arancibia jugador de la instituci\u00f3n.<\/p>\n<p><strong>1975<\/strong> \/ Manuel Antonio \u00abJackie\u00bb Silva, con sus 26 a\u00f1os, anunciaba su retorno a las Pistas, con un Fiat 125 de la Pe\u00f1a \u00bb El Ruido\u00bb de Resistencia, en el circuito de Ober\u00e1 con el N\u00b0 243. Hab\u00eda arrancado en 1970 siendo campe\u00f3n con el DKW, Luego corri\u00f3 con Fiat, pero poco tiempo. Los a\u00f1os siguientes fue preparador de autos, entre ellos los del campe\u00f3n Juan Carlos Kesqui con Fiat 128. El Pato ten\u00eda 3 a\u00f1os por entonces.<\/p>\n<p><strong>1979\u00a0<\/strong>\/ Se realiza el rally primer aniversario de la Fundaci\u00f3n de Fuerte Esperanza (23-9-78), en el coraz\u00f3n de El Impenetrable. Sobre 1.100 kil\u00f3metros con m\u00e1s de 900 de tierra. El ganador de la clase mayor fue Francisco Alcuaz con Peugeot, y en la menor, Horacio Badra con Fiat 128.<\/p>\n<p><strong>1985\u00a0<\/strong>\/ Se presenta la categor\u00eda Datsun bajo condiciones clim\u00e1ticas adversas, se impuso Esteban Fernandino, seguido por Gustavo Der Ohanessian y Silvio Oltra. El promedio del ganador fue de 106,001 km\/hora. En la clase 2 de TN gan\u00f3 Enrique Urrutia con Fiat 128 y en la clase 3 Rodolfo Bergallo con R-18.<\/p>\n<p><strong>1990\u00a0<\/strong>\/ Defensores de Vilelas asciende a primera divisi\u00f3n despu\u00e9s de jugar 38 a\u00f1os en el ascenso y el DT fue Juan Valent\u00edn Gonz\u00e1lez.<\/p>\n<p><strong>1988<\/strong> \/ Fallece Remigio Borque, destacado deportista y dirigente en la provincia del Chaco. Como destacado atleta que era, se incorpor\u00f3 r\u00e1pidamente al Club Barucco, donde luego fue dirigente para finalizar como presidente y fue uno de los fundadores de Villa San Mart\u00edn en donde se desempe\u00f1\u00f3 como jugador y t\u00e9cnico, jug\u00f3 para la Federaci\u00f3n Chaque\u00f1a el Argentino en varias ocasiones, y en Paran\u00e1 1941, fue campe\u00f3n de tiros libres, desplazando al legendario Chafa Lled\u00f3. Practic\u00f3 tenis, bochas, nataci\u00f3n, remo y pesca deportiva, ganando la pesca del Dorado. Hab\u00eda nacido en Torrijo de la Ca\u00f1ada, Zaragoza, Espa\u00f1a, y lleg\u00f3 al pa\u00eds en 1930.<\/p>\n<p><strong>1998\u00a0<\/strong>\/ Fallece el piloto Gonzalo Gandola, tras una carrera por el Campeonato Argentino de Motociclismo, que se disputaba en Villa Concepci\u00f3n del T\u00edo (C\u00f3rdoba). El corredor de 20 a\u00f1os, tuvo una ca\u00edda, y fue atropellado por otra m\u00e1quina. En la colisi\u00f3n, un elemento met\u00e1lico atraves\u00f3 el casco protector provoc\u00e1ndole serias heridas cerebrales, la que fueron irreversibles y un estado de coma cuatro hasta su fallecimiento.<\/p>\n<\/div>\n<p><strong>Foto portada de Gonzalo Gandola<\/strong><\/p>\n<div class=\"entry-content entry clearfix\">\n<p>&nbsp;<\/p>\n<\/div>\n<\/article>\n<p>&nbsp;<\/p>\n<\/div>\n<\/div>\n<\/div>\n","protected":false},"excerpt":{"rendered":"<p>&nbsp; Esta es la Efem\u00e9rides del Deporte en el Chaco de un 22 de septiembre del periodista Luis Dar\u00edo Molodezky. 1973\u00a0\/ Se coloca una placa recordatoria en la Plaza 12 de octubre, sitio de la primera cancha de F\u00fatbol del Chaco perteneciente al \u00abClub Atl\u00e9tico Sarmiento\u00bb, hecho que se remonta al a\u00f1o 1913. El acto &hellip;<\/p>\n","protected":false},"author":2,"featured_media":25739,"comment_status":"open","ping_status":"open","sticky":false,"template":"","format":"standard","meta":{"footnotes":""},"categories":[45,39],"tags":[],"class_list":["post-25736","post","type-post","status-publish","format-standard","has-post-thumbnail","hentry","category-efemerides-dia-por-dia","category-septiembre"],"_links":{"self":[{"href":"https:\/\/www.sportchaco.com.ar\/index.php?rest_route=\/wp\/v2\/posts\/25736","targetHints":{"allow":["GET"]}}],"collection":[{"href":"https:\/\/www.sportchaco.com.ar\/index.php?rest_route=\/wp\/v2\/posts"}],"about":[{"href":"https:\/\/www.sportchaco.com.ar\/index.php?rest_route=\/wp\/v2\/types\/post"}],"author":[{"embeddable":true,"href":"https:\/\/www.sportchaco.com.ar\/index.php?rest_route=\/wp\/v2\/users\/2"}],"replies":[{"embeddable":true,"href":"https:\/\/www.sportchaco.com.ar\/index.php?rest_route=%2Fwp%2Fv2%2Fcomments&post=25736"}],"version-history":[{"count":4,"href":"https:\/\/www.sportchaco.com.ar\/index.php?rest_route=\/wp\/v2\/posts\/25736\/revisions"}],"predecessor-version":[{"id":25781,"href":"https:\/\/www.sportchaco.com.ar\/index.php?rest_route=\/wp\/v2\/posts\/25736\/revisions\/25781"}],"wp:featuredmedia":[{"embeddable":true,"href":"https:\/\/www.sportchaco.com.ar\/index.php?rest_route=\/wp\/v2\/media\/25739"}],"wp:attachment":[{"href":"https:\/\/www.sportchaco.com.ar\/index.php?rest_route=%2Fwp%2Fv2%2Fmedia&parent=25736"}],"wp:term":[{"taxonomy":"category","embeddable":true,"href":"https:\/\/www.sportchaco.com.ar\/index.php?rest_route=%2Fwp%2Fv2%2Fcategories&post=25736"},{"taxonomy":"post_tag","embeddable":true,"href":"https:\/\/www.sportchaco.com.ar\/index.php?rest_route=%2Fwp%2Fv2%2Ftags&post=25736"}],"curies":[{"name":"wp","href":"https:\/\/api.w.org\/{rel}","templated":true}]}}