{"id":25745,"date":"2025-09-21T19:10:57","date_gmt":"2025-09-21T22:10:57","guid":{"rendered":"https:\/\/www.sportchaco.com.ar\/?p=25745"},"modified":"2025-09-21T19:10:57","modified_gmt":"2025-09-21T22:10:57","slug":"el-federativo-quedo-a-mano","status":"publish","type":"post","link":"https:\/\/www.sportchaco.com.ar\/?p=25745","title":{"rendered":"El Federativo qued\u00f3 a mano"},"content":{"rendered":"<p><strong>21-09-2025<\/strong><\/p>\n<p><img loading=\"lazy\" decoding=\"async\" class=\"aligncenter size-large wp-image-19476\" src=\"https:\/\/www.sportchaco.com.ar\/wp-content\/uploads\/2025\/05\/Banners-creditos-otorgados-al-campo_940x90-1024x98.gif\" sizes=\"auto, (max-width: 1024px) 100vw, 1024px\" srcset=\"https:\/\/www.sportchaco.com.ar\/wp-content\/uploads\/2025\/05\/Banners-creditos-otorgados-al-campo_940x90-1024x98.gif 1024w, https:\/\/www.sportchaco.com.ar\/wp-content\/uploads\/2025\/05\/Banners-creditos-otorgados-al-campo_940x90-300x29.gif 300w, https:\/\/www.sportchaco.com.ar\/wp-content\/uploads\/2025\/05\/Banners-creditos-otorgados-al-campo_940x90-768x73.gif 768w, https:\/\/www.sportchaco.com.ar\/wp-content\/uploads\/2025\/05\/Banners-creditos-otorgados-al-campo_940x90-1536x147.gif 1536w\" alt=\"\" width=\"1024\" height=\"98\" \/><\/p>\n<p>Uni\u00f3n no pudo hacer prevalecer su local\u00eda y empat\u00f3 1 a 1 con Uni\u00f3n y Fuerza en el primer duelo correspondiente a la final del Torneo Federativo, que se disput\u00f3 ante una multitud en el estadio Mario \u201cPibe\u201d Guastalla de Machagai. Federico Monz\u00f3n anot\u00f3 para el \u201caurinegro\u201d y empat\u00f3 Leo Diloff, de penal, para el \u201ctricolor\u201d.<\/p>\n<p>Tras unos minutos de estudio, conociendo ambos sus fortalezas y debilidades, a los 19\u2032 lleg\u00f3 la apertura de la cuenta luego de un centro desde la izquierda que encontr\u00f3 a Federico Monz\u00f3n para ganar en lo alto y conectar un cabezazo cruzado que dej\u00f3 inm\u00f3vil a Jos\u00e9 Luis L\u00f3pez.<\/p>\n<p><a href=\"https:\/\/www.ecodeportivo.com.ar\/img\/2025\/09\/DSC_9060.jpg\"><img loading=\"lazy\" decoding=\"async\" class=\"alignnone size-full wp-image-51152\" src=\"https:\/\/www.ecodeportivo.com.ar\/img\/2025\/09\/DSC_9060.jpg\" sizes=\"auto, (max-width: 1202px) 100vw, 1202px\" srcset=\"https:\/\/www.ecodeportivo.com.ar\/img\/2025\/09\/DSC_9060.jpg 1202w, https:\/\/www.ecodeportivo.com.ar\/img\/2025\/09\/DSC_9060-300x182.jpg 300w, https:\/\/www.ecodeportivo.com.ar\/img\/2025\/09\/DSC_9060-1024x620.jpg 1024w, https:\/\/www.ecodeportivo.com.ar\/img\/2025\/09\/DSC_9060-768x465.jpg 768w\" alt=\"\" width=\"1202\" height=\"728\" \/><\/a><\/p>\n<p>Dos minutos despu\u00e9s la visita pudo haber igualado pero Nicol\u00e1s Gonz\u00e1lez cabece\u00f3 desviado un c\u00f3rner de Mat\u00edas Gonz\u00e1lez, con el golero a medio camino; hasta que a los 25\u2032 otro tiro libre al coraz\u00f3n del \u00e1rea deriv\u00f3 en un penal por falta del arquero Gorosito sobre Diego Leguizam\u00f3n, que Leonardo Diloff cambi\u00f3 por gol.<\/p>\n<p>En el trajin del ida y vuelta, a los 27\u2032 Arriola conect\u00f3 un certero cabezazo que se met\u00eda en el \u00e1ngulo pero \u201cKeko\u201d L\u00f3pez vol\u00f3 y se lo impidi\u00f3; y a los 37\u2032 quien se lo perdi\u00f3 fue el \u201cSequi\u201d Sotelo, definiendo inc\u00f3modo de emboquillada un bal\u00f3n que se le escabull\u00f3 al arquero.<\/p>\n<p><a href=\"https:\/\/www.ecodeportivo.com.ar\/img\/2025\/09\/DSC_9093.jpg\"><img loading=\"lazy\" decoding=\"async\" class=\"alignnone size-full wp-image-51156\" src=\"https:\/\/www.ecodeportivo.com.ar\/img\/2025\/09\/DSC_9093.jpg\" sizes=\"auto, (max-width: 922px) 100vw, 922px\" srcset=\"https:\/\/www.ecodeportivo.com.ar\/img\/2025\/09\/DSC_9093.jpg 922w, https:\/\/www.ecodeportivo.com.ar\/img\/2025\/09\/DSC_9093-300x181.jpg 300w, https:\/\/www.ecodeportivo.com.ar\/img\/2025\/09\/DSC_9093-768x464.jpg 768w\" alt=\"\" width=\"922\" height=\"557\" \/><\/a><\/p>\n<p>El segundo tiempo empez\u00f3 con mucho ritmo pero pocas llegadas a los arcos. Reci\u00e9n a los 14\u2032 Facundo Salto ensay\u00f3 un remate de media distancia que se fue apenas afuera, cerrando una buena jugada colectiva. Daba la sensaci\u00f3n que solo un error podr\u00eda permitir un nuevo desnivel.<\/p>\n<p>El gran desgaste f\u00edsico empez\u00f3 a hacer mella en los jugadores, y a los 17\u2032 el \u201cParagua\u201d Sosa pudo haberle dado otra vez la ventaja a los machagaienses, pero remat\u00f3 alto. A los 32\u2032 fue el \u201cFlaco\u201d Monz\u00f3n quien tuvo la chance m\u00e1s clara de este per\u00edodo, pero con todo el arco a su disposicion elev\u00f3 su remate tras pase del propio Sosa.<\/p>\n<p><a href=\"https:\/\/www.ecodeportivo.com.ar\/img\/2025\/09\/DSC_9081.jpg\"><img loading=\"lazy\" decoding=\"async\" class=\"alignnone size-full wp-image-51155\" src=\"https:\/\/www.ecodeportivo.com.ar\/img\/2025\/09\/DSC_9081.jpg\" sizes=\"auto, (max-width: 1345px) 100vw, 1345px\" srcset=\"https:\/\/www.ecodeportivo.com.ar\/img\/2025\/09\/DSC_9081.jpg 1345w, https:\/\/www.ecodeportivo.com.ar\/img\/2025\/09\/DSC_9081-300x172.jpg 300w, https:\/\/www.ecodeportivo.com.ar\/img\/2025\/09\/DSC_9081-1024x585.jpg 1024w, https:\/\/www.ecodeportivo.com.ar\/img\/2025\/09\/DSC_9081-768x439.jpg 768w\" alt=\"\" width=\"1345\" height=\"769\" \/><\/a><\/p>\n<p>El \u201ctricolor\u201d intent\u00f3 con centros y disparos de media distancia que no estuvieron certeros. En tiempo de descuento L\u00f3pez volvi\u00f3 a salvar a su equipo con un manotazo a un tiro libre de Trevis\u00e1n, y el empate 1 a 1 dej\u00f3 la serie final abierta para que el t\u00edtulo se defina dentro de siete d\u00edas en la Capital de la Tradici\u00f3n.<\/p>\n<p><strong>UNI\u00d3N (1):<\/strong>\u00a0Iv\u00e1n Gorosito;\u00a0Adri\u00e1n Luque,\u00a0Carlos Arriola,\u00a0Domingo Fern\u00e1ndez y\u00a0Eber L\u00f3pez;\u00a0Carlos Centuri\u00f3n,\u00a0Marcelo Almua,\u00a0Mario Cardozo y\u00a0Brian Ram\u00edrez;\u00a0Alexis Sosa y\u00a0Federico Monz\u00f3n.\u00a0<strong>DT:<\/strong>\u00a0Juan C. Milesi.<br \/>\n<strong>UNI\u00d3N Y FUERZA (1):<\/strong>\u00a0Jos\u00e9 Luis L\u00f3pez;\u00a0Facundo Iglesias,\u00a0Diego Leguizam\u00f3n,\u00a0Nicol\u00e1s Gonz\u00e1lez y\u00a0Mat\u00edas Gonz\u00e1lez;\u00a0Enzo Casta\u00f1o,\u00a0N\u00e9stor Gonz\u00e1lez,\u00a0Leonel Medina y\u00a0Albano G\u00f3mez;\u00a0C\u00e9sar Sotelo y\u00a0Leonardo Diloff.\u00a0<strong>DT:<\/strong>\u00a0Facundo Ch\u00e1vez.<br \/>\n<strong>Goles:<\/strong> 19PT Federico Monz\u00f3n (U). 25PT Leonardo Diloff (UyF), de penal.<br \/>\n<strong>Cambios:<\/strong> ST Facundo Salto por N\u00e9stor Gonz\u00e1lez (UyF). 18ST Orlando Falc\u00f3n por Marcelo Almua (U). 26ST Facundo Mamousse por Facundo Iglesias (UyF). 26ST Carlos Galarza por C\u00e9sar Sotelo (UyF). 39ST Christian Trevis\u00e1n por Federico Monz\u00f3n (U). 44ST Mauro Ledesma por Alvano Gomez (UyF).<br \/>\n<strong>\u00c1rbitro: <\/strong>Cristian Ca\u00f1ete. <strong>Asistentes:\u00a0<\/strong>Leonardo Torres y Guillermo Dulka (todos de la AFOCH). <strong>Estadio:<\/strong> \u00abMario \u201cPibe\u201d Guastalla\u00bb, de Club Uni\u00f3n Machagai.<\/p>\n<p><strong>FINAL<br \/>\n<\/strong>Uni\u00f3n (Machagai) 1 \u2013 Uni\u00f3n y Fuerza (Corzuela) 1<\/p>\n<p><em><strong>Fotos y texto: Eco Deportivo\u00a0<\/strong><\/em><\/p>\n<p><img loading=\"lazy\" decoding=\"async\" class=\"aligncenter size-large wp-image-20100\" src=\"https:\/\/www.sportchaco.com.ar\/wp-content\/uploads\/2025\/06\/300x250-1024x854.gif\" sizes=\"auto, (max-width: 1024px) 100vw, 1024px\" srcset=\"https:\/\/www.sportchaco.com.ar\/wp-content\/uploads\/2025\/06\/300x250-1024x854.gif 1024w, https:\/\/www.sportchaco.com.ar\/wp-content\/uploads\/2025\/06\/300x250-300x250.gif 300w, https:\/\/www.sportchaco.com.ar\/wp-content\/uploads\/2025\/06\/300x250-768x640.gif 768w\" alt=\"\" width=\"1024\" height=\"854\" \/><\/p>\n","protected":false},"excerpt":{"rendered":"<p>21-09-2025 Uni\u00f3n no pudo hacer prevalecer su local\u00eda y empat\u00f3 1 a 1 con Uni\u00f3n y Fuerza en el primer duelo correspondiente a la final del Torneo Federativo, que se disput\u00f3 ante una multitud en el estadio Mario \u201cPibe\u201d Guastalla de Machagai. Federico Monz\u00f3n anot\u00f3 para el \u201caurinegro\u201d y empat\u00f3 Leo Diloff, de penal, para &hellip;<\/p>\n","protected":false},"author":3,"featured_media":25746,"comment_status":"open","ping_status":"open","sticky":false,"template":"","format":"standard","meta":{"footnotes":""},"categories":[5],"tags":[],"class_list":["post-25745","post","type-post","status-publish","format-standard","has-post-thumbnail","hentry","category-futbol"],"_links":{"self":[{"href":"https:\/\/www.sportchaco.com.ar\/index.php?rest_route=\/wp\/v2\/posts\/25745","targetHints":{"allow":["GET"]}}],"collection":[{"href":"https:\/\/www.sportchaco.com.ar\/index.php?rest_route=\/wp\/v2\/posts"}],"about":[{"href":"https:\/\/www.sportchaco.com.ar\/index.php?rest_route=\/wp\/v2\/types\/post"}],"author":[{"embeddable":true,"href":"https:\/\/www.sportchaco.com.ar\/index.php?rest_route=\/wp\/v2\/users\/3"}],"replies":[{"embeddable":true,"href":"https:\/\/www.sportchaco.com.ar\/index.php?rest_route=%2Fwp%2Fv2%2Fcomments&post=25745"}],"version-history":[{"count":1,"href":"https:\/\/www.sportchaco.com.ar\/index.php?rest_route=\/wp\/v2\/posts\/25745\/revisions"}],"predecessor-version":[{"id":25747,"href":"https:\/\/www.sportchaco.com.ar\/index.php?rest_route=\/wp\/v2\/posts\/25745\/revisions\/25747"}],"wp:featuredmedia":[{"embeddable":true,"href":"https:\/\/www.sportchaco.com.ar\/index.php?rest_route=\/wp\/v2\/media\/25746"}],"wp:attachment":[{"href":"https:\/\/www.sportchaco.com.ar\/index.php?rest_route=%2Fwp%2Fv2%2Fmedia&parent=25745"}],"wp:term":[{"taxonomy":"category","embeddable":true,"href":"https:\/\/www.sportchaco.com.ar\/index.php?rest_route=%2Fwp%2Fv2%2Fcategories&post=25745"},{"taxonomy":"post_tag","embeddable":true,"href":"https:\/\/www.sportchaco.com.ar\/index.php?rest_route=%2Fwp%2Fv2%2Ftags&post=25745"}],"curies":[{"name":"wp","href":"https:\/\/api.w.org\/{rel}","templated":true}]}}