{"id":25748,"date":"2025-09-21T19:23:23","date_gmt":"2025-09-21T22:23:23","guid":{"rendered":"https:\/\/www.sportchaco.com.ar\/?p=25748"},"modified":"2025-09-21T19:38:18","modified_gmt":"2025-09-21T22:38:18","slug":"el-falcon-cabriolet-presidencial-de-armando-y-finalmente-de-julio-gracia","status":"publish","type":"post","link":"https:\/\/www.sportchaco.com.ar\/?p=25748","title":{"rendered":"El Falcon Cabriolet presidencial, de Armando y finalmente de Julio Garc\u00eda"},"content":{"rendered":"<p>&nbsp;<\/p>\n<p><strong>De regalo presidencial a joya boquense: la incre\u00edble historia de un auto \u00fanico en el pa\u00eds. El doctor Julio Garc\u00eda en su libro \u00abSolo hubo que seguir la huella\u00bb cuenta detalles de c\u00f3mo lleg\u00f3 a sus manos el Falcon Cabriolet, de los pocos y de colecci\u00f3n, que de tanto en tanto y para acontecimientos especiales, se desliza por las calles de Resistencia.<\/strong><\/p>\n<p>La historia del Falcon Cabriolet negro que alguna vez circul\u00f3 por Buenos Aires tiene todos los condimentos de una novela: poder pol\u00edtico, negocios millonarios, pasiones deportivas y un presidente que nunca lleg\u00f3 a usarlo m\u00e1s que para recorrer una f\u00e1brica.<\/p>\n<p>Todo comenz\u00f3 en 1963, cuando Arturo Illia asumi\u00f3 la presidencia de la Naci\u00f3n. La General Motors ya le hab\u00eda obsequiado a Per\u00f3n un Cadillac Limousine y la Ford Motor Argentina no quiso quedarse atr\u00e1s. En tiempo r\u00e9cord \u2014apenas cuatro d\u00edas\u2014, la planta de General Pacheco fabric\u00f3 una versi\u00f3n in\u00e9dita: un Falcon descapotable especialmente preparado para Illia.<\/p>\n<p>El flamante presidente, sin embargo, jam\u00e1s le dio uso. El auto qued\u00f3 guardado en Pacheco y solo una vez al a\u00f1o era trasladado en camiones para exhibirse en competencias como las 500 Millas de Rafaela. Durante casi siete a\u00f1os permaneci\u00f3 como pieza de museo en el hall de la f\u00e1brica.<\/p>\n<p>Fue entonces cuando apareci\u00f3 en escena Alberto J. Armando, presidente de Boca Juniors y hombre fuerte del negocio automotor. Al visitar la planta pregunt\u00f3 qu\u00e9 hac\u00eda ese veh\u00edculo all\u00ed y, sin obtener respuesta, directamente se lo llev\u00f3 a la Ciudad Deportiva que Boca constru\u00eda en la Costanera Sur. Con el tiempo, la propia Ford termin\u00f3 donando oficialmente el Falcon al club xeneize.<\/p>\n<p>El Cabriolet tuvo un destino exclusivo: servir de auto de cortes\u00eda cuando llegaban visitantes ilustres como el Real Madrid o el Barcelona. Nunca fue utilizado para otra cosa.<\/p>\n<p>La historia se cruza tambi\u00e9n con la pol\u00edtica. En 1973, durante el gobierno de C\u00e1mpora, Armando fue se\u00f1alado como uno de los empresarios beneficiados por el peronismo, incluso con contratos como la venta de mil autos a la Polic\u00eda Federal. En paralelo, era tentado para lanzarse como candidato a intendente de Buenos Aires, pero el \u201cPuma\u201d decidi\u00f3 dar un paso al costado de la vida pol\u00edtica y, poco despu\u00e9s, tambi\u00e9n de Boca.<\/p>\n<p>El Falcon sigui\u00f3 girando en esa trama de poder y negocios hasta que, seg\u00fan record\u00f3 el doctor Julio Garc\u00eda, Armando se lo ofreci\u00f3 sin reparos:<br \/>\n<strong>\u2014\u00bfVos lo quer\u00e9s? Ll\u00e9vatelo y hac\u00e9le los papeles.<\/strong><\/p>\n<p>Y as\u00ed, entre pasiones y casualidades, aquel descapotable pensado para un presidente termin\u00f3 siendo parte de la leyenda boquense.<\/p>\n<p><img decoding=\"async\" src=\"https:\/\/scontent.fcnq2-1.fna.fbcdn.net\/v\/t39.30808-6\/549264775_3692419641067729_3007505282621707377_n.jpg?_nc_cat=100&amp;ccb=1-7&amp;_nc_sid=127cfc&amp;_nc_ohc=4ku6g7RaWbQQ7kNvwEUn7Vu&amp;_nc_oc=Adn4oXmHK3YXy-4lxj7kRZWpHs51c9KA_o4fwVZfoSJYhXQ4pnVZUyoGxCfo3K8RwMg&amp;_nc_zt=23&amp;_nc_ht=scontent.fcnq2-1.fna&amp;_nc_gid=mNt7sYX1Qq3dsXwXbc16vg&amp;oh=00_AfYxOPDXgesp-PzvcC0th_B3T_xXcgm-OyrHWMXJAmPv9g&amp;oe=68D65611\" alt=\"Puede ser una imagen de texto\" \/><\/p>\n<p><strong> Sab\u00edas que\u2026<\/strong><\/p>\n<ul>\n<li><strong>Un auto \u00fanico<\/strong>: el Falcon Cabriolet negro fue el <strong>\u00fanico descapotable fabricado por Ford en la Argentina<\/strong>. Se hizo en apenas cuatro d\u00edas.<\/li>\n<li><strong>De la pol\u00edtica al f\u00fatbol<\/strong>: el veh\u00edculo fue concebido como regalo para Arturo Illia, pero termin\u00f3 como pieza de exhibici\u00f3n en Boca Juniors.<\/li>\n<li><strong>Un lujo para visitantes<\/strong>: Boca lo usaba solo en ocasiones especiales, para trasladar a delegaciones de clubes europeos como Real Madrid y Barcelona.<\/li>\n<li><strong>Armando, el estratega<\/strong>: Alberto J. Armando, presidente xeneize, fue quien \u201crescat\u00f3\u201d el Falcon de la planta de Pacheco y gestion\u00f3 su donaci\u00f3n.<\/li>\n<li><strong>Nunca pis\u00f3 la calle<\/strong>: durante a\u00f1os, el coche permaneci\u00f3 guardado y apenas era trasladado en camiones para eventos automovil\u00edsticos.<\/li>\n<li><strong>Final inesperado<\/strong>: pese a haber sido pensado como s\u00edmbolo presidencial, su verdadera historia se escribi\u00f3 en el mundo del f\u00fatbol.<\/li>\n<\/ul>\n<p><img decoding=\"async\" src=\"https:\/\/scontent.fcnq2-1.fna.fbcdn.net\/v\/t39.30808-6\/550184563_3692419624401064_5386421710261416738_n.jpg?_nc_cat=106&amp;ccb=1-7&amp;_nc_sid=127cfc&amp;_nc_ohc=sBHolVH6FBQQ7kNvwEN9GUw&amp;_nc_oc=AdmPuEy3bs7qmG9-KVhYjoLkrRRIDjfsszC4-GQLLslWGXd_6KweNP5YOqivE6rYENY&amp;_nc_zt=23&amp;_nc_ht=scontent.fcnq2-1.fna&amp;_nc_gid=BfwFXHJfgc2omnb-_kOovA&amp;oh=00_AfYwtvvEGrw7TJzEw1aJEgCwfCnBJn6tV1aE2-cXIdn7AQ&amp;oe=68D65820\" alt=\"Puede ser una imagen de autom\u00f3vil\" \/><\/p>\n<p><img loading=\"lazy\" decoding=\"async\" class=\"alignnone wp-image-25663\" src=\"https:\/\/www.sportchaco.com.ar\/wp-content\/uploads\/2025\/09\/Luis-carita-287x300-3.jpg\" alt=\"\" width=\"39\" height=\"41\" \/>\u00a0 \u00a0LUIS DARIO MOLODEZKY<\/p>\n","protected":false},"excerpt":{"rendered":"<p>&nbsp; De regalo presidencial a joya boquense: la incre\u00edble historia de un auto \u00fanico en el pa\u00eds. El doctor Julio Garc\u00eda en su libro \u00abSolo hubo que seguir la huella\u00bb cuenta detalles de c\u00f3mo lleg\u00f3 a sus manos el Falcon Cabriolet, de los pocos y de colecci\u00f3n, que de tanto en tanto y para acontecimientos &hellip;<\/p>\n","protected":false},"author":2,"featured_media":25750,"comment_status":"open","ping_status":"open","sticky":false,"template":"","format":"standard","meta":{"footnotes":""},"categories":[1],"tags":[],"class_list":["post-25748","post","type-post","status-publish","format-standard","has-post-thumbnail","hentry","category-fotos-del-recuerdo"],"_links":{"self":[{"href":"https:\/\/www.sportchaco.com.ar\/index.php?rest_route=\/wp\/v2\/posts\/25748","targetHints":{"allow":["GET"]}}],"collection":[{"href":"https:\/\/www.sportchaco.com.ar\/index.php?rest_route=\/wp\/v2\/posts"}],"about":[{"href":"https:\/\/www.sportchaco.com.ar\/index.php?rest_route=\/wp\/v2\/types\/post"}],"author":[{"embeddable":true,"href":"https:\/\/www.sportchaco.com.ar\/index.php?rest_route=\/wp\/v2\/users\/2"}],"replies":[{"embeddable":true,"href":"https:\/\/www.sportchaco.com.ar\/index.php?rest_route=%2Fwp%2Fv2%2Fcomments&post=25748"}],"version-history":[{"count":3,"href":"https:\/\/www.sportchaco.com.ar\/index.php?rest_route=\/wp\/v2\/posts\/25748\/revisions"}],"predecessor-version":[{"id":25755,"href":"https:\/\/www.sportchaco.com.ar\/index.php?rest_route=\/wp\/v2\/posts\/25748\/revisions\/25755"}],"wp:featuredmedia":[{"embeddable":true,"href":"https:\/\/www.sportchaco.com.ar\/index.php?rest_route=\/wp\/v2\/media\/25750"}],"wp:attachment":[{"href":"https:\/\/www.sportchaco.com.ar\/index.php?rest_route=%2Fwp%2Fv2%2Fmedia&parent=25748"}],"wp:term":[{"taxonomy":"category","embeddable":true,"href":"https:\/\/www.sportchaco.com.ar\/index.php?rest_route=%2Fwp%2Fv2%2Fcategories&post=25748"},{"taxonomy":"post_tag","embeddable":true,"href":"https:\/\/www.sportchaco.com.ar\/index.php?rest_route=%2Fwp%2Fv2%2Ftags&post=25748"}],"curies":[{"name":"wp","href":"https:\/\/api.w.org\/{rel}","templated":true}]}}