{"id":25784,"date":"2025-09-22T18:20:27","date_gmt":"2025-09-22T21:20:27","guid":{"rendered":"https:\/\/www.sportchaco.com.ar\/?p=25784"},"modified":"2025-09-22T23:21:19","modified_gmt":"2025-09-23T02:21:19","slug":"villa-san-martin-presento-en-sociedad-a-su-nuevo-plantel","status":"publish","type":"post","link":"https:\/\/www.sportchaco.com.ar\/?p=25784","title":{"rendered":"Villa San Mart\u00edn present\u00f3 en sociedad a su nuevo plantel"},"content":{"rendered":"<p><strong>22-09-2025<\/strong><\/p>\n<p><img loading=\"lazy\" decoding=\"async\" class=\"aligncenter size-large wp-image-20490\" src=\"https:\/\/www.sportchaco.com.ar\/wp-content\/uploads\/2025\/06\/728x90-1-1024x127.gif\" alt=\"\" width=\"1024\" height=\"127\" srcset=\"https:\/\/www.sportchaco.com.ar\/wp-content\/uploads\/2025\/06\/728x90-1-1024x127.gif 1024w, https:\/\/www.sportchaco.com.ar\/wp-content\/uploads\/2025\/06\/728x90-1-300x37.gif 300w, https:\/\/www.sportchaco.com.ar\/wp-content\/uploads\/2025\/06\/728x90-1-768x96.gif 768w\" sizes=\"auto, (max-width: 1024px) 100vw, 1024px\" \/><\/p>\n<h5>En conferencia de prensa, durante la ma\u00f1ana de este lunes, Villa San Mart\u00edn present\u00f3 oficialmente a todo el plantel que lo representar\u00e1 en la temporada 25\/ 26 de La Liga Argentina de B\u00e1squet. En este marco, el presidente de la instituci\u00f3n \u201ctricolor\u201d, que volver\u00e1 a ser el \u00fanico representante de la regi\u00f3n en esta categor\u00eda, no dej\u00f3 dudas de la satisfacci\u00f3n de poder jugar una temporada m\u00e1s, que es la d\u00e9cima de forma ininterrumpida, dejando al b\u00e1squet chaque\u00f1o en la vidriera en los planos nacionales.<\/h5>\n<p>&nbsp;<\/p>\n<p><img decoding=\"async\" src=\"https:\/\/scontent.fcnq2-2.fna.fbcdn.net\/v\/t51.82787-15\/551883967_18404164360137026_1652244666664365369_n.jpg?_nc_cat=103&amp;ccb=1-7&amp;_nc_sid=127cfc&amp;_nc_eui2=AeFYjXfuGn7yIRAXTMdFczU2gfwuue1L93uB_C657Uv3e8mMP1pAqSSR_8KbjjXon_w&amp;_nc_ohc=foK1-yjL3uAQ7kNvwGpQrgW&amp;_nc_oc=AdnWJh4foa2SSN1qb1qeCzOEkefZfVFONHHHLSimHLEtLbI6bYjHQ1jCoH-ihe3y-sM&amp;_nc_zt=23&amp;_nc_ht=scontent.fcnq2-2.fna&amp;_nc_gid=-IFjhKbCeZ3t-OWadpzs_Q&amp;oh=00_AfZEXIZH8kgOuUU1lvhCuKcctPkwokdSDjpk-mWQwXn3yw&amp;oe=68D7D6B4\" alt=\"Puede ser una imagen de 10 personas, personas jugando al baloncesto y texto\" \/><\/p>\n<p><strong>Objetivo claro: ascender a La Liga Nacional<\/strong><br \/>\nEn primer lugar, Siri adelant\u00f3 las pretensiones de la instituci\u00f3n de poder jugar el partido inaugural de esta temporada, teniendo en cuenta la transformaci\u00f3n que atraviesa el club en materia de obras hist\u00f3ricas y se espera que est\u00e9 todo listo para el arranque de la temporada, que ser\u00e1 el pr\u00f3ximo 2 de noviembre. No obstante, est\u00e1 en agenda que en el caso de poder jugarse el partido inaugural esta temporada, adem\u00e1s de ser un orgullo para Villa San Mart\u00edn y el Chaco, estar\u00eda toda la prensa nacional especializada en b\u00e1squet cubriendo este espect\u00e1culo deportivo.<\/p>\n<p>Asimismo, el titular de la instituci\u00f3n \u201ctricolor\u201d tambi\u00e9n anunci\u00f3 la intenci\u00f3n de que Regatas Corrientes pueda jugar alg\u00fan partido de temporada en cancha del \u201ctricolor\u201d, teniendo en cuenta que la instituci\u00f3n correntina est\u00e1 ejecutando la construcci\u00f3n de su estadio nuevo.<\/p>\n<p>Adem\u00e1s, el presidente dio detalles sobre la conformaci\u00f3n del equipo, con caras que llegaron, entre esas la del entrenador de jerarqu\u00eda Eduardo \u201cchiche\u201d J\u00e1pez, otras caras que se mantuvieron y por supuesto las que llegaron, incluyendo fichas extranjeras.<\/p>\n<p>\u201cFue un trabajo silencioso, pero se pudo llegar a completar el armado del equipo; todo fue trabajo en conjunto con el entrenador\u201d, dej\u00f3 en claro Siri, manifestando a su vez que \u201cen esta temporada, nuestro objetivo es ascender, ya que hemos conformado un cuerpo t\u00e9cnico y un grupo de jugadores que hacen que nuestras pretensiones sean las m\u00e1ximas\u201d, resalt\u00f3.<\/p>\n<p><strong>\u201cEste es el equipo que encontramos y el que quiero\u201d<\/strong><br \/>\nA su turno, el flamante entrenador de Villa San Mart\u00edn, Eduardo \u201cChiche\u201d J\u00e1pez, en primer lugar se mostr\u00f3 \u201cmuy agradecido y contento por el staff armado para esta temporada en cuanto a la conformaci\u00f3n del equipo.<\/p>\n<p>En cuanto a la pretemporada, que arranc\u00f3 el pasado 15 de septiembre, J\u00e1pez precis\u00f3 que \u201cen total son siete semanas, ya pasamos una con muy buenas sensaciones, a partir de ahora empezamos a desplegar la parte del mix, tanto parte f\u00edsica y basquetbol\u00edstica, produci\u00e9ndonos un adelantamiento que es muy importante para nosotros. Luego, en la cuarta semana, comenzaremos a hacer partidos amistosos\u201d.<\/p>\n<p><img loading=\"lazy\" decoding=\"async\" class=\"aligncenter size-large wp-image-25789\" src=\"https:\/\/www.sportchaco.com.ar\/wp-content\/uploads\/2025\/09\/chiche-japez-682x1024.jpeg\" alt=\"\" width=\"682\" height=\"1024\" srcset=\"https:\/\/www.sportchaco.com.ar\/wp-content\/uploads\/2025\/09\/chiche-japez-682x1024.jpeg 682w, https:\/\/www.sportchaco.com.ar\/wp-content\/uploads\/2025\/09\/chiche-japez-200x300.jpeg 200w, https:\/\/www.sportchaco.com.ar\/wp-content\/uploads\/2025\/09\/chiche-japez-768x1153.jpeg 768w, https:\/\/www.sportchaco.com.ar\/wp-content\/uploads\/2025\/09\/chiche-japez-1023x1536.jpeg 1023w, https:\/\/www.sportchaco.com.ar\/wp-content\/uploads\/2025\/09\/chiche-japez.jpeg 1066w\" sizes=\"auto, (max-width: 682px) 100vw, 682px\" \/><\/p>\n<p>\u201cEste es el equipo ideal para trabajar, estoy muy contento con el equipo que se arm\u00f3, por lo tanto a partir de ah\u00ed viene el convencimiento hacia ellos y qu\u00e9 quiero de ellos; en definitiva, este es el equipo que encontramos y el que quiero.<\/p>\n<p><strong>\u201cVa a ser un gran a\u00f1o\u201d<\/strong><br \/>\nPor \u00faltimo, uno de los referentes del equipo de Villa San Mart\u00edn, es el base\/ escolta Favio Vieta, expres\u00f3 sentirse \u201cmuy contento por el armado del equipo, la vara est\u00e1 alta pero tambi\u00e9n hay material para asumir la responsabilidad; hay material para trabajar, haciendo bien las cosas y el equipo ensambl\u00e1ndose, va a ser un gran a\u00f1o\u201d, finaliz\u00f3.<\/p>\n<p><strong>El plantel<\/strong><br \/>\nEl plantel de Villa San Mart\u00edn para esta temporada 25\/ 26 de La Liga Argentina de B\u00e1squet, est\u00e1 conformado por: el entrenador principal, Eduardo J\u00e1pez; el primer asistente, Hugo Camisasca, los asistentes colaboradores Gonzalo Flores y Manuel R\u00edos; los preparadores f\u00edsicos Imanol Escobar y Octavio Boschetti; la psic\u00f3loga deportiva, Romina Bogado; la nutricionista, Sof\u00eda Frangioli; los kinesi\u00f3logos Pablo Castillo y Nicol\u00e1s Cresp\u00edn; el utilero, Enzo N\u00fa\u00f1ez; y como jefe de equipo Sergio Ruberto.<\/p>\n<p><img loading=\"lazy\" decoding=\"async\" class=\"aligncenter size-large wp-image-25787\" src=\"https:\/\/www.sportchaco.com.ar\/wp-content\/uploads\/2025\/09\/vsm-liga-argentina-1024x682.jpeg\" alt=\"\" width=\"1024\" height=\"682\" srcset=\"https:\/\/www.sportchaco.com.ar\/wp-content\/uploads\/2025\/09\/vsm-liga-argentina-1024x682.jpeg 1024w, https:\/\/www.sportchaco.com.ar\/wp-content\/uploads\/2025\/09\/vsm-liga-argentina-300x200.jpeg 300w, https:\/\/www.sportchaco.com.ar\/wp-content\/uploads\/2025\/09\/vsm-liga-argentina-768x512.jpeg 768w, https:\/\/www.sportchaco.com.ar\/wp-content\/uploads\/2025\/09\/vsm-liga-argentina-1536x1023.jpeg 1536w, https:\/\/www.sportchaco.com.ar\/wp-content\/uploads\/2025\/09\/vsm-liga-argentina.jpeg 1600w\" sizes=\"auto, (max-width: 1024px) 100vw, 1024px\" \/><\/p>\n<p>Con respecto a los jugadores, formar\u00e1n parte esta temporada: la continuidad de Est\u00e9fano Simondi (ala\u2013pivote), y Favio Vieta (base\/escolta) y Maximiliano Mart\u00edn (alero) quienes se repartir\u00e1n a su vez la doble capitan\u00eda. Regresaron Lautaro Florito (escolta\/alero), Agust\u00edn Camisasca (escolta), Emir P\u00e9rez Barrios (base) y Maximiliano Bottaro (ala\u2013pivote). Llegaron los extranjeros R\u00f3mulo Gusmao y Eli\u00e1n Centeno (ambos pivotes), Facundo Gago y Santiago Rath (bases\/aleros). Adem\u00e1s, forman parte del equipo los j\u00f3venes y con una gran proyecci\u00f3n, Gael Carrasco (base\/escolta) y Agust\u00edn Petroli (pivote).<\/p>\n<p><em><strong>Fotos: Gentileza Prensa Villa San Mart\u00edn\u00a0<\/strong><\/em><\/p>\n<p><img loading=\"lazy\" decoding=\"async\" class=\"\" src=\"https:\/\/scontent.fcnq2-2.fna.fbcdn.net\/v\/t51.82787-15\/551322267_18404164369137026_6498450358301515000_n.jpg?_nc_cat=108&amp;ccb=1-7&amp;_nc_sid=127cfc&amp;_nc_eui2=AeFKYxMvHlKIkArX_nlesGv0_XjgMTxiZdX9eOAxPGJl1Z4PFwNBl5exqNAyYSR1qm4&amp;_nc_ohc=7iTu-TMUuYIQ7kNvwH3GmSl&amp;_nc_oc=Adm1zP2Kz7BrrZ8kuFxRc_azC5OCRUpP7X9tIm3LI7EYKog0sFmSnkdW7Ws3QDae2VE&amp;_nc_zt=23&amp;_nc_ht=scontent.fcnq2-2.fna&amp;_nc_gid=oUrRWResy_5zNfl46leNuQ&amp;oh=00_AfZ9Q4Ooyreu1CeRtVZlPrVOWbPg6lAZmfbKLqNx5gb15w&amp;oe=68D7C342\" alt=\"Puede ser una imagen de 3 personas, personas jugando al baloncesto, personas jugando al v\u00f3leibol y texto\" width=\"271\" height=\"180\" \/><img loading=\"lazy\" decoding=\"async\" class=\"\" src=\"https:\/\/scontent.fcnq2-2.fna.fbcdn.net\/v\/t51.82787-15\/551883987_18404164426137026_7079314176783659362_n.jpg?_nc_cat=110&amp;ccb=1-7&amp;_nc_sid=127cfc&amp;_nc_eui2=AeF_cBf_u1OWEFZ73Aq7UaPviPFQyAg9gEmI8VDICD2ASbZw1yR7Hfc-agHJ4UJHrhI&amp;_nc_ohc=Xszm7DJZWBsQ7kNvwGMBEJD&amp;_nc_oc=AdnRa2_NeAm-I3Ya8Fo4G0uBPnIwSkm-LDsuPKgtAY7Y3-IRg56137kfQGnXZgqk6yY&amp;_nc_zt=23&amp;_nc_ht=scontent.fcnq2-2.fna&amp;_nc_gid=AI1_pW2-zCQLecQe9oznCA&amp;oh=00_AfY5JvJS1HH8YE2wy0KSeF6E4HaevX8rPdhplwrtTP9d4Q&amp;oe=68D7C7A8\" alt=\"Puede ser una imagen de 5 personas, personas jugando al f\u00fatbol y texto\" width=\"253\" height=\"168\" \/><\/p>\n<p><strong>Fuente: Prensa VSM- Fotos Soledad<\/strong><\/p>\n<p><img loading=\"lazy\" decoding=\"async\" class=\"aligncenter size-large wp-image-20515\" src=\"https:\/\/www.sportchaco.com.ar\/wp-content\/uploads\/2025\/06\/Banners-creditos-otorgados-al-campo_1080x1350-819x1024.gif\" alt=\"\" width=\"819\" height=\"1024\" srcset=\"https:\/\/www.sportchaco.com.ar\/wp-content\/uploads\/2025\/06\/Banners-creditos-otorgados-al-campo_1080x1350-819x1024.gif 819w, https:\/\/www.sportchaco.com.ar\/wp-content\/uploads\/2025\/06\/Banners-creditos-otorgados-al-campo_1080x1350-240x300.gif 240w, https:\/\/www.sportchaco.com.ar\/wp-content\/uploads\/2025\/06\/Banners-creditos-otorgados-al-campo_1080x1350-768x960.gif 768w, https:\/\/www.sportchaco.com.ar\/wp-content\/uploads\/2025\/06\/Banners-creditos-otorgados-al-campo_1080x1350-1229x1536.gif 1229w, https:\/\/www.sportchaco.com.ar\/wp-content\/uploads\/2025\/06\/Banners-creditos-otorgados-al-campo_1080x1350-1639x2048.gif 1639w\" sizes=\"auto, (max-width: 819px) 100vw, 819px\" \/><\/p>\n<p><img decoding=\"async\" src=\"https:\/\/scontent.fcnq2-1.fna.fbcdn.net\/v\/t51.82787-15\/551879493_18404164351137026_3671871241749510199_n.jpg?_nc_cat=101&amp;ccb=1-7&amp;_nc_sid=127cfc&amp;_nc_eui2=AeGErCUA5rdEpktBT_bqb0IpP98o70bE7TM_3yjvRsTtM9LWcANz0GCGVST2Ztwbyf8&amp;_nc_ohc=N-LnGDhcX3sQ7kNvwGnIrzy&amp;_nc_oc=AdnkeF_nbIOcj5ELR4B0BL71HIuz98vNxjptSqOIi_Jkaw4f-ilT48oK8oznDPu6TfY&amp;_nc_zt=23&amp;_nc_ht=scontent.fcnq2-1.fna&amp;_nc_gid=nQyGIby_RAztuQxyXH29Vg&amp;oh=00_AfbVG-7CksClUAPhVyPUR2mhptRgoQCvwHbAEeoDrJGMEw&amp;oe=68D7CD61\" alt=\"Puede ser una imagen de 5 personas y texto que dice &quot;SAN \u039c ARTIN CORDIS \u1787\u17b6\u178f yT COm MARTIN CORD I AAH\u0418R RA \u04183 \u1781 Soledad FOTOGRAFIAS Soleda FOTOG&quot;\" \/><\/p>\n","protected":false},"excerpt":{"rendered":"<p>22-09-2025 En conferencia de prensa, durante la ma\u00f1ana de este lunes, Villa San Mart\u00edn present\u00f3 oficialmente a todo el plantel que lo representar\u00e1 en la temporada 25\/ 26 de La Liga Argentina de B\u00e1squet. En este marco, el presidente de la instituci\u00f3n \u201ctricolor\u201d, que volver\u00e1 a ser el \u00fanico representante de la regi\u00f3n en esta &hellip;<\/p>\n","protected":false},"author":3,"featured_media":25786,"comment_status":"open","ping_status":"open","sticky":false,"template":"","format":"standard","meta":{"footnotes":""},"categories":[3],"tags":[],"class_list":["post-25784","post","type-post","status-publish","format-standard","has-post-thumbnail","hentry","category-basquetbol"],"_links":{"self":[{"href":"https:\/\/www.sportchaco.com.ar\/index.php?rest_route=\/wp\/v2\/posts\/25784","targetHints":{"allow":["GET"]}}],"collection":[{"href":"https:\/\/www.sportchaco.com.ar\/index.php?rest_route=\/wp\/v2\/posts"}],"about":[{"href":"https:\/\/www.sportchaco.com.ar\/index.php?rest_route=\/wp\/v2\/types\/post"}],"author":[{"embeddable":true,"href":"https:\/\/www.sportchaco.com.ar\/index.php?rest_route=\/wp\/v2\/users\/3"}],"replies":[{"embeddable":true,"href":"https:\/\/www.sportchaco.com.ar\/index.php?rest_route=%2Fwp%2Fv2%2Fcomments&post=25784"}],"version-history":[{"count":3,"href":"https:\/\/www.sportchaco.com.ar\/index.php?rest_route=\/wp\/v2\/posts\/25784\/revisions"}],"predecessor-version":[{"id":25817,"href":"https:\/\/www.sportchaco.com.ar\/index.php?rest_route=\/wp\/v2\/posts\/25784\/revisions\/25817"}],"wp:featuredmedia":[{"embeddable":true,"href":"https:\/\/www.sportchaco.com.ar\/index.php?rest_route=\/wp\/v2\/media\/25786"}],"wp:attachment":[{"href":"https:\/\/www.sportchaco.com.ar\/index.php?rest_route=%2Fwp%2Fv2%2Fmedia&parent=25784"}],"wp:term":[{"taxonomy":"category","embeddable":true,"href":"https:\/\/www.sportchaco.com.ar\/index.php?rest_route=%2Fwp%2Fv2%2Fcategories&post=25784"},{"taxonomy":"post_tag","embeddable":true,"href":"https:\/\/www.sportchaco.com.ar\/index.php?rest_route=%2Fwp%2Fv2%2Ftags&post=25784"}],"curies":[{"name":"wp","href":"https:\/\/api.w.org\/{rel}","templated":true}]}}