{"id":25801,"date":"2025-09-22T19:17:01","date_gmt":"2025-09-22T22:17:01","guid":{"rendered":"https:\/\/www.sportchaco.com.ar\/?p=25801"},"modified":"2025-09-22T19:17:01","modified_gmt":"2025-09-22T22:17:01","slug":"el-ascenso-se-completa-este-martes","status":"publish","type":"post","link":"https:\/\/www.sportchaco.com.ar\/?p=25801","title":{"rendered":"El ascenso se completa este martes"},"content":{"rendered":"<p><strong>22-09-2025<\/strong><\/p>\n<p><img loading=\"lazy\" decoding=\"async\" class=\"aligncenter wp-image-20490 size-full\" src=\"https:\/\/www.sportchaco.com.ar\/wp-content\/uploads\/2025\/06\/728x90-1.gif\" alt=\"\" width=\"1518\" height=\"189\" \/><\/p>\n<p>Este martes se completar\u00e1n los cinco partidos pendientes de la 23\u00aa y \u00faltima fecha del torneo Oficial de la Primera B de la Liga Chaque\u00f1a de F\u00fatbol.<\/p>\n<p>Los mismos estaban programados para el domingo, pero las lluvias de la madrugada de ese d\u00eda impidieron sus desarrollos.<\/p>\n<p>Adem\u00e1s, cabe recordar que este mi\u00e9rcoles desde las 20:30 horas en el \u00abJuan Alberto Garc\u00eda\u00bb de Chaco For Ever jugar\u00e1n una final por el primer ascenso Empleados de Comercio y Los L\u00edricos que han finalizado las 23 jornadas con la misma cantidad de puntos.<\/p>\n<p>Una vez finalizado el campeonato, el campe\u00f3n ascender\u00e1 a Primera directamente; quien termine segundo se asegura jugar una de las Promociones con los equipos de la \u00abA\u00bb y del 3\u00ba al 18\u00ba disputar\u00e1n un Reducido hasta que dos equipos queden para completar las llaves de Promociones.<\/p>\n<p><b><strong>TORNEO OFICIAL \u00abADRI\u00c1N DAR\u00cdO PARRA\u00bb<br \/>\n<\/strong><\/b><strong>TODA LA 23\u00aa FECHA<br \/>\nMi\u00e9rcoles 17-09<\/strong><br \/>\nUPCP 1 \u2013 FC Barber\u00e1n 0, en Regional<\/p>\n<p><strong>Jueves 18-09<\/strong><br \/>\nUni\u00f3n del Sur 0 \u2013 Parque Patricios 0, en Regional<br \/>\nCanallas del Sur 2 \u2013 Empleados de Comercio 4<br \/>\nLos L\u00edricos 5 \u2013 Dogos 0, en Indep. Tirol<\/p>\n<p><strong>Martes 23-09<\/strong><br \/>\nA las 15:30, Chaco Hebr\u00f3n \u2013 DEF<br \/>\nA las 15:30, Camioneros \u2013 Dep. Sameep<br \/>\nA las 15:30, Dep. Esperanza \u2013 V\u00e9lez, en Bancarios<br \/>\nA las 15:30, Dep. G\u00fciraldes \u2013 Dep. Zona Sur, en Regional<br \/>\nA las 16, Confraternidad \u2013 San Fernando, en Defensores<\/p>\n<p>Bariloche FC \u2013 Municipales\u00a0<em>(suspendido)<br \/>\n*Bariloche FC se dio de baja de la Liga Chaque\u00f1a\u00a0<\/em><\/p>\n<p>Dep. Barber\u00e1n \u2013 Centauro FC\u00a0<em>(suspendido)<br \/>\n*Dep. Barber\u00e1n lo dieron de baja de la Liga Chaque\u00f1a\u00a0<\/em><\/p>\n<p><strong>Libre:\u00a0<\/strong>Banfield<\/p>\n<p><strong>POSICIONES<\/strong><br \/>\nEmpleados de Comercio 52<br \/>\nLos L\u00edricos 52<br \/>\nParque Patricios 51<br \/>\nDep. Esperanza 43<br \/>\nUPCP 41<br \/>\nDep. G\u00fciraldes 40<br \/>\nSan Fernando 37<br \/>\nCanallas del Sur 34<br \/>\nBanfield 33<br \/>\nFC Barber\u00e1n 32<br \/>\nDep. Sameep 29<br \/>\nMunicipales 29<br \/>\nDep. Zona Sur 28<br \/>\nDogos 27<br \/>\nV\u00e9lez 26<br \/>\nCamioneros 24<br \/>\nUni\u00f3n del Sur 24<br \/>\nDEF 20<br \/>\nConfraternidad 19<br \/>\nChaco Hebr\u00f3n 18<br \/>\nDep. Barber\u00e1n 14<em>*<\/em><br \/>\nCentauro FC 13<br \/>\nBariloche FC 6<em>*<\/em><em><br \/>\n*Se dieron de baja del torneo<br \/>\n*Todos los equipos que enfrenten a Dep. Barber\u00e1n y Bariloche FC se adjudicar\u00e1n los tres puntos<\/em><\/p>\n<p><em><img loading=\"lazy\" decoding=\"async\" class=\"aligncenter wp-image-20488 size-full\" src=\"https:\/\/www.sportchaco.com.ar\/wp-content\/uploads\/2025\/06\/BANNER-WEB-CHACO-JUEGA_300x250.gif\" alt=\"\" width=\"626\" height=\"522\" \/><\/em><\/p>\n","protected":false},"excerpt":{"rendered":"<p>22-09-2025 Este martes se completar\u00e1n los cinco partidos pendientes de la 23\u00aa y \u00faltima fecha del torneo Oficial de la Primera B de la Liga Chaque\u00f1a de F\u00fatbol. Los mismos estaban programados para el domingo, pero las lluvias de la madrugada de ese d\u00eda impidieron sus desarrollos. Adem\u00e1s, cabe recordar que este mi\u00e9rcoles desde las &hellip;<\/p>\n","protected":false},"author":3,"featured_media":19632,"comment_status":"open","ping_status":"open","sticky":false,"template":"","format":"standard","meta":{"footnotes":""},"categories":[5],"tags":[],"class_list":["post-25801","post","type-post","status-publish","format-standard","has-post-thumbnail","hentry","category-futbol"],"_links":{"self":[{"href":"https:\/\/www.sportchaco.com.ar\/index.php?rest_route=\/wp\/v2\/posts\/25801","targetHints":{"allow":["GET"]}}],"collection":[{"href":"https:\/\/www.sportchaco.com.ar\/index.php?rest_route=\/wp\/v2\/posts"}],"about":[{"href":"https:\/\/www.sportchaco.com.ar\/index.php?rest_route=\/wp\/v2\/types\/post"}],"author":[{"embeddable":true,"href":"https:\/\/www.sportchaco.com.ar\/index.php?rest_route=\/wp\/v2\/users\/3"}],"replies":[{"embeddable":true,"href":"https:\/\/www.sportchaco.com.ar\/index.php?rest_route=%2Fwp%2Fv2%2Fcomments&post=25801"}],"version-history":[{"count":1,"href":"https:\/\/www.sportchaco.com.ar\/index.php?rest_route=\/wp\/v2\/posts\/25801\/revisions"}],"predecessor-version":[{"id":25802,"href":"https:\/\/www.sportchaco.com.ar\/index.php?rest_route=\/wp\/v2\/posts\/25801\/revisions\/25802"}],"wp:featuredmedia":[{"embeddable":true,"href":"https:\/\/www.sportchaco.com.ar\/index.php?rest_route=\/wp\/v2\/media\/19632"}],"wp:attachment":[{"href":"https:\/\/www.sportchaco.com.ar\/index.php?rest_route=%2Fwp%2Fv2%2Fmedia&parent=25801"}],"wp:term":[{"taxonomy":"category","embeddable":true,"href":"https:\/\/www.sportchaco.com.ar\/index.php?rest_route=%2Fwp%2Fv2%2Fcategories&post=25801"},{"taxonomy":"post_tag","embeddable":true,"href":"https:\/\/www.sportchaco.com.ar\/index.php?rest_route=%2Fwp%2Fv2%2Ftags&post=25801"}],"curies":[{"name":"wp","href":"https:\/\/api.w.org\/{rel}","templated":true}]}}