{"id":25809,"date":"2025-09-22T23:07:25","date_gmt":"2025-09-23T02:07:25","guid":{"rendered":"https:\/\/www.sportchaco.com.ar\/?p=25809"},"modified":"2025-09-22T23:07:25","modified_gmt":"2025-09-23T02:07:25","slug":"miguel-russo-pasa-la-noche-en-su-casa","status":"publish","type":"post","link":"https:\/\/www.sportchaco.com.ar\/?p=25809","title":{"rendered":"Miguel Russo pasa la noche en su casa"},"content":{"rendered":"<div class=\"nota__heading\">\n<h1 class=\"nota__heading__title\"><span style=\"font-size: 16px; font-weight: 400;\">\u00a022-9-2025<\/span><\/h1>\n<h1><\/h1>\n<div class=\"eg-cell__1-1\">\n<div class=\"col-xs-24 col-sm-4 eg-social eg-social--vert\">\n<div class=\"addthis_sharing_toolbox nota_body_social\"><\/div>\n<\/div>\n<\/div>\n<div class=\"eg-cell__2-1\">\n<h5><span style=\"color: #000000;\"><strong><a style=\"color: #000000;\" href=\"https:\/\/www.elgrafico.com.ar\/busqueda?termino=MIGUEL+%C3%81NGEL+RUSSO\" target=\"_blank\" rel=\"noopener\">MIGUEL \u00c1NGEL RUSSO<\/a>\u00a0recibi\u00f3 el alta m\u00e9dica tras haber quedado hospitalizado<\/strong>\u00a0luego de\u00a0unos\u00a0<strong>estudios m\u00e9dicos.<\/strong><\/span><\/h5>\n<h5><span style=\"color: #000000;\"> <span style=\"font-size: 26px; font-weight: bold;\">Pasar\u00e1 la noche en su casa. El entrenador de Boca fue sometido este lunes a unos estudios, que continuar\u00e1n\u00a0 a primera hora.<\/span><\/span><\/h5>\n<\/div>\n<div class=\"nota__heading__author\">\n<p>&nbsp;<\/p>\n<\/div>\n<\/div>\n<div class=\"nota__main-media\">\n<div class=\"nota__image\"><\/div>\n<div class=\"nota__main-media__legend\"><\/div>\n<\/div>\n<div class=\"nota__body\">\n<div class=\"container\">\n<div class=\"row\">\n<div class=\"eg-grid eg-grid--content\">\n<div class=\"eg-cell__1-1\">\n<div class=\"col-xs-24 col-sm-4 eg-social eg-social--vert\"><\/div>\n<\/div>\n<div class=\"eg-cell__2-1\">\n<p>&nbsp;<\/p>\n<div id=\"embi_elgrafico_30\"><\/div>\n<p><span style=\"color: #000000;\">A horas del\u00a0<a style=\"color: #000000;\" href=\"https:\/\/www.elgrafico.com.ar\/articulo\/primera-division\/93368\/boca-durmio-la-siesta-en-la-bombonera-y-no-pudo-alcanzar-la-cima\" target=\"_blank\" rel=\"noopener\">empate en dos tantos en La Bombonera frente a Central C\u00f3rdoba de Santiago del Estero<\/a>, el t\u00e9cnico del Xeneize se realiz\u00f3 unos controles que ya ten\u00eda programados.<\/span><\/p>\n<p><span style=\"color: #000000;\">El t\u00e9cnico de<a style=\"color: #000000;\" href=\"https:\/\/www.elgrafico.com.ar\/etiqueta\/boca\" target=\"_blank\" rel=\"noopener\">Boca<\/a>\u00a0hab\u00eda sido internado hace dos semanas y, durante su ausencia, las pr\u00e1cticas estuvieron a cargo de sus ayudantes\u00a0Claudio \u00dabeda y Juvenal Rodr\u00edguez.<\/span><\/p>\n<p><span style=\"color: #000000;\">Seg\u00fan la informaci\u00f3n de Doble Amarilla,\u00a0a Russo le habr\u00edan sugerido que\u00a0quedara internado\u00a0tras notar\u00a0un nuevo cuadro de deshidrataci\u00f3n.<\/span><\/p>\n<p><span style=\"color: #000000;\">Si bien el DT\u00a0pasar\u00e1 la noche en su domicilio\u00a0con su familia, este\u00a0martes por la ma\u00f1ana est\u00e1n previstos m\u00e1s estudios m\u00e9dicos.<\/span><\/p>\n<p><span style=\"color: #000000;\">La pr\u00e1ctica de Boca ser\u00e1 por la tarde, a la espera de saber si con Claudio \u00dabeda al mando o con la reincorporaci\u00f3n de Russo.<\/span><\/p>\n<p>&nbsp;<\/p>\n<div class=\"nota__image\"><img loading=\"lazy\" decoding=\"async\" class=\"alignnone size-medium wp-image-25811\" src=\"https:\/\/www.sportchaco.com.ar\/wp-content\/uploads\/2025\/09\/Russo-afectado-1-300x200.jpg\" alt=\"\" width=\"300\" height=\"200\" srcset=\"https:\/\/www.sportchaco.com.ar\/wp-content\/uploads\/2025\/09\/Russo-afectado-1-300x200.jpg 300w, https:\/\/www.sportchaco.com.ar\/wp-content\/uploads\/2025\/09\/Russo-afectado-1-768x511.jpg 768w, https:\/\/www.sportchaco.com.ar\/wp-content\/uploads\/2025\/09\/Russo-afectado-1.jpg 880w\" sizes=\"auto, (max-width: 300px) 100vw, 300px\" \/><\/p>\n<div class=\"nota__image__legend\"><span style=\"color: #000000;\">Russo saluda al p\u00fablico de Boca anoche en La Bombonera. AFP.<\/span><\/div>\n<\/div>\n<p><span style=\"color: #000000;\">\u00a0<\/span><br \/>\n<span style=\"color: #000000;\">Dos semanas atr\u00e1s, el experimentado entrenador qued\u00f3 internado en el instituto Fleni por\u00a0una infecci\u00f3n urinaria\u00a0agravada por su delicada salud y se perdi\u00f3 varias pr\u00e1cticas con el plantel de Boca.<\/span>&nbsp;<\/p>\n<p><span style=\"color: #000000;\">Luego, reapareci\u00f3 y dirigi\u00f3 el duelo ante Rosario Central y estuvo este domingo en La Bombonera ante Central C\u00f3rdoba. El Xeneize volver\u00e1 a jugar el pr\u00f3ximo s\u00e1bado en Florencio Varela ante Defensa y Justicia.<\/span><\/p>\n<p><strong>Fuente El Gr\u00e1fico<\/strong><\/p>\n<p>&nbsp;<\/p>\n<p>&nbsp;<\/p>\n<\/div>\n<\/div>\n<\/div>\n<\/div>\n<\/div>\n","protected":false},"excerpt":{"rendered":"<p>\u00a022-9-2025 MIGUEL \u00c1NGEL RUSSO\u00a0recibi\u00f3 el alta m\u00e9dica tras haber quedado hospitalizado\u00a0luego de\u00a0unos\u00a0estudios m\u00e9dicos. Pasar\u00e1 la noche en su casa. El entrenador de Boca fue sometido este lunes a unos estudios, que continuar\u00e1n\u00a0 a primera hora. &nbsp; &nbsp; A horas del\u00a0empate en dos tantos en La Bombonera frente a Central C\u00f3rdoba de Santiago del Estero, el &hellip;<\/p>\n","protected":false},"author":2,"featured_media":25810,"comment_status":"open","ping_status":"open","sticky":false,"template":"","format":"standard","meta":{"footnotes":""},"categories":[47],"tags":[],"class_list":["post-25809","post","type-post","status-publish","format-standard","has-post-thumbnail","hentry","category-nacionales"],"_links":{"self":[{"href":"https:\/\/www.sportchaco.com.ar\/index.php?rest_route=\/wp\/v2\/posts\/25809","targetHints":{"allow":["GET"]}}],"collection":[{"href":"https:\/\/www.sportchaco.com.ar\/index.php?rest_route=\/wp\/v2\/posts"}],"about":[{"href":"https:\/\/www.sportchaco.com.ar\/index.php?rest_route=\/wp\/v2\/types\/post"}],"author":[{"embeddable":true,"href":"https:\/\/www.sportchaco.com.ar\/index.php?rest_route=\/wp\/v2\/users\/2"}],"replies":[{"embeddable":true,"href":"https:\/\/www.sportchaco.com.ar\/index.php?rest_route=%2Fwp%2Fv2%2Fcomments&post=25809"}],"version-history":[{"count":1,"href":"https:\/\/www.sportchaco.com.ar\/index.php?rest_route=\/wp\/v2\/posts\/25809\/revisions"}],"predecessor-version":[{"id":25812,"href":"https:\/\/www.sportchaco.com.ar\/index.php?rest_route=\/wp\/v2\/posts\/25809\/revisions\/25812"}],"wp:featuredmedia":[{"embeddable":true,"href":"https:\/\/www.sportchaco.com.ar\/index.php?rest_route=\/wp\/v2\/media\/25810"}],"wp:attachment":[{"href":"https:\/\/www.sportchaco.com.ar\/index.php?rest_route=%2Fwp%2Fv2%2Fmedia&parent=25809"}],"wp:term":[{"taxonomy":"category","embeddable":true,"href":"https:\/\/www.sportchaco.com.ar\/index.php?rest_route=%2Fwp%2Fv2%2Fcategories&post=25809"},{"taxonomy":"post_tag","embeddable":true,"href":"https:\/\/www.sportchaco.com.ar\/index.php?rest_route=%2Fwp%2Fv2%2Ftags&post=25809"}],"curies":[{"name":"wp","href":"https:\/\/api.w.org\/{rel}","templated":true}]}}