{"id":25813,"date":"2025-09-22T23:13:23","date_gmt":"2025-09-23T02:13:23","guid":{"rendered":"https:\/\/www.sportchaco.com.ar\/?p=25813"},"modified":"2025-09-22T23:13:23","modified_gmt":"2025-09-23T02:13:23","slug":"racing-y-velez-quieren-ser-el-primer-semifinalista-argentino","status":"publish","type":"post","link":"https:\/\/www.sportchaco.com.ar\/?p=25813","title":{"rendered":"Racing y V\u00e9lez quieren ser el primer semifinalista argentino"},"content":{"rendered":"<div class=\"section-2-col article-header\">\n<div class=\"col 2-col\">\n<h1><\/h1>\n<h2 class=\"h3 ff-20px-w400\"><span style=\"font-size: 16px; font-weight: 400;\">22-09-2025<\/span><\/h2>\n<h5 class=\"h3 ff-20px-w400\">La Academia gan\u00f3 la ida en Liniers y llega con ventaja a la definici\u00f3n de los cuartos de final. M\u00e1s tarde, en el Maracan\u00e1, Lan\u00fas va por el golpe ante Fluminense por la Sudamericana.<\/h5>\n<div class=\"author\">\n<div class=\"author-inner\"><\/div>\n<\/div>\n<\/div>\n<\/div>\n<div class=\"section-2-col article-main-image\">\n<div class=\"col 1-col hide-on-mobile\">\n<div class=\"article-info \">\n<p>&nbsp;<\/p>\n<\/div>\n<\/div>\n<div class=\"col 2-col\">\n<div class=\"article-main-media-image__container\">\n<div class=\"image-wrapper\">\n<figure><\/figure>\n<\/div>\n<\/div>\n<\/div>\n<\/div>\n<div class=\"section-2-col article-main-content\">\n<div class=\"col 1-col cxense-articles\"><\/div>\n<div class=\"col 2-col\">\n<div class=\"article-main-content article-text  \">\n<p>Racing o V\u00e9lez. Este martes estar\u00e1 el nombre del primer semifinalista argentino en la Copa Libertadores y puede ser cualquiera. M\u00e1s all\u00e1 de que la semana pasada la Academia se trajo el triunfo de Liniers, todo puede suceder cuando la pelota entre a rodar\u00a0desde las 19\u00a0con el arbitraje del uruguayo\u00a0Esteban Ostojich\u00a0y la televisaci\u00f3n de\u00a0Fox Sports\u00a0y\u00a0Disney Plus. La condici\u00f3n de local puede favorecer a Racing, pero el 1 a 0 de la ida parece poco como para andar haciendo pron\u00f3sticos definitivos.<\/p>\n<p>Si Racing gana o empata, obviamente pasar\u00e1\u00a0a ser uno de los cuatro mejores de esta edici\u00f3n de la Copa Libertadores. Desde la edici\u00f3n de 1997 que no llega hasta all\u00ed.\u00a0Si V\u00e9lez vence por un gol de diferencia, habr\u00e1 tiros desde el punto penal. Si lo hace por dos o m\u00e1s, el equipo de los mellizos Barros Schelotto ser\u00e1 el que avance\u00a0para ir en semifinales contra el ganador del cruce que el jueves resolver\u00e1n en La Plata Estudiantes y Flamengo.<\/p>\n<div id=\"talkFireEvent\"><picture><img decoding=\"async\" class=\" image\" src=\"https:\/\/images.pagina12.com.ar\/styles\/focal_3_2_470x313\/public\/2025-09\/974171-31a-alejandro-20leiva.JPG?h=dbfb23f9&amp;itok=iKoQ6fWe\" alt=\"Santiago Solari, clave en el gol de Racing en Liniers. Est\u00e1 en duda por lesi\u00f3n.\" \/><\/picture>Santiago Solari, clave en el gol de Racing en Liniers. Est\u00e1 en duda por lesi\u00f3n.. Imagen: Alejandro Leiva<\/div>\n<div class=\"slot-available\"><\/div>\n<div class=\"medium-insert-embeds medium-insert-custom-html\"><\/div>\n<p>Dos horas m\u00e1s tarde,\u00a0Lan\u00fas\u00a0tambi\u00e9n buscar\u00e1 que haya un plaza argentina pero en las semis de la\u00a0Copa Sudamericana. Desde las 21.30 en el estadio Maracan\u00e1 de R\u00edo de Janeiro,\u00a0con el arbitraje del venezolano\u00a0Jes\u00fas Valenzuela,\u00a0la transmisi\u00f3n de\u00a0ESPN\u00a0y la ventaja del\u00a0<a href=\"https:\/\/www.pagina12.com.ar\/858453-lanus-pudo-hacer-la-diferencia-en-el-final-frente-a-fluminen\">1 a 0 que logr\u00f3 la semana pasada como local<\/a>, enfrentar\u00e1 a un\u00a0Fluminense\u00a0que no viene bien en el campeonato brasile\u00f1o. Pero que tratar\u00e1 de salvarse en la Sudamericana.\u00a0El conjunto granate avanzar\u00e1 con el empate.\u00a0Los cariocas, m\u00ednimamente necesitan ganar por un gol\u00a0para aspirar a la definici\u00f3n desde los once metros.\u00a0Si lo hicieran por dos, ser\u00e1n ellos los que pasen\u00a0para cruzarse en semifinales con el que surja de Alianza Lima y Universidad de Chile.<\/p>\n<div class=\"slot-available\"><\/div>\n<div class=\"medium-insert-embeds medium-insert-custom-html\"><\/div>\n<p><span style=\"color: #000000;\">Gustavo Costas todav\u00eda no tiene resuelta la formaci\u00f3n de Racing. Mat\u00edas Zaracho\u00a0pelea por un lugar y\u00a0Santiago Solari\u00a0ser\u00e1 aguardado hasta \u00faltimo momento. En caso de que Zaracho no sea titular y Martirena no termine de convencer al t\u00e9cnico y juegue Facundo Mura, el colombiano\u00a0Duv\u00e1n Vergara,\u00a0autor del tanto de la victoria del viernes ante Hurac\u00e1n,\u00a0podr\u00eda ser el tercer delantero\u00a0si es que Costas se decide por jugar con tres delanteros y no con cuatro mediocampistas. Con menos posibilidades corren\u00a0Tom\u00e1s Conechny\u00a0y\u00a0Adri\u00e1n Balboa.\u00a0<\/span><\/p>\n<div class=\"slot-available\"><\/div>\n<p><span style=\"color: #000000;\">Un dato a tener en cuenta es que\u00a0el goleador Adri\u00e1n \u00abMaravilla\u00bb Mart\u00ednez, Agust\u00edn Almendra y Gast\u00f3n Martirena acumulan dos tarjetas amarillas. Si sumaran una m\u00e1s, se quedar\u00edan afuera de la ida de las semifinales.\u00a0Por su estilo de juego f\u00edsico, yendo al roce constante con los defensores rivales,\u00a0el m\u00e1s expuesto ser\u00e1 \u00abMaravilla\u00bb\u00a0cuya participaci\u00f3n en Liniers\u00a0<a style=\"color: #000000;\" href=\"https:\/\/www.pagina12.com.ar\/858430-copa-libertadores-racing-gano-por-obra-y-gracia-y-lucha-de-m\">fue vital para la victoria: forz\u00f3 la expulsi\u00f3n del zaguero de V\u00e9lez Lisandro Magall\u00e1n y marc\u00f3 en el segundo tiempo el gol del triunfo racinguista<\/a>.<\/span><\/p>\n<p><span style=\"color: #000000;\">En V\u00e9lez,\u00a0Aar\u00f3n Quir\u00f3s tomar\u00e1 el lugar de Magall\u00e1n\u00a0y\u00a0Braian Romero\u00a0se entren\u00f3 a la par de sus compa\u00f1eros, por lo que\u00a0podr\u00eda ser titular en lugar del uruguayo Michael Santos si as\u00ed lo definieran los mellizos Barros Schelotto. Lo m\u00e1s probable es que arranque en el banco y en funci\u00f3n de c\u00f3mo se vaya dando el partido, tenga algunos minutos en el segundo tiempo.\u00a0Despu\u00e9s, el Fort\u00edn ir\u00eda con los mismos hombres que sufrieron la derrota en la ida.\u00a0Entre ellos estar\u00e1\u00a0Maher Carrizo,\u00a0quien luego de este partido se integrar\u00e1 al Seleccionado Argentino Sub 20 que jugar\u00e1 desde el pr\u00f3ximo domingo el Mundial de la categor\u00eda en Chile<\/span><\/p>\n<\/div>\n<\/div>\n<\/div>\n","protected":false},"excerpt":{"rendered":"<p>22-09-2025 La Academia gan\u00f3 la ida en Liniers y llega con ventaja a la definici\u00f3n de los cuartos de final. M\u00e1s tarde, en el Maracan\u00e1, Lan\u00fas va por el golpe ante Fluminense por la Sudamericana. &nbsp; Racing o V\u00e9lez. Este martes estar\u00e1 el nombre del primer semifinalista argentino en la Copa Libertadores y puede ser &hellip;<\/p>\n","protected":false},"author":2,"featured_media":25814,"comment_status":"open","ping_status":"open","sticky":false,"template":"","format":"standard","meta":{"footnotes":""},"categories":[6],"tags":[],"class_list":["post-25813","post","type-post","status-publish","format-standard","has-post-thumbnail","hentry","category-internacionales"],"_links":{"self":[{"href":"https:\/\/www.sportchaco.com.ar\/index.php?rest_route=\/wp\/v2\/posts\/25813","targetHints":{"allow":["GET"]}}],"collection":[{"href":"https:\/\/www.sportchaco.com.ar\/index.php?rest_route=\/wp\/v2\/posts"}],"about":[{"href":"https:\/\/www.sportchaco.com.ar\/index.php?rest_route=\/wp\/v2\/types\/post"}],"author":[{"embeddable":true,"href":"https:\/\/www.sportchaco.com.ar\/index.php?rest_route=\/wp\/v2\/users\/2"}],"replies":[{"embeddable":true,"href":"https:\/\/www.sportchaco.com.ar\/index.php?rest_route=%2Fwp%2Fv2%2Fcomments&post=25813"}],"version-history":[{"count":1,"href":"https:\/\/www.sportchaco.com.ar\/index.php?rest_route=\/wp\/v2\/posts\/25813\/revisions"}],"predecessor-version":[{"id":25815,"href":"https:\/\/www.sportchaco.com.ar\/index.php?rest_route=\/wp\/v2\/posts\/25813\/revisions\/25815"}],"wp:featuredmedia":[{"embeddable":true,"href":"https:\/\/www.sportchaco.com.ar\/index.php?rest_route=\/wp\/v2\/media\/25814"}],"wp:attachment":[{"href":"https:\/\/www.sportchaco.com.ar\/index.php?rest_route=%2Fwp%2Fv2%2Fmedia&parent=25813"}],"wp:term":[{"taxonomy":"category","embeddable":true,"href":"https:\/\/www.sportchaco.com.ar\/index.php?rest_route=%2Fwp%2Fv2%2Fcategories&post=25813"},{"taxonomy":"post_tag","embeddable":true,"href":"https:\/\/www.sportchaco.com.ar\/index.php?rest_route=%2Fwp%2Fv2%2Ftags&post=25813"}],"curies":[{"name":"wp","href":"https:\/\/api.w.org\/{rel}","templated":true}]}}