{"id":25859,"date":"2025-09-23T23:31:50","date_gmt":"2025-09-24T02:31:50","guid":{"rendered":"https:\/\/www.sportchaco.com.ar\/?p=25859"},"modified":"2025-09-23T23:59:13","modified_gmt":"2025-09-24T02:59:13","slug":"finalizaron-las-23-fechas-del-ascenso-liguista","status":"publish","type":"post","link":"https:\/\/www.sportchaco.com.ar\/?p=25859","title":{"rendered":"Finalizaron las 23 fechas del ascenso liguista"},"content":{"rendered":"<p><strong>23-09-2025<\/strong><\/p>\n<p><img loading=\"lazy\" decoding=\"async\" class=\"aligncenter wp-image-20490 size-full\" src=\"https:\/\/www.sportchaco.com.ar\/wp-content\/uploads\/2025\/06\/728x90-1.gif\" alt=\"\" width=\"1518\" height=\"189\" \/><\/p>\n<p>Este martes se completaron los cinco partidos pendientes de la 23\u00aa y \u00faltima fecha del torneo Oficial de la Primera B de la Liga Chaque\u00f1a de F\u00fatbol.<\/p>\n<p>Deportivo Esperanza derrot\u00f3 a V\u00e9lez; San Fernando le gan\u00f3 a Confraternidad; Deportivo Sameep triunf\u00f3 ante Camioneros; Deportivo G\u00fciraldes igual\u00f3 con Deportivo Zona Sur y DEF se meti\u00f3 en la siguiente fase tras vencer a Chaco Hebr\u00f3n.<\/p>\n<p>De esta manera quedaron confirmados los cruces del Reducido que otorgar\u00e1n a dos equipos la posibilidad de jugar dos Promociones ante los equipos de la \u00abA\u00bb. El mismo comenzar\u00e1 inmediatamente el fin de semana.<\/p>\n<p>La final por el t\u00edtulo de campe\u00f3n del ascenso, m\u00e1s el ascenso directo, se jugar\u00e1 este mi\u00e9rcoles en el \u00abJuan Alberto Garc\u00eda\u00bb de For Ever entre Empleados de Comercio y Los L\u00edricos. El ganador incursionar\u00e1 en la \u00abA\u00bb liguista por primera vez en su historia. Mientras que el equipo que pierda el encuentro tendr\u00e1 asegurada una Promoci\u00f3n para buscar el ascenso a la Primera Divisi\u00f3n.<\/p>\n<p><b><strong>TORNEO OFICIAL \u00abADRI\u00c1N DAR\u00cdO PARRA\u00bb<br \/>\n<\/strong><\/b><strong>TODA LA 23\u00aa FECHA<br \/>\nMi\u00e9rcoles 17-09<\/strong><br \/>\nUPCP 1 \u2013 FC Barber\u00e1n 0, en Regional<\/p>\n<p><strong>Jueves 18-09<\/strong><br \/>\nUni\u00f3n del Sur 0 \u2013 Parque Patricios 0, en Regional<br \/>\nCanallas del Sur 2 \u2013 Empleados de Comercio 4<br \/>\nLos L\u00edricos 5 \u2013 Dogos 0, en Indep. Tirol<\/p>\n<p><strong>Martes 23-09<\/strong><br \/>\nCamioneros 1 \u2013 Dep. Sameep 2<br \/>\nDep. Esperanza 1 \u2013 V\u00e9lez 0, en Bancarios<br \/>\nDep. G\u00fciraldes 3 \u2013 Dep. Zona Sur 3, en Regional<br \/>\nConfraternidad 2 \u2013 San Fernando 4, en Defensores<br \/>\nChaco Hebr\u00f3n 1 \u2013 DEF 3<\/p>\n<p>Bariloche FC \u2013 Municipales\u00a0<em>(suspendido)<br \/>\n*Bariloche FC se dio de baja de la Liga Chaque\u00f1a\u00a0<\/em><\/p>\n<p>Dep. Barber\u00e1n \u2013 Centauro FC\u00a0<em>(suspendido)<br \/>\n*Dep. Barber\u00e1n lo dieron de baja de la Liga Chaque\u00f1a\u00a0<\/em><\/p>\n<p><strong>Libre:\u00a0<\/strong>Banfield<\/p>\n<p><strong>FINAL<\/strong><br \/>\n<strong>Mi\u00e9rcoles 24-09<\/strong><br \/>\nA las 20:30, Empleados de Comercio &#8211; Los L\u00edricos, en For Ever<\/p>\n<p><strong>REDUCIDO<\/strong><br \/>\n<strong>S\u00e1bado 27-09<\/strong><br \/>\nA las 16, Parque Patricios (3\u00b0) &#8211; DEF (18\u00b0), en Regional<br \/>\nA las 16, Dep. Sameep (9\u00b0) &#8211; Municipales (12\u00b0), en V\u00e9lez<br \/>\nA las 16, UPCP (5\u00b0) &#8211; Canallas del Sur (16\u00b0), en Chaco Hebr\u00f3n<\/p>\n<p><strong>Domingo 28-09<\/strong><br \/>\nA las 10, Banfield (8\u00b0) &#8211; Uni\u00f3n del Sur (13\u00b0), en Bancarios<br \/>\nA las 10, Barber\u00e1n FC (10\u00b0) &#8211; Dep. Zona Sur (11\u00b0), en V\u00e9lez<br \/>\nA las 16, Dep. G\u00fciraldes (6\u00b0) &#8211; V\u00e9lez (15\u00b0), en Bancarios<br \/>\nA las 16, San Fernando (7\u00b0) &#8211; Dogos (14\u00b0), en Chaco Hebr\u00f3n<br \/>\nA las 16, Dep. Esperanza (4\u00b0) &#8211; Camioneros (17\u00b0), en V\u00e9lez<\/p>\n<p><strong>POSICIONES<\/strong><br \/>\nEmpleados de Comercio 52<br \/>\nLos L\u00edricos 52<br \/>\nParque Patricios 51<br \/>\nDep. Esperanza 46<br \/>\nUPCP 41<br \/>\nDep. G\u00fciraldes 41<br \/>\nSan Fernando 40<br \/>\nBanfield 33<br \/>\nFC Barber\u00e1n 32<br \/>\nDep. Sameep 32<br \/>\nMunicipales 29<br \/>\nDep. Zona Sur 29<br \/>\nUni\u00f3n del Sur 27<br \/>\nDogos 27<br \/>\nV\u00e9lez 26<br \/>\nCanallas del Sur 25<br \/>\nCamioneros 24<br \/>\nDEF 23<br \/>\nConfraternidad 19<br \/>\nChaco Hebr\u00f3n 18<br \/>\nDep. Barber\u00e1n 14<em>*<\/em><br \/>\nCentauro FC 13<br \/>\nBariloche FC 6<em>*<\/em><em><br \/>\n*Se dieron de baja del torneo<br \/>\n*Todos los equipos que enfrenten a Dep. Barber\u00e1n y Bariloche FC se adjudicar\u00e1n los tres puntos<\/em><\/p>\n<p><em><strong>Foto: Gentileza Jorge Zacar\u00edas\u00a0<\/strong><\/em><\/p>\n<p><em><img loading=\"lazy\" decoding=\"async\" class=\"aligncenter wp-image-20488 size-full\" src=\"https:\/\/www.sportchaco.com.ar\/wp-content\/uploads\/2025\/06\/BANNER-WEB-CHACO-JUEGA_300x250.gif\" alt=\"\" width=\"626\" height=\"522\" \/><\/em><\/p>\n","protected":false},"excerpt":{"rendered":"<p>23-09-2025 Este martes se completaron los cinco partidos pendientes de la 23\u00aa y \u00faltima fecha del torneo Oficial de la Primera B de la Liga Chaque\u00f1a de F\u00fatbol. Deportivo Esperanza derrot\u00f3 a V\u00e9lez; San Fernando le gan\u00f3 a Confraternidad; Deportivo Sameep triunf\u00f3 ante Camioneros; Deportivo G\u00fciraldes igual\u00f3 con Deportivo Zona Sur y DEF se meti\u00f3 &hellip;<\/p>\n","protected":false},"author":3,"featured_media":25896,"comment_status":"open","ping_status":"open","sticky":false,"template":"","format":"standard","meta":{"footnotes":""},"categories":[5],"tags":[],"class_list":["post-25859","post","type-post","status-publish","format-standard","has-post-thumbnail","hentry","category-futbol"],"_links":{"self":[{"href":"https:\/\/www.sportchaco.com.ar\/index.php?rest_route=\/wp\/v2\/posts\/25859","targetHints":{"allow":["GET"]}}],"collection":[{"href":"https:\/\/www.sportchaco.com.ar\/index.php?rest_route=\/wp\/v2\/posts"}],"about":[{"href":"https:\/\/www.sportchaco.com.ar\/index.php?rest_route=\/wp\/v2\/types\/post"}],"author":[{"embeddable":true,"href":"https:\/\/www.sportchaco.com.ar\/index.php?rest_route=\/wp\/v2\/users\/3"}],"replies":[{"embeddable":true,"href":"https:\/\/www.sportchaco.com.ar\/index.php?rest_route=%2Fwp%2Fv2%2Fcomments&post=25859"}],"version-history":[{"count":8,"href":"https:\/\/www.sportchaco.com.ar\/index.php?rest_route=\/wp\/v2\/posts\/25859\/revisions"}],"predecessor-version":[{"id":25901,"href":"https:\/\/www.sportchaco.com.ar\/index.php?rest_route=\/wp\/v2\/posts\/25859\/revisions\/25901"}],"wp:featuredmedia":[{"embeddable":true,"href":"https:\/\/www.sportchaco.com.ar\/index.php?rest_route=\/wp\/v2\/media\/25896"}],"wp:attachment":[{"href":"https:\/\/www.sportchaco.com.ar\/index.php?rest_route=%2Fwp%2Fv2%2Fmedia&parent=25859"}],"wp:term":[{"taxonomy":"category","embeddable":true,"href":"https:\/\/www.sportchaco.com.ar\/index.php?rest_route=%2Fwp%2Fv2%2Fcategories&post=25859"},{"taxonomy":"post_tag","embeddable":true,"href":"https:\/\/www.sportchaco.com.ar\/index.php?rest_route=%2Fwp%2Fv2%2Ftags&post=25859"}],"curies":[{"name":"wp","href":"https:\/\/api.w.org\/{rel}","templated":true}]}}