{"id":25862,"date":"2025-09-23T18:38:35","date_gmt":"2025-09-23T21:38:35","guid":{"rendered":"https:\/\/www.sportchaco.com.ar\/?p=25862"},"modified":"2025-09-23T18:38:35","modified_gmt":"2025-09-23T21:38:35","slug":"antonio-antonio-maciel-pionero-del-cef-no-4-de-campo-largo-maciel-pionero-del-cef-n-4","status":"publish","type":"post","link":"https:\/\/www.sportchaco.com.ar\/?p=25862","title":{"rendered":"Antonio Antonio Maciel, pionero del CEF N\u00ba 4 de Campo Largo Maciel pionero del CEF N\u00b0 4"},"content":{"rendered":"<h2 data-start=\"250\" data-end=\"306\"><\/h2>\n<p data-start=\"308\" data-end=\"495\">La historia de las instituciones se escribe, muchas veces, con la labor silenciosa de sus pioneros. No siempre fueron figuras visibles, pero su entrega cotidiana dej\u00f3 huellas profundas.<\/p>\n<p data-start=\"497\" data-end=\"918\">Uno de ellos fue <strong data-start=\"514\" data-end=\"532\">Antonio Maciel<\/strong>, quien acompa\u00f1\u00f3 y secund\u00f3 a los primeros directores del <strong data-start=\"589\" data-end=\"639\">Centro de Educaci\u00f3n F\u00edsica N\u00ba 4 de Campo Largo<\/strong>. Con compromiso y sencillez, fue parte del nacimiento y consolidaci\u00f3n de una instituci\u00f3n que, con el paso de los a\u00f1os, se convirti\u00f3 en un <strong data-start=\"778\" data-end=\"808\">baluarte para la comunidad<\/strong>: un espacio de contenci\u00f3n, deporte y valores, frente a los flagelos de la inercia juvenil y las adicciones.<\/p>\n<p data-start=\"920\" data-end=\"1225\">Desde este peque\u00f1o pero respetado \u201cBa\u00fal de los Recuerdos\u201d, vaya un <strong data-start=\"987\" data-end=\"1029\">homenaje y agradecimiento a su familia<\/strong> por aquel legado forjado en silencio y con esfuerzo. El querido <strong data-start=\"1094\" data-end=\"1112\">Antonio Maciel<\/strong> descansa en paz, pero su ejemplo sigue vivo en cada joven que encuentra en el deporte un camino de superaci\u00f3n.<\/p>\n<p data-start=\"1227\" data-end=\"1276\">Su legado, sin dudas, ser\u00e1 cuidado y recordado.<strong> Fuente Ricardo Salto<\/strong><\/p>\n","protected":false},"excerpt":{"rendered":"<p>La historia de las instituciones se escribe, muchas veces, con la labor silenciosa de sus pioneros. No siempre fueron figuras visibles, pero su entrega cotidiana dej\u00f3 huellas profundas. Uno de ellos fue Antonio Maciel, quien acompa\u00f1\u00f3 y secund\u00f3 a los primeros directores del Centro de Educaci\u00f3n F\u00edsica N\u00ba 4 de Campo Largo. Con compromiso y &hellip;<\/p>\n","protected":false},"author":2,"featured_media":25863,"comment_status":"open","ping_status":"open","sticky":false,"template":"","format":"standard","meta":{"footnotes":""},"categories":[44],"tags":[],"class_list":["post-25862","post","type-post","status-publish","format-standard","has-post-thumbnail","hentry","category-varios"],"_links":{"self":[{"href":"https:\/\/www.sportchaco.com.ar\/index.php?rest_route=\/wp\/v2\/posts\/25862","targetHints":{"allow":["GET"]}}],"collection":[{"href":"https:\/\/www.sportchaco.com.ar\/index.php?rest_route=\/wp\/v2\/posts"}],"about":[{"href":"https:\/\/www.sportchaco.com.ar\/index.php?rest_route=\/wp\/v2\/types\/post"}],"author":[{"embeddable":true,"href":"https:\/\/www.sportchaco.com.ar\/index.php?rest_route=\/wp\/v2\/users\/2"}],"replies":[{"embeddable":true,"href":"https:\/\/www.sportchaco.com.ar\/index.php?rest_route=%2Fwp%2Fv2%2Fcomments&post=25862"}],"version-history":[{"count":1,"href":"https:\/\/www.sportchaco.com.ar\/index.php?rest_route=\/wp\/v2\/posts\/25862\/revisions"}],"predecessor-version":[{"id":25864,"href":"https:\/\/www.sportchaco.com.ar\/index.php?rest_route=\/wp\/v2\/posts\/25862\/revisions\/25864"}],"wp:featuredmedia":[{"embeddable":true,"href":"https:\/\/www.sportchaco.com.ar\/index.php?rest_route=\/wp\/v2\/media\/25863"}],"wp:attachment":[{"href":"https:\/\/www.sportchaco.com.ar\/index.php?rest_route=%2Fwp%2Fv2%2Fmedia&parent=25862"}],"wp:term":[{"taxonomy":"category","embeddable":true,"href":"https:\/\/www.sportchaco.com.ar\/index.php?rest_route=%2Fwp%2Fv2%2Fcategories&post=25862"},{"taxonomy":"post_tag","embeddable":true,"href":"https:\/\/www.sportchaco.com.ar\/index.php?rest_route=%2Fwp%2Fv2%2Ftags&post=25862"}],"curies":[{"name":"wp","href":"https:\/\/api.w.org\/{rel}","templated":true}]}}