{"id":25868,"date":"2025-09-23T18:51:06","date_gmt":"2025-09-23T21:51:06","guid":{"rendered":"https:\/\/www.sportchaco.com.ar\/?p=25868"},"modified":"2025-09-23T19:13:13","modified_gmt":"2025-09-23T22:13:13","slug":"este-martes-dia-del-deporte-en-el-jaime-zapata","status":"publish","type":"post","link":"https:\/\/www.sportchaco.com.ar\/?p=25868","title":{"rendered":"Este mi\u00e9rcoles, d\u00eda del deporte chaque\u00f1o"},"content":{"rendered":"<p><strong>23-09-2025<\/strong><\/p>\n<p><img loading=\"lazy\" decoding=\"async\" class=\"aligncenter size-large wp-image-20253\" src=\"https:\/\/www.sportchaco.com.ar\/wp-content\/uploads\/2025\/06\/Campo-720x90-13-1024x128.gif\" alt=\"\" width=\"1024\" height=\"128\" srcset=\"https:\/\/www.sportchaco.com.ar\/wp-content\/uploads\/2025\/06\/Campo-720x90-13-1024x128.gif 1024w, https:\/\/www.sportchaco.com.ar\/wp-content\/uploads\/2025\/06\/Campo-720x90-13-300x38.gif 300w, https:\/\/www.sportchaco.com.ar\/wp-content\/uploads\/2025\/06\/Campo-720x90-13-768x96.gif 768w\" sizes=\"auto, (max-width: 1024px) 100vw, 1024px\" \/><\/p>\n<p>l anuncio lo realizaron el residente y vicepresidente de la entidad deportiva, profesores Fabio Vazquez y Prof. Gabriel Pellegrini, donde dieron a conocer las actividades que se llevar\u00e1n a cabo ma\u00f1ana mi\u00e9rcoles en las instalaciones de la entidad deportiva.<\/p>\n<p>A iniciativa de los integrantes de la UPDCH de crear un \u201cD\u00eda del Deporte Chaque\u00f1o\u201d.<\/p>\n<p>Teniendo en cuenta que el Chaco no pose\u00eda un s\u00edmbolo que contenga la idiosincrasia y raigambre de los deportistas de esta tierra; entonces, se ide\u00f3 una fecha conmemorativa bas\u00e1ndose en el inicio de actividades de la instituci\u00f3n decana.<\/p>\n<p>Por ende a trav\u00e9s de la Comisi\u00f3n de Deportes de la C\u00e1mara de Diputados se elev\u00f3 la normativa para que sea analizada y fundamentando que el d\u00eda 24 de septiembre, fecha fundacional de Sarmiento, sea considerado como \u201cD\u00eda del Deporte Chaque\u00f1o\u201d.<\/p>\n<p>As\u00ed fue que en el 2001, fue sancionada la Ley N\u00ba 1.238, promulgada el 27 de diciembre de ese a\u00f1o y publicada el 8 de marzo de 2002, cuando tambi\u00e9n elev\u00f3 y puso a consideraci\u00f3n de la C\u00e1mara de Diputados la creaci\u00f3n de la Bandera Deportiva Chaque\u00f1a, \u00fanica a nivel mundial y que tuvo fuerza de Ley N\u00b0 5.074.<\/p>\n<p>Dicha instituci\u00f3n decana, fundada en 1910 cumplir\u00e1 ma\u00f1ana 115 a\u00f1os de vida. Su primer nombre fue \u201cCentro Sarmiento Cultural y Deportivo\u201d, ubicado en aquel entonces en la intersecci\u00f3n de las calles L\u00f3pez y Planes y C\u00f3rdoba.<\/p>\n<p>La entidad estuvo conformada por los alumnos y profesores de la Escuela Normal Mixta Sarmiento. El doctor Justo Far\u00edas, director de dicho establecimiento, fue su primer presidente y poco tiempo despu\u00e9s lo sucedi\u00f3 el profesor Alejandro Portela.<\/p>\n<p>Su primera cancha de f\u00fatbol estuvo situada en el predio que hoy ocupa la plaza 12 de octubre. A\u00f1os m\u00e1s tarde, se mud\u00f3 al solar que ocupa actualmente la escuela y desde all\u00ed, tambi\u00e9n emigr\u00f3 para recalcar finalmente en Villa Alta.<\/p>\n<p><img loading=\"lazy\" decoding=\"async\" class=\"aligncenter size-full wp-image-19784\" src=\"https:\/\/www.sportchaco.com.ar\/wp-content\/uploads\/2025\/05\/250x250-2.gif\" alt=\"\" width=\"522\" height=\"521\" \/><\/p>\n","protected":false},"excerpt":{"rendered":"<p>23-09-2025 l anuncio lo realizaron el residente y vicepresidente de la entidad deportiva, profesores Fabio Vazquez y Prof. Gabriel Pellegrini, donde dieron a conocer las actividades que se llevar\u00e1n a cabo ma\u00f1ana mi\u00e9rcoles en las instalaciones de la entidad deportiva. A iniciativa de los integrantes de la UPDCH de crear un \u201cD\u00eda del Deporte Chaque\u00f1o\u201d. &hellip;<\/p>\n","protected":false},"author":2,"featured_media":25869,"comment_status":"open","ping_status":"open","sticky":false,"template":"","format":"standard","meta":{"footnotes":""},"categories":[44],"tags":[],"class_list":["post-25868","post","type-post","status-publish","format-standard","has-post-thumbnail","hentry","category-varios"],"_links":{"self":[{"href":"https:\/\/www.sportchaco.com.ar\/index.php?rest_route=\/wp\/v2\/posts\/25868","targetHints":{"allow":["GET"]}}],"collection":[{"href":"https:\/\/www.sportchaco.com.ar\/index.php?rest_route=\/wp\/v2\/posts"}],"about":[{"href":"https:\/\/www.sportchaco.com.ar\/index.php?rest_route=\/wp\/v2\/types\/post"}],"author":[{"embeddable":true,"href":"https:\/\/www.sportchaco.com.ar\/index.php?rest_route=\/wp\/v2\/users\/2"}],"replies":[{"embeddable":true,"href":"https:\/\/www.sportchaco.com.ar\/index.php?rest_route=%2Fwp%2Fv2%2Fcomments&post=25868"}],"version-history":[{"count":5,"href":"https:\/\/www.sportchaco.com.ar\/index.php?rest_route=\/wp\/v2\/posts\/25868\/revisions"}],"predecessor-version":[{"id":25878,"href":"https:\/\/www.sportchaco.com.ar\/index.php?rest_route=\/wp\/v2\/posts\/25868\/revisions\/25878"}],"wp:featuredmedia":[{"embeddable":true,"href":"https:\/\/www.sportchaco.com.ar\/index.php?rest_route=\/wp\/v2\/media\/25869"}],"wp:attachment":[{"href":"https:\/\/www.sportchaco.com.ar\/index.php?rest_route=%2Fwp%2Fv2%2Fmedia&parent=25868"}],"wp:term":[{"taxonomy":"category","embeddable":true,"href":"https:\/\/www.sportchaco.com.ar\/index.php?rest_route=%2Fwp%2Fv2%2Fcategories&post=25868"},{"taxonomy":"post_tag","embeddable":true,"href":"https:\/\/www.sportchaco.com.ar\/index.php?rest_route=%2Fwp%2Fv2%2Ftags&post=25868"}],"curies":[{"name":"wp","href":"https:\/\/api.w.org\/{rel}","templated":true}]}}