{"id":25879,"date":"2025-09-23T19:34:51","date_gmt":"2025-09-23T22:34:51","guid":{"rendered":"https:\/\/www.sportchaco.com.ar\/?p=25879"},"modified":"2025-09-23T19:34:51","modified_gmt":"2025-09-23T22:34:51","slug":"itati-gano-y-se-sumo-a-la-punta","status":"publish","type":"post","link":"https:\/\/www.sportchaco.com.ar\/?p=25879","title":{"rendered":"Itat\u00ed gan\u00f3 y se sum\u00f3 a la punta"},"content":{"rendered":"<p><strong>23-09-2025<\/strong><\/p>\n<p><img loading=\"lazy\" decoding=\"async\" class=\"aligncenter size-large wp-image-19472\" src=\"https:\/\/www.sportchaco.com.ar\/wp-content\/uploads\/2025\/05\/Red-de-empeleos-1200x200-1-1024x171.gif\" sizes=\"auto, (max-width: 1024px) 100vw, 1024px\" srcset=\"https:\/\/www.sportchaco.com.ar\/wp-content\/uploads\/2025\/05\/Red-de-empeleos-1200x200-1-1024x171.gif 1024w, https:\/\/www.sportchaco.com.ar\/wp-content\/uploads\/2025\/05\/Red-de-empeleos-1200x200-1-300x50.gif 300w, https:\/\/www.sportchaco.com.ar\/wp-content\/uploads\/2025\/05\/Red-de-empeleos-1200x200-1-768x128.gif 768w, https:\/\/www.sportchaco.com.ar\/wp-content\/uploads\/2025\/05\/Red-de-empeleos-1200x200-1-1536x256.gif 1536w, https:\/\/www.sportchaco.com.ar\/wp-content\/uploads\/2025\/05\/Red-de-empeleos-1200x200-1-2048x341.gif 2048w\" alt=\"\" width=\"1024\" height=\"171\" \/><\/p>\n<p>Este martes por la tarde se complet\u00f3 la 2\u00aa fecha del torneo Clausura de la Liga Chaque\u00f1a con el encuentro que disputaron Deportivo Itat\u00ed y Regional en cancha de Estudiantes.<\/p>\n<p>El \u00abdepor\u00bb le gan\u00f3 a Regional 2 a 1 y de esta manera, con puntaje ideal, es uno de los l\u00edderes de la zona \u00abB\u00bb junto a Defensores de Vilelas y Don Orione.<\/p>\n<p>La tercera jornada del campeonato iniciar\u00e1 este viernes y se extender\u00e1 hasta el d\u00eda domingo.<\/p>\n<p><strong>ZONA \u00abA\u00bb<br \/>\nTODA LA 2\u00aa FECHA<\/strong><br \/>\n<strong>S\u00e1bado 20-09<\/strong><br \/>\nDep. Luj\u00e1n 0 \u2013 Estudiantes 0<br \/>\nRcia. Central 1 \u2013 San Mart\u00edn (MB) 0<br \/>\nMunicipal (MB) 5 \u2013 Sarmiento 2<br \/>\nBancarios 1 \u2013 Policiales 1<\/p>\n<p><strong>Domingo 21-09<\/strong><br \/>\nCentral Ben\u00edtez 1 \u2013 Juventud 4<\/p>\n<p><strong>Libre:<\/strong>\u00a0Indep. Tirol<\/p>\n<p><strong>ZONA \u00abB\u00bb<\/strong><br \/>\n<strong>TODA LA 2\u00aa FECHA<\/strong><br \/>\n<strong>Viernes 19-09<\/strong><br \/>\nFor Ever 2 \u2013 El Nacional 1, en C. E. de Comercio<br \/>\nCentral Norte 1 \u2013 Defensores 3<\/p>\n<p><strong>S\u00e1bado 20-09<\/strong><br \/>\nDon Orione 2 \u2013 Tiro FC 0<br \/>\nFontana 3 \u2013 Villa Alvear 1<\/p>\n<p><strong>Martes 23-09<\/strong><br \/>\nDep. Itat\u00ed 2 \u2013 Regional 1<\/p>\n<p><strong>Libre:<\/strong>\u00a0CUNE<\/p>\n<p><strong>Pr\u00f3xima fecha (3\u00aa)<\/strong><br \/>\n<strong>Zona \u00abA\u00bb<\/strong><br \/>\n<strong>S\u00e1bado 27-09<\/strong><br \/>\nA las 16, San Mart\u00edn (MB) &#8211; Bancarios<br \/>\nA las 16, Juventud &#8211; Sarmiento<br \/>\nA las 16, Indep. Tirol &#8211; Municipal (MB)<br \/>\nA las 16:30, Estudiantes &#8211; Rcia. Central<\/p>\n<p><strong>Domingo 28-09<\/strong><br \/>\nA las 16, Central Ben\u00edtez &#8211; Policiales<\/p>\n<p><strong>Libre:<\/strong> Dep. Luj\u00e1n<\/p>\n<p><strong>Zona \u00abB\u00bb<\/strong><br \/>\n<strong>Viernes 26-09<\/strong><br \/>\nA las 18, Defensores &#8211; CUNE<\/p>\n<p><strong>S\u00e1bado 27-09<\/strong><br \/>\nA las 16, Central Norte &#8211; For Ever<br \/>\nA las 16, Regional &#8211; Don Orione<br \/>\nA las 16, El Nacional &#8211; Tiro FC, en Bancarios<\/p>\n<p><strong>Domingo 28-09<\/strong><br \/>\nA las 16, Villa Alvear &#8211; Dep. Itat\u00ed<\/p>\n<p><strong>Libre:<\/strong> Fontana<\/p>\n<p><strong>POSICIONES<\/strong><br \/>\n<strong>ZONA \u00abA\u00bb<\/strong><br \/>\nRcia. Central 6<br \/>\nDep. Luj\u00e1n 4<br \/>\nJuventud 4<br \/>\nCentral Ben\u00edtez 3<br \/>\nMunicipal (MB) 3<br \/>\nBancarios 2<br \/>\nEstudiantes 1<br \/>\nIndep. Tirol 1<br \/>\nSarmiento 1<br \/>\nPoliciales 1<br \/>\nSan Mart\u00edn (MB) 0<\/p>\n<p><strong>ZONA \u00abB\u00bb<\/strong><br \/>\nDefensores 6<br \/>\nDep. Itat\u00ed 6<br \/>\nDon Orione 6<br \/>\nFontana 4<br \/>\nCentral Norte 3<br \/>\nFor Ever 3<br \/>\nRegional 1<br \/>\nCUNE 0<br \/>\nEl Nacional 0<br \/>\nTiro FC 0<br \/>\nVilla Alvear 0<\/p>\n<p><img loading=\"lazy\" decoding=\"async\" class=\"aligncenter size-large wp-image-17160\" src=\"https:\/\/www.sportchaco.com.ar\/wp-content\/uploads\/2025\/03\/gob-makalle-821x1024.jpg\" sizes=\"auto, (max-width: 821px) 100vw, 821px\" srcset=\"https:\/\/www.sportchaco.com.ar\/wp-content\/uploads\/2025\/03\/gob-makalle-821x1024.jpg 821w, https:\/\/www.sportchaco.com.ar\/wp-content\/uploads\/2025\/03\/gob-makalle-240x300.jpg 240w, https:\/\/www.sportchaco.com.ar\/wp-content\/uploads\/2025\/03\/gob-makalle-768x958.jpg 768w, https:\/\/www.sportchaco.com.ar\/wp-content\/uploads\/2025\/03\/gob-makalle-1231x1536.jpg 1231w, https:\/\/www.sportchaco.com.ar\/wp-content\/uploads\/2025\/03\/gob-makalle.jpg 1440w\" alt=\"\" width=\"821\" height=\"1024\" \/><\/p>\n<div class=\"post-bottom-meta post-bottom-edit\">\n<div class=\"post-bottom-meta-title\"><\/div>\n<\/div>\n","protected":false},"excerpt":{"rendered":"<p>23-09-2025 Este martes por la tarde se complet\u00f3 la 2\u00aa fecha del torneo Clausura de la Liga Chaque\u00f1a con el encuentro que disputaron Deportivo Itat\u00ed y Regional en cancha de Estudiantes. El \u00abdepor\u00bb le gan\u00f3 a Regional 2 a 1 y de esta manera, con puntaje ideal, es uno de los l\u00edderes de la zona &hellip;<\/p>\n","protected":false},"author":3,"featured_media":25882,"comment_status":"open","ping_status":"open","sticky":false,"template":"","format":"standard","meta":{"footnotes":""},"categories":[5],"tags":[],"class_list":["post-25879","post","type-post","status-publish","format-standard","has-post-thumbnail","hentry","category-futbol"],"_links":{"self":[{"href":"https:\/\/www.sportchaco.com.ar\/index.php?rest_route=\/wp\/v2\/posts\/25879","targetHints":{"allow":["GET"]}}],"collection":[{"href":"https:\/\/www.sportchaco.com.ar\/index.php?rest_route=\/wp\/v2\/posts"}],"about":[{"href":"https:\/\/www.sportchaco.com.ar\/index.php?rest_route=\/wp\/v2\/types\/post"}],"author":[{"embeddable":true,"href":"https:\/\/www.sportchaco.com.ar\/index.php?rest_route=\/wp\/v2\/users\/3"}],"replies":[{"embeddable":true,"href":"https:\/\/www.sportchaco.com.ar\/index.php?rest_route=%2Fwp%2Fv2%2Fcomments&post=25879"}],"version-history":[{"count":1,"href":"https:\/\/www.sportchaco.com.ar\/index.php?rest_route=\/wp\/v2\/posts\/25879\/revisions"}],"predecessor-version":[{"id":25883,"href":"https:\/\/www.sportchaco.com.ar\/index.php?rest_route=\/wp\/v2\/posts\/25879\/revisions\/25883"}],"wp:featuredmedia":[{"embeddable":true,"href":"https:\/\/www.sportchaco.com.ar\/index.php?rest_route=\/wp\/v2\/media\/25882"}],"wp:attachment":[{"href":"https:\/\/www.sportchaco.com.ar\/index.php?rest_route=%2Fwp%2Fv2%2Fmedia&parent=25879"}],"wp:term":[{"taxonomy":"category","embeddable":true,"href":"https:\/\/www.sportchaco.com.ar\/index.php?rest_route=%2Fwp%2Fv2%2Fcategories&post=25879"},{"taxonomy":"post_tag","embeddable":true,"href":"https:\/\/www.sportchaco.com.ar\/index.php?rest_route=%2Fwp%2Fv2%2Ftags&post=25879"}],"curies":[{"name":"wp","href":"https:\/\/api.w.org\/{rel}","templated":true}]}}