{"id":25890,"date":"2025-09-23T22:56:37","date_gmt":"2025-09-24T01:56:37","guid":{"rendered":"https:\/\/www.sportchaco.com.ar\/?p=25890"},"modified":"2025-09-23T23:03:46","modified_gmt":"2025-09-24T02:03:46","slug":"racing-es-semifinalista-de-la-libertadores","status":"publish","type":"post","link":"https:\/\/www.sportchaco.com.ar\/?p=25890","title":{"rendered":"Racing es semifinalista de la Libertadores"},"content":{"rendered":"<h4 class=\"article-header\">Racing le gan\u00f3 con claridad a V\u00e9lez en Avellaneda y est\u00e1 en semifinales de la Libertadores. <span style=\"font-size: 16px; font-weight: 400;\">El equipo de Costas super\u00f3 ampliamente al Fort\u00edn y sell\u00f3 la clasificaci\u00f3n con gol de Solari. El VAR le anul\u00f3 un tanto a Machuca. Flamengo o Estudiantes, el pr\u00f3ximo rival. (5:22)<\/span><\/h4>\n<div class=\"article-body\">\n<div class=\"article-meta\"><\/div>\n<div class=\"content-reactions reactions-not-allowed\" data-behavior=\"content_reactions\" data-contentid=\"15713746\" data-nowid=\"18-15713746\" data-contenttitle=\"Racing le gan\u00f3 con claridad a V\u00e9lez en Avellaneda y est\u00e1 en semifinales de la Libertadores\">\n<div class=\"content-reactions_reactions-wrapper\">\n<div class=\"share-button-wrapper\"><\/div>\n<\/div>\n<div class=\"content-reactions_count-wrapper\"><\/div>\n<\/div>\n<p><strong><a href=\"https:\/\/www.espn.com.ar\/futbol\/equipo\/_\/id\/15\/racing-club\" target=\"_blank\" rel=\"noopener\"><span style=\"color: #000000;\">Racing<\/span><\/a><span style=\"color: #000000;\">\u00a0derrot\u00f3 1-0 a<\/span><\/strong><span style=\"color: #000000;\">\u00a0<strong><a style=\"color: #000000;\" href=\"https:\/\/www.espn.com.ar\/futbol\/equipo\/_\/id\/21\/velez-sarsfield\" target=\"_blank\" rel=\"noopener\">V\u00e9lez<\/a><\/strong>\u00a0en el choque de\u00a0<strong>vuelta\u00a0<\/strong>de los\u00a0<strong>cuartos de final<\/strong>\u00a0de la\u00a0<strong><a style=\"color: #000000;\" href=\"https:\/\/www.espn.com.ar\/futbol\/liga\/_\/nombre\/conmebol.libertadores\" target=\"_blank\" rel=\"noopener\">CONMEBOL Libertadores 2025<\/a>, convirti\u00e9ndose en el primer semifinalista<\/strong>.\u00a0<\/span>Fuente: Enzo Troiano. ESPN<\/p>\n<aside class=\"inline inline-photo full\">\n<figure><span style=\"color: #000000;\"><picture><source srcset=\"https:\/\/a2.espncdn.com\/combiner\/i?img=%2Fphoto%2F2025%2F0923%2Fr1550157_1296x729_16%2D9.jpg&amp;w=570&amp;format=jpg, https:\/\/a2.espncdn.com\/combiner\/i?img=%2Fphoto%2F2025%2F0923%2Fr1550157_1296x729_16%2D9.jpg&amp;w=1140&amp;cquality=40&amp;format=jpg 2x\" media=\"(min-width: 376px)\" data-srcset=\"https:\/\/a2.espncdn.com\/combiner\/i?img=%2Fphoto%2F2025%2F0923%2Fr1550157_1296x729_16%2D9.jpg&amp;w=570&amp;format=jpg, https:\/\/a2.espncdn.com\/combiner\/i?img=%2Fphoto%2F2025%2F0923%2Fr1550157_1296x729_16%2D9.jpg&amp;w=1140&amp;cquality=40&amp;format=jpg 2x\" \/><source srcset=\"https:\/\/a2.espncdn.com\/combiner\/i?img=%2Fphoto%2F2025%2F0923%2Fr1550157_1296x729_16%2D9.jpg&amp;w=375, https:\/\/a2.espncdn.com\/combiner\/i?img=%2Fphoto%2F2025%2F0923%2Fr1550157_1296x729_16%2D9.jpg&amp;w=750&amp;cquality=40&amp;format=jpg 2x\" media=\"(max-width: 375px)\" data-srcset=\"https:\/\/a2.espncdn.com\/combiner\/i?img=%2Fphoto%2F2025%2F0923%2Fr1550157_1296x729_16%2D9.jpg&amp;w=375, https:\/\/a2.espncdn.com\/combiner\/i?img=%2Fphoto%2F2025%2F0923%2Fr1550157_1296x729_16%2D9.jpg&amp;w=750&amp;cquality=40&amp;format=jpg 2x\" \/><img class=\" imageLoaded lazyloaded\" width=\"570\" height=\"320\" data-image-container=\".inline-photo\" \/><\/picture><\/span><figcaption class=\"photoCaption\"><span style=\"color: #000000;\">Santiago Solari anot\u00f3 en el encuentro ante V\u00e9lez por la Libertadores.\u00a0<cite>Getty<\/cite><\/span><\/figcaption><\/figure>\n<\/aside>\n<aside class=\"inline float-r inline-track\"><\/aside>\n<aside class=\"inline editorial float-r\" data-behavior=\"article_related\">\n<ul>\n<li><span style=\"color: #000000;\"><a class=\"img-link\" style=\"color: #000000;\" href=\"https:\/\/www.espn.com.ar\/futbol\/copa-libertadores\/nota\/_\/id\/15718465\/cuando-fue-la-ultima-semifinal-de-racing-en-libertadores\" name=\"&amp;lpos=story:editorspicks:inline:1\"><\/a><\/span><br \/>\n<h2><span style=\"color: #000000;\"><a style=\"color: #000000;\" href=\"https:\/\/www.espn.com.ar\/futbol\/copa-libertadores\/nota\/_\/id\/15718465\/cuando-fue-la-ultima-semifinal-de-racing-en-libertadores\" name=\"&amp;lpos=story:editorspicks:inline:1\"><\/a><\/span><\/h2>\n<\/li>\n<\/ul>\n<\/aside>\n<p><span style=\"color: #000000;\">Despu\u00e9s de un recibimiento impactante y a la altura de un encuentro entre estos dos equipos,\u00a0<strong>el juego se pareci\u00f3 mucho a lo que se esperaba. Juego fuerte de ambos lados<\/strong>, el Fort\u00edn intentando presionar a la salida del local, que con la paciencia como aliada encontr\u00f3 algo m\u00e1s de claridad en esta etapa del partido.<\/span><\/p>\n<p><span style=\"color: #000000;\">V\u00e9lez lleg\u00f3 con dos bajas: Jano Gordon, autor de los dos tantos en la final ante Central C\u00f3rdoba, y Braian Romero, su goleador. Sin embargo, los problemas que present\u00f3 en el primer tiempo y que permitieron el dominio de la Academia fueron en el sector sin ausencias: el mediocampo.<\/span><\/p>\n<p><span style=\"color: #000000;\">Agust\u00edn Bouzat y Rodrigo Aliendro llegaban tarde a las segundas pelotas y, cuando pod\u00edan recuperar, no encontraban pases que pongan en situaci\u00f3n de ataque a sus extremos. Del otro lado suced\u00eda lo contrario. Santiago Sosa jug\u00f3 unos minutos iniciales de alto vuelo y se gan\u00f3 los aplausos de los hinchas.<\/span><\/p>\n<p><iframe loading=\"lazy\" title=\"LA ACADEMIA VOLVI\u00d3 A VENCER AL FORT\u00cdN Y ES SEMIFINALISTA TRAS 28 A\u00d1OS | Racing 1-0 V\u00e9lez | RESUMEN\" width=\"500\" height=\"281\" src=\"https:\/\/www.youtube.com\/embed\/zibPB_Cxs6M?feature=oembed\" frameborder=\"0\" allow=\"accelerometer; autoplay; clipboard-write; encrypted-media; gyroscope; picture-in-picture; web-share\" referrerpolicy=\"strict-origin-when-cross-origin\" allowfullscreen><\/iframe><\/p>\n<p><span style=\"color: #000000;\"><strong>Despu\u00e9s de media hora, la visita segu\u00eda sin hacer pie.<\/strong>\u00a0El encuentro se disputaba al ritmo que marcaba el equipo de Gustavo Costas, que tuvo que hacer un cambio tempranero por la lesi\u00f3n de Juan Ignacio Nardoni. Bruno Zuculini ingres\u00f3 en su lugar.<\/span><\/p>\n<p><span style=\"color: #000000;\"><strong>Santiago Solari, que hab\u00eda sido duda hasta \u00faltimo momento, hizo una linda jugada individual, ingres\u00f3 al \u00e1rea desde el v\u00e9rtice izquierdo y sac\u00f3 un remate que oblig\u00f3 a Tom\u00e1s Marchiori a estirarse al m\u00e1ximo para desviar el bal\u00f3n y que este toque el palo.<\/strong>\u00a0Fue la primera buena aparici\u00f3n del arquero de V\u00e9lez, que hab\u00eda mostrado inseguridad durante media hora inicial.<\/span><\/p>\n<p><span style=\"color: #000000;\">En las pocas acciones en las que el mediocampo visitante encontr\u00f3 a\u00a0<strong>Michael Santos, el uruguayo mostr\u00f3 no tener un buen d\u00eda.<\/strong>\u00a0Malos controles, posiciones adelantadas o pases imprecisos del delantero les dieron facilidades a los centrales de Racing.\u00a0<strong>Otro punto alto del equipo de Costas estuvo como anul\u00f3 a Maher Carrizo, que llegaba como la pieza m\u00e1s peligrosa del club de Liniers.<\/strong><\/span><\/p>\n<p><span style=\"color: #000000;\">Maravilla Mart\u00ednez sal\u00eda de posici\u00f3n de \u20189\u2019 y hac\u00eda da\u00f1o. Aguantaba o habilitaba a Santiago Solari y Tom\u00e1s Conechny, que en velocidad siempre le ganaban a Agust\u00edn Lagos y El\u00edas G\u00f3mez.<strong>\u00a0El dominio era l\u00ednea por l\u00ednea.<\/strong><\/span><\/p>\n<p><span style=\"color: #000000;\">Lo mejor que le pasaba a V\u00e9lez hasta ese momento era, aunque parezca una contradicci\u00f3n, perder 1-0 en el resultado global.\u00a0<strong>La diferencia entre ambos equipos fue contundente. El due\u00f1o de casa cont\u00f3 con muchas situaciones claras de gol y tranquilamente podr\u00eda haber liquidado el tr\u00e1mite en esos 45 minutos iniciales.<\/strong><\/span><\/p>\n<p><span style=\"color: #000000;\">Guillermo Barros Schelotto movi\u00f3 el banco para intentar una reacci\u00f3n de sus dirigidos. Sac\u00f3 a Aliendro y a Galv\u00e1n para que ingresen Tob\u00edas Andrada y Manuel Lanzini, que ven\u00eda de jugar un buen encuentro frente a San Mart\u00edn de San Juan el pasado viernes. Y algo de eso encontr\u00f3 el Mellizo.\u00a0<strong>Sin ser una aplanadora, el conjunto visitante al menos pudo acercarse en un par de oportunidades antes de los diez minutos del complemento.<\/strong><\/span><\/p>\n<p><span style=\"color: #000000;\">Facundo Cambeses tuvo problemas para contener un remate de Imanol Machuca y\u00a0<strong>la pelota parec\u00eda haberse metido antes de la segunda reacci\u00f3n del arquero, pero el VAR llam\u00f3 a Esteban Ostojich y el tanto del exUni\u00f3n fue anulado.<\/strong><\/span><\/p>\n<p><span style=\"color: #000000;\">Cuando el reloj empez\u00f3 a presionar a V\u00e9lez, Racing volvi\u00f3 a encontrar espacios en el ataque las chances de gol reaparecieron. Un palo y una nueva gran atajada de Marchiori le permitieron a la visita seguir en partido a falta de diez minutos, pero el cansancio parec\u00eda haber golpeado m\u00e1s a un Fort\u00edn que tuvo que correr todo el primer tiempo detr\u00e1s de la pelota.<\/span><\/p>\n<p><span style=\"color: #000000;\"><strong>Y en una avivada, el conjunto de Gustavo Costas demostr\u00f3 que est\u00e1 hecho para estas noches de Copa. Racing sac\u00f3 r\u00e1pido el centro bajo no pudo ser despejado del todo por Marchiori, que le dej\u00f3 la pelota servida a Santiago Solari.<\/strong><\/span><\/p>\n<p><span style=\"color: #000000;\">La Academia luego supo cerrar el partido y V\u00e9lez no encontr\u00f3 en cinco minutos lo que no hab\u00eda podido lograr en 85\u2019. El equipo de Avellaneda se qued\u00f3 con una llave pareja, pero de manera justa luego del gran primer tiempo disputado en el choque de vuelta. Gustavo Costas tiene al equipo de sus amores a solo tres partidos de la gloria.<\/span><\/p>\n<h2><span style=\"color: #000000;\">\u00bfContra qui\u00e9n y cu\u00e1ndo juega Racing en semifinales?<\/span><\/h2>\n<p><span style=\"color: #000000;\">La Academia se medir\u00e1 con el ganador de la serie que protagonizan Estudiantes y Flamengo, que se impuso 2-1 en la ida, disputada en el Maracan\u00e1 de R\u00edo de Janeiro.<\/span><\/p>\n<p><span style=\"color: #000000;\">Las series de semifinales iniciar\u00e1n en 21 de octubre y se terminar\u00e1 de conocer a los finalistas el 29 del mismo mes. Contra cualquiera que sea el rival, el equipo de Costas jugar\u00e1 el primer partido como visitante.<\/span><\/p>\n<\/div>\n<p>&nbsp;<\/p>\n<p><img decoding=\"async\" src=\"https:\/\/s.yimg.com\/ny\/api\/res\/1.2\/p_.gfxB9AhUPDuqRmbbZYg--\/YXBwaWQ9aGlnaGxhbmRlcjt3PTEyNDI7aD04MjA7Y2Y9d2VicA--\/https:\/\/media.zenfs.com\/es\/es.afp.com\/a9d6233ab8365abdb71b07c0b2108c6d\" alt=\"Racing vence 1-0 a V\u00e9lez y es el primer semifinalista de la Copa Libertadores\" \/><\/p>\n","protected":false},"excerpt":{"rendered":"<p>Racing le gan\u00f3 con claridad a V\u00e9lez en Avellaneda y est\u00e1 en semifinales de la Libertadores. El equipo de Costas super\u00f3 ampliamente al Fort\u00edn y sell\u00f3 la clasificaci\u00f3n con gol de Solari. El VAR le anul\u00f3 un tanto a Machuca. Flamengo o Estudiantes, el pr\u00f3ximo rival. (5:22) Racing\u00a0derrot\u00f3 1-0 a\u00a0V\u00e9lez\u00a0en el choque de\u00a0vuelta\u00a0de los\u00a0cuartos de &hellip;<\/p>\n","protected":false},"author":2,"featured_media":25891,"comment_status":"open","ping_status":"open","sticky":false,"template":"","format":"standard","meta":{"footnotes":""},"categories":[6],"tags":[],"class_list":["post-25890","post","type-post","status-publish","format-standard","has-post-thumbnail","hentry","category-internacionales"],"_links":{"self":[{"href":"https:\/\/www.sportchaco.com.ar\/index.php?rest_route=\/wp\/v2\/posts\/25890","targetHints":{"allow":["GET"]}}],"collection":[{"href":"https:\/\/www.sportchaco.com.ar\/index.php?rest_route=\/wp\/v2\/posts"}],"about":[{"href":"https:\/\/www.sportchaco.com.ar\/index.php?rest_route=\/wp\/v2\/types\/post"}],"author":[{"embeddable":true,"href":"https:\/\/www.sportchaco.com.ar\/index.php?rest_route=\/wp\/v2\/users\/2"}],"replies":[{"embeddable":true,"href":"https:\/\/www.sportchaco.com.ar\/index.php?rest_route=%2Fwp%2Fv2%2Fcomments&post=25890"}],"version-history":[{"count":1,"href":"https:\/\/www.sportchaco.com.ar\/index.php?rest_route=\/wp\/v2\/posts\/25890\/revisions"}],"predecessor-version":[{"id":25892,"href":"https:\/\/www.sportchaco.com.ar\/index.php?rest_route=\/wp\/v2\/posts\/25890\/revisions\/25892"}],"wp:featuredmedia":[{"embeddable":true,"href":"https:\/\/www.sportchaco.com.ar\/index.php?rest_route=\/wp\/v2\/media\/25891"}],"wp:attachment":[{"href":"https:\/\/www.sportchaco.com.ar\/index.php?rest_route=%2Fwp%2Fv2%2Fmedia&parent=25890"}],"wp:term":[{"taxonomy":"category","embeddable":true,"href":"https:\/\/www.sportchaco.com.ar\/index.php?rest_route=%2Fwp%2Fv2%2Fcategories&post=25890"},{"taxonomy":"post_tag","embeddable":true,"href":"https:\/\/www.sportchaco.com.ar\/index.php?rest_route=%2Fwp%2Fv2%2Ftags&post=25890"}],"curies":[{"name":"wp","href":"https:\/\/api.w.org\/{rel}","templated":true}]}}