{"id":2590,"date":"2023-11-06T23:21:34","date_gmt":"2023-11-07T02:21:34","guid":{"rendered":"https:\/\/www.sportchaco.com.ar\/?p=2590"},"modified":"2023-11-06T23:21:34","modified_gmt":"2023-11-07T02:21:34","slug":"diniz-dio-la-lista-de-convocados-de-brasil-para-enfrentar-a-la-seleccion-argentina","status":"publish","type":"post","link":"https:\/\/www.sportchaco.com.ar\/?p=2590","title":{"rendered":"Diniz dio la lista de convocados de Brasil para enfrentar a la Selecci\u00f3n Argentina"},"content":{"rendered":"<h1><\/h1>\n<p class=\"description\">El DT que se acaba de consagrar campe\u00f3n de la Libertadores con Fluminense comparti\u00f3 la n\u00f3mina de citados para la doble fecha de las Eliminatorias.<\/p>\n<div class=\"article-info\">\n<div class=\"article-info-left\">\n<div class=\"article-autor-info\">\n<div class=\"article-autor-name\"><\/div>\n<\/div>\n<\/div>\n<\/div>\n<figure class=\"rat16x9\"><img decoding=\"async\" title=\"Fernando Diniz\" src=\"https:\/\/media.tycsports.com\/files\/2023\/11\/06\/642840\/fernando-diniz_416x234.webp\" srcset=\"https:\/\/media.tycsports.com\/files\/2023\/11\/06\/642840\/fernando-diniz_416x234.webp 480w ,https:\/\/media.tycsports.com\/files\/2023\/11\/06\/642840\/fernando-diniz_862x485.webp 1080w \" alt=\"Fernando Diniz\" \/><\/figure>\n<p>&nbsp;<\/p>\n<p class=\"capital\">Dos d\u00edas despu\u00e9s de haber derrotado a\u00a0Boca\u00a0en la final y alzado la\u00a0Copa Libertadores, Fernando Diniz se sac\u00f3 el campe\u00f3n de Fluminense y se puso el de Brasil, con el que dio a conocer este lunes\u00a0la lista de convocados para la pr\u00f3xima doble fecha de las Eliminatorias Sudamericanas.<\/p>\n<div class=\"watchto-wrap\">\n<div class=\"watchto\"><\/div>\n<\/div>\n<p>El\u00a0<i>Scratch<\/i>, que visitar\u00e1 a Colombia el jueves 16 de noviembre en Barranquilla y el martes 21 recibir\u00e1 a la Selecci\u00f3n Argentina en el Maracan\u00e1, tendr\u00e1\u00a0dos grandes ausencias: las de\u00a0Neymar\u00a0y\u00a0Casemiro, ambos lesionados.<\/p>\n<p>&nbsp;<\/p>\n<p>En el caso del N\u00b010,\u00a0sufri\u00f3 una rotura de ligamentos cruzados en la \u00faltima jornada contra Uruguay y ser\u00e1 baja por m\u00e1s de seis meses, mientras que\u00a0el volante se lesion\u00f3 los isquiotibiales en Manchester United y reci\u00e9n estar\u00e1 disponible en un par de semanas.<\/p>\n<p>&nbsp;<\/p>\n<figure class=\"w-100\"><img decoding=\"async\" title=\"Lista Brasil\" src=\"https:\/\/media.tycsports.com\/files\/2023\/11\/06\/642838\/lista-brasil_w416.webp\" srcset=\"https:\/\/media.tycsports.com\/files\/2023\/11\/06\/642838\/lista-brasil_w416.webp 480w, https:\/\/media.tycsports.com\/files\/2023\/11\/06\/642838\/lista-brasil_w862.webp 1080w\" alt=\"Lista Brasil\" data-src=\"https:\/\/media.tycsports.com\/files\/2023\/11\/06\/642838\/lista-brasil_w416.webp\" data-srcset=\"https:\/\/media.tycsports.com\/files\/2023\/11\/06\/642838\/lista-brasil_w416.webp 480w, https:\/\/media.tycsports.com\/files\/2023\/11\/06\/642838\/lista-brasil_w862.webp 1080w\" \/><\/figure>\n<p>De todas maneras, lo que llam\u00f3 la atenci\u00f3n de la lista de Diniz fue la primera inclusi\u00f3n de\u00a0Endrick, joven promesa de Palmeiras que hace un tiempo fue comprado por Real Madrid. El delantero, de apenas 17 a\u00f1os,\u00a0es el futbolista m\u00e1s joven en ser citado en Brasil desde Ronaldo Nazario en 1994. Adem\u00e1s,\u00a0igual\u00f3 la marca de Pel\u00e9, quien tambi\u00e9n hab\u00eda sido llamado a tan corta edad.<\/p>\n<figure class=\"w-100\"><\/figure>\n<p>Otros que dir\u00e1n presente con la camiseta verdeamarela en la pr\u00f3xima ventana internacional ser\u00e1n\u00a0<b>Nino\u00a0<\/b>y\u00a0<b>Andr\u00e9<\/b>, campeones recientes de la Libertadores con el Flu.<\/p>\n<div class=\"watchto-wrap\">\n<div class=\"watchto\">\n<div class=\"watchto-text\"><\/div>\n<\/div>\n<\/div>\n<p>&nbsp;<\/p>\n<h2>La lista de la selecci\u00f3n de Brasil<\/h2>\n<p>&nbsp;<\/p>\n<ul>\n<li><u>Arqueros<\/u>: Alisson (Liverpool), Ederson (Manchester City), Lucas Perri (Botafogo)<\/li>\n<li><u>Defensores<\/u>: Bremer (Juventus), Gabriel Magalh\u00e3es (Arsenal), Nino (Fluminense), Marquinhos (PSG), Emerson Royal (Tottenham), Carlos Augusto (Inter de Milan), Renan Lodi (Olympique de Marsella)<\/li>\n<li><u>Volantes<\/u>: Andr\u00e9 (Fluminense), Bruno Guimar\u00e3es (Newcastle), Douglas Luiz (Aston Villa), Joelinton (Newcastle), Raphael Veiga (Palmeiras), Rodrygo (Real Madrid)<\/li>\n<li><u>Delanteros<\/u>: Endrick (Palmeiras), Gabriel Jesus (Arsenal), Gabriel Martinelli (Arsenal), Jo\u00e3o Pedro (Brighton), Paulinho (Atl\u00e9tico-MG), Pep\u00ea (Porto), Raphinha (Barcelona) e Vinicius Junior (Real Madrid).<\/li>\n<\/ul>\n<p><strong>Foto de Endrick, figura de 17 a\u00f1os recientemente transferido a Europa por Palmeiras<\/strong><\/p>\n","protected":false},"excerpt":{"rendered":"<p>El DT que se acaba de consagrar campe\u00f3n de la Libertadores con Fluminense comparti\u00f3 la n\u00f3mina de citados para la doble fecha de las Eliminatorias. &nbsp; Dos d\u00edas despu\u00e9s de haber derrotado a\u00a0Boca\u00a0en la final y alzado la\u00a0Copa Libertadores, Fernando Diniz se sac\u00f3 el campe\u00f3n de Fluminense y se puso el de Brasil, con el &hellip;<\/p>\n","protected":false},"author":2,"featured_media":2591,"comment_status":"open","ping_status":"open","sticky":false,"template":"","format":"standard","meta":{"footnotes":""},"categories":[6],"tags":[],"class_list":["post-2590","post","type-post","status-publish","format-standard","has-post-thumbnail","hentry","category-internacionales"],"_links":{"self":[{"href":"https:\/\/www.sportchaco.com.ar\/index.php?rest_route=\/wp\/v2\/posts\/2590","targetHints":{"allow":["GET"]}}],"collection":[{"href":"https:\/\/www.sportchaco.com.ar\/index.php?rest_route=\/wp\/v2\/posts"}],"about":[{"href":"https:\/\/www.sportchaco.com.ar\/index.php?rest_route=\/wp\/v2\/types\/post"}],"author":[{"embeddable":true,"href":"https:\/\/www.sportchaco.com.ar\/index.php?rest_route=\/wp\/v2\/users\/2"}],"replies":[{"embeddable":true,"href":"https:\/\/www.sportchaco.com.ar\/index.php?rest_route=%2Fwp%2Fv2%2Fcomments&post=2590"}],"version-history":[{"count":1,"href":"https:\/\/www.sportchaco.com.ar\/index.php?rest_route=\/wp\/v2\/posts\/2590\/revisions"}],"predecessor-version":[{"id":2592,"href":"https:\/\/www.sportchaco.com.ar\/index.php?rest_route=\/wp\/v2\/posts\/2590\/revisions\/2592"}],"wp:featuredmedia":[{"embeddable":true,"href":"https:\/\/www.sportchaco.com.ar\/index.php?rest_route=\/wp\/v2\/media\/2591"}],"wp:attachment":[{"href":"https:\/\/www.sportchaco.com.ar\/index.php?rest_route=%2Fwp%2Fv2%2Fmedia&parent=2590"}],"wp:term":[{"taxonomy":"category","embeddable":true,"href":"https:\/\/www.sportchaco.com.ar\/index.php?rest_route=%2Fwp%2Fv2%2Fcategories&post=2590"},{"taxonomy":"post_tag","embeddable":true,"href":"https:\/\/www.sportchaco.com.ar\/index.php?rest_route=%2Fwp%2Fv2%2Ftags&post=2590"}],"curies":[{"name":"wp","href":"https:\/\/api.w.org\/{rel}","templated":true}]}}