{"id":25927,"date":"2025-09-24T11:44:22","date_gmt":"2025-09-24T14:44:22","guid":{"rendered":"https:\/\/www.sportchaco.com.ar\/?p=25927"},"modified":"2025-09-24T12:44:22","modified_gmt":"2025-09-24T15:44:22","slug":"homenaje-a-una-leyeporoto-alvarez-el-hombre-que-le-dio-la-vida-al-futbol-de-vilelas","status":"publish","type":"post","link":"https:\/\/www.sportchaco.com.ar\/?p=25927","title":{"rendered":"Homenaje a una leyenda: Poroto\u201d \u00c1lvarez, el hombre que le dio la vida al f\u00fatbol de Vilelas"},"content":{"rendered":"<ol>\n<li><\/li>\n<\/ol>\n<hr \/>\n<p>&nbsp;<\/p>\n<h5>\u00a0En el coraz\u00f3n de Puerto Vilelas, donde el f\u00fatbol corre por las venas de sus habitantes, hay un nombre que resuena con un eco especial: <b>Pedro \u201cPoroto\u201d \u00c1lvarez<\/b>. Hoy cumple sus 84 a\u00f1os, este \u00abproducto 100% portuario\u00bb es un verdadero libro abierto de an\u00e9cdotas, dedicaci\u00f3n y pasi\u00f3n inagotable por la pelota. M\u00e1s que un simple jugador, fue un pilar fundamental en la historia de los dos gigantes locales: Defensores de Vilelas y Don Orione.<\/h5>\n<p>&nbsp;<\/p>\n<p><img loading=\"lazy\" decoding=\"async\" class=\"wp-image-25929 aligncenter\" src=\"https:\/\/www.sportchaco.com.ar\/wp-content\/uploads\/2025\/09\/Poroto-Alvarez-3-300x224.jpg\" alt=\"\" width=\"339\" height=\"253\" srcset=\"https:\/\/www.sportchaco.com.ar\/wp-content\/uploads\/2025\/09\/Poroto-Alvarez-3-300x224.jpg 300w, https:\/\/www.sportchaco.com.ar\/wp-content\/uploads\/2025\/09\/Poroto-Alvarez-3.jpg 600w\" sizes=\"auto, (max-width: 339px) 100vw, 339px\" \/><\/p>\n<p>Apodado \u00abPoroto\u00bb por su padre, quien encontr\u00f3 un parecido f\u00edsico del reci\u00e9n nacido con la legumbre, Pedro \u00c1lvarez hizo su vida entre el c\u00e9sped y las dos camisetas m\u00e1s importantes de su tierra. Su carrera en el f\u00fatbol local comenz\u00f3 en <b>Defensores de Vilelas<\/b>, el club que su padre ayud\u00f3 a fundar en 1945. All\u00ed, en el arco, empez\u00f3 a construir una leyenda que lo llevar\u00eda a lo m\u00e1s alto.<\/p>\n<p>Pero la historia de \u00abPoroto\u00bb no se limita a su rol como jugador. Con una visi\u00f3n de dirigente, regres\u00f3 al club de sus or\u00edgenes para convertirse en presidente, y bajo su mandato se construy\u00f3 el actual estadio de Defensores. Fue un hombre que no solo defendi\u00f3 los colores en la cancha, sino que se dedic\u00f3 a engrandecer la instituci\u00f3n desde la dirigencia, un compromiso reconocido incluso por la Liga Chaque\u00f1a en 1989.<\/p>\n<hr \/>\n<p>&nbsp;<\/p>\n<h3><b>De Vilelas al Torneo Nacional<\/b><\/h3>\n<p>&nbsp;<\/p>\n<p>El destino de \u00c1lvarez lo llev\u00f3 a su \u00absegunda casa deportiva\u00bb, <b>Don Orione<\/b>, a los 24 a\u00f1os. Fue en el Portuario donde vivi\u00f3 sus a\u00f1os m\u00e1s gloriosos, atajando en la d\u00e9cada m\u00e1s exitosa de la instituci\u00f3n. En 1971, su talento en el arco fue clave para el club lograra el ascenso al <b>Torneo Nacional<\/b>, un hito que lo llev\u00f3 a representar al Chaco y a enfrentar a los equipos m\u00e1s grandes del f\u00fatbol argentino, como River Plate, Independiente y Hurac\u00e1n, dejando una huella imborrable en el f\u00fatbol del interior.<\/p>\n<p>\u00abPoroto\u00bb \u00c1lvarez no fue un arquero m\u00e1s; su valent\u00eda bajo los tres palos dej\u00f3 marcas en sus manos y un lugar en la historia. A pesar de haber jugado en las m\u00e1ximas ligas, el hombre conserva la humildad y el entusiasmo de un joven, moviendo sus manos mientras cuenta sus an\u00e9cdotas, como la de su debut en Primera a los 16 a\u00f1os, cuando tuvo que jugar a escondidas de sus padres para no descuidar sus estudios.<\/p>\n<p>El legado de Pedro \u00c1lvarez es una lecci\u00f3n de pasi\u00f3n y compromiso, un ejemplo de c\u00f3mo el amor por un club y por un deporte puede trascender la cancha y construir una comunidad. Es un homenaje a los valores de la vieja escuela, donde el esfuerzo y la dedicaci\u00f3n eran la prioridad, tanto en el estudio como en el campo de juego.<\/p>\n<p>Hoy, a sus 84<\/p>\n<p>a\u00f1os, don Pedro sigue viviendo el f\u00fatbol con la misma emoci\u00f3n de aquel joven que se met\u00eda al arco a escondidas. Su legado, sin duda, sigue vivo en cada rinc\u00f3n de Puerto Vilelas.<\/p>\n<p><img loading=\"lazy\" decoding=\"async\" class=\"alignnone size-medium wp-image-25928 aligncenter\" src=\"https:\/\/www.sportchaco.com.ar\/wp-content\/uploads\/2025\/09\/Poroto-Alvarez-300x300.jpg\" alt=\"\" width=\"300\" height=\"300\" srcset=\"https:\/\/www.sportchaco.com.ar\/wp-content\/uploads\/2025\/09\/Poroto-Alvarez-300x300.jpg 300w, https:\/\/www.sportchaco.com.ar\/wp-content\/uploads\/2025\/09\/Poroto-Alvarez-150x150.jpg 150w, https:\/\/www.sportchaco.com.ar\/wp-content\/uploads\/2025\/09\/Poroto-Alvarez.jpg 640w\" sizes=\"auto, (max-width: 300px) 100vw, 300px\" \/><\/p>\n<p>&nbsp;<\/p>\n<p><img loading=\"lazy\" decoding=\"async\" class=\"alignnone wp-image-25827\" src=\"https:\/\/www.sportchaco.com.ar\/wp-content\/uploads\/2025\/09\/Luis-carita-287x300-4.jpg\" alt=\"\" width=\"67\" height=\"70\" \/> <strong>Por LUIS DARIO MOLODEZKY<\/strong><\/p>\n","protected":false},"excerpt":{"rendered":"<p>&nbsp; \u00a0En el coraz\u00f3n de Puerto Vilelas, donde el f\u00fatbol corre por las venas de sus habitantes, hay un nombre que resuena con un eco especial: Pedro \u201cPoroto\u201d \u00c1lvarez. Hoy cumple sus 84 a\u00f1os, este \u00abproducto 100% portuario\u00bb es un verdadero libro abierto de an\u00e9cdotas, dedicaci\u00f3n y pasi\u00f3n inagotable por la pelota. M\u00e1s que un &hellip;<\/p>\n","protected":false},"author":2,"featured_media":25928,"comment_status":"open","ping_status":"open","sticky":false,"template":"","format":"standard","meta":{"footnotes":""},"categories":[1],"tags":[],"class_list":["post-25927","post","type-post","status-publish","format-standard","has-post-thumbnail","hentry","category-fotos-del-recuerdo"],"_links":{"self":[{"href":"https:\/\/www.sportchaco.com.ar\/index.php?rest_route=\/wp\/v2\/posts\/25927","targetHints":{"allow":["GET"]}}],"collection":[{"href":"https:\/\/www.sportchaco.com.ar\/index.php?rest_route=\/wp\/v2\/posts"}],"about":[{"href":"https:\/\/www.sportchaco.com.ar\/index.php?rest_route=\/wp\/v2\/types\/post"}],"author":[{"embeddable":true,"href":"https:\/\/www.sportchaco.com.ar\/index.php?rest_route=\/wp\/v2\/users\/2"}],"replies":[{"embeddable":true,"href":"https:\/\/www.sportchaco.com.ar\/index.php?rest_route=%2Fwp%2Fv2%2Fcomments&post=25927"}],"version-history":[{"count":5,"href":"https:\/\/www.sportchaco.com.ar\/index.php?rest_route=\/wp\/v2\/posts\/25927\/revisions"}],"predecessor-version":[{"id":25950,"href":"https:\/\/www.sportchaco.com.ar\/index.php?rest_route=\/wp\/v2\/posts\/25927\/revisions\/25950"}],"wp:featuredmedia":[{"embeddable":true,"href":"https:\/\/www.sportchaco.com.ar\/index.php?rest_route=\/wp\/v2\/media\/25928"}],"wp:attachment":[{"href":"https:\/\/www.sportchaco.com.ar\/index.php?rest_route=%2Fwp%2Fv2%2Fmedia&parent=25927"}],"wp:term":[{"taxonomy":"category","embeddable":true,"href":"https:\/\/www.sportchaco.com.ar\/index.php?rest_route=%2Fwp%2Fv2%2Fcategories&post=25927"},{"taxonomy":"post_tag","embeddable":true,"href":"https:\/\/www.sportchaco.com.ar\/index.php?rest_route=%2Fwp%2Fv2%2Ftags&post=25927"}],"curies":[{"name":"wp","href":"https:\/\/api.w.org\/{rel}","templated":true}]}}