{"id":25940,"date":"2025-09-24T19:08:45","date_gmt":"2025-09-24T22:08:45","guid":{"rendered":"https:\/\/www.sportchaco.com.ar\/?p=25940"},"modified":"2025-09-24T19:08:45","modified_gmt":"2025-09-24T22:08:45","slug":"pancaldo-con-cambio-obligado-para-ir-a-remedios-de-escalada","status":"publish","type":"post","link":"https:\/\/www.sportchaco.com.ar\/?p=25940","title":{"rendered":"Pancaldo con cambio obligado para ir a Remedios de Escalada"},"content":{"rendered":"<p><strong>24-09-2025<\/strong><\/p>\n<p><img loading=\"lazy\" decoding=\"async\" class=\"aligncenter size-large wp-image-20099\" src=\"https:\/\/www.sportchaco.com.ar\/wp-content\/uploads\/2025\/06\/728x90-1024x127.gif\" alt=\"\" width=\"1024\" height=\"127\" srcset=\"https:\/\/www.sportchaco.com.ar\/wp-content\/uploads\/2025\/06\/728x90-1024x127.gif 1024w, https:\/\/www.sportchaco.com.ar\/wp-content\/uploads\/2025\/06\/728x90-300x37.gif 300w, https:\/\/www.sportchaco.com.ar\/wp-content\/uploads\/2025\/06\/728x90-768x95.gif 768w, https:\/\/www.sportchaco.com.ar\/wp-content\/uploads\/2025\/06\/728x90-1536x190.gif 1536w, https:\/\/www.sportchaco.com.ar\/wp-content\/uploads\/2025\/06\/728x90-2048x254.gif 2048w\" sizes=\"auto, (max-width: 1024px) 100vw, 1024px\" \/><\/p>\n<p>For Ever dej\u00f3 atr\u00e1s el buen triunfo obtenido ante Estudiantes de R\u00edo Cuarto y ya esta pensando en el partido de este s\u00e1bado ante Talleres de Remedio de Escalada.<\/p>\n<p>El encuentro v\u00e1lido por la 33\u00aa y pen\u00faltima fecha de la zona B de la Primera Nacional de f\u00fatbol ir\u00e1 desde las 15:30 horas y estar\u00e1 arbitrado por Carlos C\u00f3rdoba, quien estar\u00e1 asistido por Nahuel Rasullo y Malvina Schiell; el cuarto \u00e1rbitro ser\u00e1 Kevin Alegre.<\/p>\n<p>Desde lo futbol\u00edstico, el entrenador Ricardo Pancaldo, est\u00e1 obligado a realizar una variante en su equipo porque el lateral Alan Luque lleg\u00f3 a la quinta tarjeta amarilla y deber\u00e1 cumplir con una fecha de suspensi\u00f3n. Ramiro Fern\u00e1ndez o Gino Barbieri son las opciones que maneja el DT para la banda izquierda de la defensa. El resto del equipo ser\u00edan los que salieron ante el \u00abceleste\u00bb de R\u00edo Cuarto en el \u00abJuan Alberto Garc\u00eda\u00bb.<\/p>\n<p>Seg\u00fan el jugador que elija Pancaldo habr\u00eda unos corrimientos en la \u00faltima l\u00ednea del equipo. En consecuencia el \u00ab11\u00bb ser\u00eda con Gast\u00f3n Canuto; Mauricio Rosales, David Valdez, Mathias Silvera o Gino Barbieri y Ramiro Fern\u00e1ndez o Mathias Silvera; Santiago Valenzuela, Santiago \u00dabeda, Maximiliano Romero y Joaqu\u00edn Mateo; Leonardo Marinucci y Mat\u00edas Romero.<\/p>\n<p>For Ever lograr\u00e1 el pasaje al Reducido si le gana a Talleres, ya que le sacar\u00e1 como m\u00ednimo cuatro puntos de ventaja a Chacarita (hoy noveno) con una fecha por jugar. A la primera fase del Reducido clasifican los que terminen del segundo al octavo puestos de cada zona (siete partidos) y en cuartos de final se suma el perdedor de la final por el primer ascenso.<\/p>\n<p>Si el \u00abnegro\u00bb gana los dos partidos que le quedan (en la \u00faltima recibe a Deportivo Mor\u00f3n) se asegurar\u00e1 como m\u00ednimo terminar como el mejor quinto de ambas zonas, cuesti\u00f3n que le permitir\u00eda jugar de local (y con ventaja deportiva) la primera fase del Reducido. Es decir, que con un empate en dicha instancia lograr\u00e1 el pasaje a cuartos de final; de all\u00ed la importancia de ganar los dos partidos que quedan en la fase regular.<\/p>\n<p><img loading=\"lazy\" decoding=\"async\" class=\"aligncenter size-full wp-image-16658\" src=\"https:\/\/www.sportchaco.com.ar\/wp-content\/uploads\/2025\/02\/gob-bombeo.jpg\" alt=\"\" width=\"480\" height=\"600\" srcset=\"https:\/\/www.sportchaco.com.ar\/wp-content\/uploads\/2025\/02\/gob-bombeo.jpg 480w, https:\/\/www.sportchaco.com.ar\/wp-content\/uploads\/2025\/02\/gob-bombeo-240x300.jpg 240w\" sizes=\"auto, (max-width: 480px) 100vw, 480px\" \/><\/p>\n","protected":false},"excerpt":{"rendered":"<p>24-09-2025 For Ever dej\u00f3 atr\u00e1s el buen triunfo obtenido ante Estudiantes de R\u00edo Cuarto y ya esta pensando en el partido de este s\u00e1bado ante Talleres de Remedio de Escalada. El encuentro v\u00e1lido por la 33\u00aa y pen\u00faltima fecha de la zona B de la Primera Nacional de f\u00fatbol ir\u00e1 desde las 15:30 horas y &hellip;<\/p>\n","protected":false},"author":3,"featured_media":12684,"comment_status":"open","ping_status":"open","sticky":false,"template":"","format":"standard","meta":{"footnotes":""},"categories":[5],"tags":[],"class_list":["post-25940","post","type-post","status-publish","format-standard","has-post-thumbnail","hentry","category-futbol"],"_links":{"self":[{"href":"https:\/\/www.sportchaco.com.ar\/index.php?rest_route=\/wp\/v2\/posts\/25940","targetHints":{"allow":["GET"]}}],"collection":[{"href":"https:\/\/www.sportchaco.com.ar\/index.php?rest_route=\/wp\/v2\/posts"}],"about":[{"href":"https:\/\/www.sportchaco.com.ar\/index.php?rest_route=\/wp\/v2\/types\/post"}],"author":[{"embeddable":true,"href":"https:\/\/www.sportchaco.com.ar\/index.php?rest_route=\/wp\/v2\/users\/3"}],"replies":[{"embeddable":true,"href":"https:\/\/www.sportchaco.com.ar\/index.php?rest_route=%2Fwp%2Fv2%2Fcomments&post=25940"}],"version-history":[{"count":1,"href":"https:\/\/www.sportchaco.com.ar\/index.php?rest_route=\/wp\/v2\/posts\/25940\/revisions"}],"predecessor-version":[{"id":25948,"href":"https:\/\/www.sportchaco.com.ar\/index.php?rest_route=\/wp\/v2\/posts\/25940\/revisions\/25948"}],"wp:featuredmedia":[{"embeddable":true,"href":"https:\/\/www.sportchaco.com.ar\/index.php?rest_route=\/wp\/v2\/media\/12684"}],"wp:attachment":[{"href":"https:\/\/www.sportchaco.com.ar\/index.php?rest_route=%2Fwp%2Fv2%2Fmedia&parent=25940"}],"wp:term":[{"taxonomy":"category","embeddable":true,"href":"https:\/\/www.sportchaco.com.ar\/index.php?rest_route=%2Fwp%2Fv2%2Fcategories&post=25940"},{"taxonomy":"post_tag","embeddable":true,"href":"https:\/\/www.sportchaco.com.ar\/index.php?rest_route=%2Fwp%2Fv2%2Ftags&post=25940"}],"curies":[{"name":"wp","href":"https:\/\/api.w.org\/{rel}","templated":true}]}}