{"id":25951,"date":"2025-09-24T23:51:18","date_gmt":"2025-09-25T02:51:18","guid":{"rendered":"https:\/\/www.sportchaco.com.ar\/?p=25951"},"modified":"2025-09-25T00:37:11","modified_gmt":"2025-09-25T03:37:11","slug":"empleados-de-comercio-es-de-primera","status":"publish","type":"post","link":"https:\/\/www.sportchaco.com.ar\/?p=25951","title":{"rendered":"\u00a1Empleados de Comercio es de Primera!"},"content":{"rendered":"<p><strong>25-09-2025<\/strong><\/p>\n<p><img loading=\"lazy\" decoding=\"async\" class=\"aligncenter size-full wp-image-20491\" src=\"https:\/\/www.sportchaco.com.ar\/wp-content\/uploads\/2025\/06\/PARQUE-SOLAR_720x90-01.gif\" alt=\"\" width=\"720\" height=\"90\" \/><\/p>\n<p>Club Empleados de Comercio se qued\u00f3 con el campeonato Oficial de la Primera \u00abB\u00bb 2025 de la Liga Chaque\u00f1a de f\u00fatbol tras derrotar en la tanda de penales a Los L\u00edricos por 4 a 2.<\/p>\n<p>Durante el partido, disputado en el \u00abJuan Alberto Garc\u00eda\u00bb de For Ever, fue empate 2 a 2. Esteban Espinoza y Andr\u00e9s Aguirre habi\u00e1n puesto dos veces en ventaja al equipo \u00abmercantil\u00bb, mientras que Ra\u00fal Gonz\u00e1lez y Manuel Ledesma lo empataron para el \u00abtricolor\u00bb.<\/p>\n<p>En su segunda incursi\u00f3n en la categor\u00eda del ascenso liguista, Empleados de Comercio logra un ascenso a la Primera Divisi\u00f3n donde tendr\u00e1, en 2026, su primera experiencia.<\/p>\n<p>Por su parte, Los L\u00edricos, tendr\u00e1 asegurada la disputa de una Promoci\u00f3n con los equipos de la \u00abA\u00bb liguista para buscar el ascenso a la Primera Divisi\u00f3n.<\/p>\n<p><em><strong>Foto: Gentileza Eugenia Linares\u00a0<\/strong><\/em><\/p>\n<p><img loading=\"lazy\" decoding=\"async\" class=\"aligncenter size-full wp-image-16658\" src=\"https:\/\/www.sportchaco.com.ar\/wp-content\/uploads\/2025\/02\/gob-bombeo.jpg\" alt=\"\" width=\"480\" height=\"600\" srcset=\"https:\/\/www.sportchaco.com.ar\/wp-content\/uploads\/2025\/02\/gob-bombeo.jpg 480w, https:\/\/www.sportchaco.com.ar\/wp-content\/uploads\/2025\/02\/gob-bombeo-240x300.jpg 240w\" sizes=\"auto, (max-width: 480px) 100vw, 480px\" \/><\/p>\n","protected":false},"excerpt":{"rendered":"<p>25-09-2025 Club Empleados de Comercio se qued\u00f3 con el campeonato Oficial de la Primera \u00abB\u00bb 2025 de la Liga Chaque\u00f1a de f\u00fatbol tras derrotar en la tanda de penales a Los L\u00edricos por 4 a 2. Durante el partido, disputado en el \u00abJuan Alberto Garc\u00eda\u00bb de For Ever, fue empate 2 a 2. Esteban Espinoza &hellip;<\/p>\n","protected":false},"author":3,"featured_media":25977,"comment_status":"open","ping_status":"open","sticky":false,"template":"","format":"standard","meta":{"footnotes":""},"categories":[5],"tags":[],"class_list":["post-25951","post","type-post","status-publish","format-standard","has-post-thumbnail","hentry","category-futbol"],"_links":{"self":[{"href":"https:\/\/www.sportchaco.com.ar\/index.php?rest_route=\/wp\/v2\/posts\/25951","targetHints":{"allow":["GET"]}}],"collection":[{"href":"https:\/\/www.sportchaco.com.ar\/index.php?rest_route=\/wp\/v2\/posts"}],"about":[{"href":"https:\/\/www.sportchaco.com.ar\/index.php?rest_route=\/wp\/v2\/types\/post"}],"author":[{"embeddable":true,"href":"https:\/\/www.sportchaco.com.ar\/index.php?rest_route=\/wp\/v2\/users\/3"}],"replies":[{"embeddable":true,"href":"https:\/\/www.sportchaco.com.ar\/index.php?rest_route=%2Fwp%2Fv2%2Fcomments&post=25951"}],"version-history":[{"count":6,"href":"https:\/\/www.sportchaco.com.ar\/index.php?rest_route=\/wp\/v2\/posts\/25951\/revisions"}],"predecessor-version":[{"id":25979,"href":"https:\/\/www.sportchaco.com.ar\/index.php?rest_route=\/wp\/v2\/posts\/25951\/revisions\/25979"}],"wp:featuredmedia":[{"embeddable":true,"href":"https:\/\/www.sportchaco.com.ar\/index.php?rest_route=\/wp\/v2\/media\/25977"}],"wp:attachment":[{"href":"https:\/\/www.sportchaco.com.ar\/index.php?rest_route=%2Fwp%2Fv2%2Fmedia&parent=25951"}],"wp:term":[{"taxonomy":"category","embeddable":true,"href":"https:\/\/www.sportchaco.com.ar\/index.php?rest_route=%2Fwp%2Fv2%2Fcategories&post=25951"},{"taxonomy":"post_tag","embeddable":true,"href":"https:\/\/www.sportchaco.com.ar\/index.php?rest_route=%2Fwp%2Fv2%2Ftags&post=25951"}],"curies":[{"name":"wp","href":"https:\/\/api.w.org\/{rel}","templated":true}]}}